{"id":107687,"date":"2025-05-13T15:52:10","date_gmt":"2025-05-13T15:52:10","guid":{"rendered":"https:\/\/www.europesays.com\/de\/107687\/"},"modified":"2025-05-13T15:52:10","modified_gmt":"2025-05-13T15:52:10","slug":"atmosphaere-der-angst-beim-hamburg-ballett-waechst-die-kritik-am-nachfolger-von-john-neumeier","status":"publish","type":"post","link":"https:\/\/www.europesays.com\/de\/107687\/","title":{"rendered":"Atmosph\u00e4re der Angst?: Beim Hamburg Ballett w\u00e4chst die Kritik am Nachfolger von John Neumeier"},"content":{"rendered":"<p>Das international bekannte Hamburg Ballett kommt nicht zur Ruhe. Bei ihren Vorw\u00fcrfen gegen Intendant Demis Volpi erhalten die T\u00e4nzerinnen und T\u00e4nzer der Compagnie nun Unterst\u00fctzung aus D\u00fcsseldorf. Dort war Volpi vier Jahre lang Ballettchef, bevor er in Hamburg auf John Neumeier folgte.<\/p>\n<p class=\"is-first-paragraph\" data-external=\"Article.FirstParagraph\">Die Krise beim weltweit bekannten Hamburg Ballett spitzt sich zu. Nachdem mehrere Erste Solistinnen und Solisten der Compagnie gek\u00fcndigt haben und Start\u00e4nzer Alexandr Trusch den neuen Intendanten Demis Volpi \u00f6ffentlich kritisiert hatte, tauchen nun neue Vorw\u00fcrfe auf. Demnach untermauern 17 derzeitige und ehemalige T\u00e4nzerinnen und T\u00e4nzer aus <a class=\"is-link c-block-items__link c-link--rich-text-renderer\" href=\"https:\/\/www.welt.de\/themen\/duesseldorf\/\" title=\"Nachrichten, Bilder, Videos und Reisetipps zu D\u00fcsseldorf finden Sie auf unserer Themenseite.\" data-internal-tracking-enabled=\"true\" data-internal-tracking=\"{&quot;action&quot;:&quot;click&quot;,&quot;label&quot;:&quot;link&quot;,&quot;name&quot;:&quot;Inline Element&quot;,&quot;data&quot;:{&quot;source&quot;:&quot;&quot;,&quot;target&quot;:&quot;https:\/\/www.welt.de\/themen\/duesseldorf\/&quot;,&quot;trackingName&quot;:&quot;Nachrichten, Bilder, Videos und Reisetipps zu D\u00fcsseldorf finden Sie auf unserer Themenseite.&quot;,&quot;trackingLabel&quot;:&quot;Nachrichten, Bilder, Videos und Reisetipps zu D\u00fcsseldorf finden Sie auf unserer Themenseite.&quot;}}\" target=\"_blank\" rel=\"noopener\">D\u00fcsseldorf<\/a> in einem Brief an Hamburgs Kultursenator Carsten Brosda (SPD) die Anschuldigungen an den Ballettchef, wie der NDR berichtet. Volpi leitete vier Jahre lang das \u201eBallett am Rhein\u201c, ehe er in <a class=\"is-link c-block-items__link c-link--rich-text-renderer\" href=\"https:\/\/www.welt.de\/themen\/hamburg-staedtereise\/\" title=\"Nachrichten, Bilder, Videos und Reisetipps zu Hamburg finden Sie auf unserer Themenseite.\" data-internal-tracking-enabled=\"true\" data-internal-tracking=\"{&quot;action&quot;:&quot;click&quot;,&quot;label&quot;:&quot;link&quot;,&quot;name&quot;:&quot;Inline Element&quot;,&quot;data&quot;:{&quot;source&quot;:&quot;&quot;,&quot;target&quot;:&quot;https:\/\/www.welt.de\/themen\/hamburg-staedtereise\/&quot;,&quot;trackingName&quot;:&quot;Nachrichten, Bilder, Videos und Reisetipps zu Hamburg finden Sie auf unserer Themenseite.&quot;,&quot;trackingLabel&quot;:&quot;Nachrichten, Bilder, Videos und Reisetipps zu Hamburg finden Sie auf unserer Themenseite.&quot;}}\" target=\"_blank\" rel=\"noopener\">Hamburg<\/a> auf <a class=\"is-link c-block-items__link c-link--rich-text-renderer\" href=\"https:\/\/www.welt.de\/article252257444\" data-internal-tracking-enabled=\"true\" data-internal-tracking=\"{&quot;action&quot;:&quot;click&quot;,&quot;label&quot;:&quot;link&quot;,&quot;name&quot;:&quot;Inline Element&quot;,&quot;data&quot;:{&quot;source&quot;:&quot;&quot;,&quot;target&quot;:&quot;\/article252257444&quot;,&quot;trackingName&quot;:&quot;&quot;,&quot;trackingLabel&quot;:&quot;&quot;}}\" target=\"_blank\" rel=\"noopener\">John Neumeier<\/a> folgte.<\/p>\n<p>Der Brief, der dem NDR vorliegt, sei eine Solidarit\u00e4tsbekundung. So hei\u00dft es in dem Schreiben, dass der heute 39-j\u00e4hrige Volpi in D\u00fcsseldorf ein Arbeitsumfeld geschaffen habe, das von \u201einkonsequenter Kommunikation, mangelnder Transparenz, einer Atmosph\u00e4re der Angst und Unsicherheit gepr\u00e4gt\u201c war. Versprechungen und Anweisungen h\u00e4tten sich oft widersprochen, was bei den T\u00e4nzerinnen und T\u00e4nzern zu Verwirrung und Frustration gef\u00fchrt habe. <\/p>\n<p>Zudem wurde konstruktives Feedback h\u00e4ufig mit negativen Konsequenzen beantwortet, was den offenen Austausch erschwerte und das Vertrauen untergrub, wie der NDR weiter aus dem Brief zitiert. \u201eF\u00fcr viele wurde die Erfahrung nicht nur entmutigend, sondern auch traumatisch, was sich negativ auf ihr Selbstvertrauen, ihre Motivation und ihr allgemeines Wohlbefinden auswirkte.\u201c Die Arbeitsatmosph\u00e4re sei derartig belastend gewesen, dass beim \u201eBallett am Rhein\u201c langj\u00e4hrige T\u00e4nzerinnen und T\u00e4nzer vor Ablauf ihrer Vertr\u00e4ge gek\u00fcndigt h\u00e4tten \u2013 dies sei ein in der Ballettszene \u00e4u\u00dferst ungew\u00f6hnlicher Vorgang. <\/p>\n<p>In Hamburg hatten k\u00fcrzlich ebenfalls f\u00fcnf der elf Ersten Solisten zum Ende der laufenden Spielzeit gek\u00fcndigt, darunter die Stars Madoka Sudai und Trusch. Gut 30 weitere T\u00e4nzerinnen und T\u00e4nzer unterzeichneten einen Brandbrief an Kultursenator Brosda , in dem sie von einem \u201etoxischen Arbeitsklima\u201c berichteten. \u00dcberdies zeigte sich Trusch, der seit 18 Jahren in Hamburg tanzt, in einem NDR-Bericht \u201eunfassbar entt\u00e4uscht von der Qualit\u00e4t und von diesem Mittelma\u00df\u201c. <\/p>\n<p>\u201eWir nehmen die Vorw\u00fcrfe ernst\u201c<\/p>\n<p>Mit Blick auf die Anschuldigungen aus D\u00fcsseldorf schreibt Brosda auf Anfrage des NDR: \u201eWir nehmen die Vorw\u00fcrfe sehr ernst und f\u00fchren im Hintergrund sehr viele Gespr\u00e4che, damit alle Seiten aufeinander zugehen und wieder zu einem konstruktiven und vertrauensvollen Austausch kommen.\u201c F\u00fcr die L\u00f6sung der aktuellen Konflikte am Hamburg Ballett brauche es ein erneuertes Miteinander. Die Bereitschaft dazu auf allen Seiten sei die Voraussetzung daf\u00fcr, dass die offensichtlich notwendigen Ver\u00e4nderungen gemeinsam gestaltet und getragen werden k\u00f6nnten. <\/p>\n<p>Die ersten Schritte mit externer Begleitung sind dazu laut Brosda gemacht, der weitere Weg m\u00fcsse sehr ernsthaft und selbstkritisch gegangen werden. \u201eIntendanz und Kompagnie m\u00fcssen jetzt schnell gemeinsam L\u00f6sungen finden, um zu verhindern, dass alle weiter Schaden nehmen\u201c, betont der Kultursenator. <\/p>\n<p>Demis Volpi wollte sich nach Angaben des NDR nicht zu dem Brief aus D\u00fcsseldorf \u00e4u\u00dfern. Sein <a class=\"is-link c-block-items__link c-link--rich-text-renderer\" href=\"https:\/\/www.welt.de\/article253764514\" data-internal-tracking-enabled=\"true\" data-internal-tracking=\"{&quot;action&quot;:&quot;click&quot;,&quot;label&quot;:&quot;link&quot;,&quot;name&quot;:&quot;Inline Element&quot;,&quot;data&quot;:{&quot;source&quot;:&quot;&quot;,&quot;target&quot;:&quot;\/article253764514&quot;,&quot;trackingName&quot;:&quot;&quot;,&quot;trackingLabel&quot;:&quot;&quot;}}\" target=\"_blank\" rel=\"noopener\">Amt<\/a> in Hamburg \u00fcbernahm der Deutsch-Argentinier zu Beginn der Spielzeit 2024\/25 vom 86-j\u00e4hrigen Choreografen John Neumeier, der die Compagnie aufgebaut und von 1973 bis 2024 geleitet hatte. <\/p>\n<p>Im <a class=\"is-link c-block-items__link c-link--rich-text-renderer\" href=\"https:\/\/www.welt.de\/article256077578\" data-internal-tracking-enabled=\"true\" data-internal-tracking=\"{&quot;action&quot;:&quot;click&quot;,&quot;label&quot;:&quot;link&quot;,&quot;name&quot;:&quot;Inline Element&quot;,&quot;data&quot;:{&quot;source&quot;:&quot;&quot;,&quot;target&quot;:&quot;\/article256077578&quot;,&quot;trackingName&quot;:&quot;&quot;,&quot;trackingLabel&quot;:&quot;&quot;}}\" target=\"_blank\" rel=\"noopener\">Gespr\u00e4ch<\/a> mit WELT erkl\u00e4rte Volpi k\u00fcrzlich: \u201eIch habe damit gerechnet, dass diese Transition schwierig wird, weil jeder Wechsel dieser Dimension f\u00fcr alle Beteiligten eine Herausforderung darstellt.\u201c Er h\u00e4tte sich aber erhofft, \u201edass wir die Herausforderung als Compagnie intern miteinander im respektvollen Umgang meistern k\u00f6nnen\u201c und bleibe \u201etrotz allem \u00fcberzeugt, dass es gelingen kann\u201c. Er sei zuversichtlich, \u201eeine Kultur zu festigen, die auf gegenseitigem Respekt beruht\u201c. <\/p>\n<p>Doch die Zeit dr\u00e4ngt: Denn die 50. Ausgabe der Hamburger Ballett-Tage wird am 6. Juli mit der Urauff\u00fchrung von &#8222;Demian&#8220; er\u00f6ffnet, der ersten abendf\u00fcllenden Kreation von Intendant Volpi f\u00fcr das Hamburg Ballett. Das Festival bildet j\u00e4hrlich den H\u00f6hepunkt und Abschluss der aktuellen Spielzeit und soll \u201ewie unter einem Brennglas die geballte Vielfalt des Hamburg Ballett in nur zwei Wochen zusammenf\u00fchren\u201c.<\/p>\n","protected":false},"excerpt":{"rendered":"Das international bekannte Hamburg Ballett kommt nicht zur Ruhe. Bei ihren Vorw\u00fcrfen gegen Intendant Demis Volpi erhalten die&hellip;\n","protected":false},"author":2,"featured_media":107688,"comment_status":"","ping_status":"","sticky":false,"template":"","format":"standard","meta":{"footnotes":""},"categories":[1826],"tags":[37204,6440,29,30,692,35863,36401,37203,80,37202,6907,45,15398],"class_list":{"0":"post-107687","1":"post","2":"type-post","3":"status-publish","4":"format-standard","5":"has-post-thumbnail","7":"category-hamburg","8":"tag-brosda","9":"tag-carsten","10":"tag-deutschland","11":"tag-germany","12":"tag-hamburg","13":"tag-hamburg-ballett","14":"tag-hamburgische-staatsoper","15":"tag-john","16":"tag-kultur","17":"tag-neumeier","18":"tag-tanz","19":"tag-texttospeech","20":"tag-werner-jana"},"share_on_mastodon":{"url":"https:\/\/pubeurope.com\/@de\/114501330078091892","error":""},"_links":{"self":[{"href":"https:\/\/www.europesays.com\/de\/wp-json\/wp\/v2\/posts\/107687","targetHints":{"allow":["GET"]}}],"collection":[{"href":"https:\/\/www.europesays.com\/de\/wp-json\/wp\/v2\/posts"}],"about":[{"href":"https:\/\/www.europesays.com\/de\/wp-json\/wp\/v2\/types\/post"}],"author":[{"embeddable":true,"href":"https:\/\/www.europesays.com\/de\/wp-json\/wp\/v2\/users\/2"}],"replies":[{"embeddable":true,"href":"https:\/\/www.europesays.com\/de\/wp-json\/wp\/v2\/comments?post=107687"}],"version-history":[{"count":0,"href":"https:\/\/www.europesays.com\/de\/wp-json\/wp\/v2\/posts\/107687\/revisions"}],"wp:featuredmedia":[{"embeddable":true,"href":"https:\/\/www.europesays.com\/de\/wp-json\/wp\/v2\/media\/107688"}],"wp:attachment":[{"href":"https:\/\/www.europesays.com\/de\/wp-json\/wp\/v2\/media?parent=107687"}],"wp:term":[{"taxonomy":"category","embeddable":true,"href":"https:\/\/www.europesays.com\/de\/wp-json\/wp\/v2\/categories?post=107687"},{"taxonomy":"post_tag","embeddable":true,"href":"https:\/\/www.europesays.com\/de\/wp-json\/wp\/v2\/tags?post=107687"}],"curies":[{"name":"wp","href":"https:\/\/api.w.org\/{rel}","templated":true}]}}