{"id":1076902,"date":"2026-06-07T15:46:21","date_gmt":"2026-06-07T15:46:21","guid":{"rendered":"https:\/\/www.europesays.com\/de\/1076902\/"},"modified":"2026-06-07T15:46:21","modified_gmt":"2026-06-07T15:46:21","slug":"sc-dhfk-leipzig-zieht-gwd-minden-mit-runter-in-die-2-bundesliga","status":"publish","type":"post","link":"https:\/\/www.europesays.com\/de\/1076902\/","title":{"rendered":"SC DHfK Leipzig zieht GWD Minden mit runter in die 2. Bundesliga"},"content":{"rendered":"<p>        <img decoding=\"async\" src=\"https:\/\/www.europesays.com\/de\/wp-content\/uploads\/2026\/06\/sc-dhfk-leipzig-442.webp\" alt=\"Franz Semper (am Ball) war mit f\u00fcnf Toren der beste DHfK-Sch\u00fctze gegen Minden.\" title=\"Franz Semper (am Ball) war mit f\u00fcnf Toren der beste DHfK-Sch\u00fctze gegen Minden. | IMAGO \/ Beautiful Sports\" class=\"responsive\"\/><\/p>\n<p>AUDIO: Sport im Osten bei MDR AKTUELL \u2013 Das Nachrichtenradio (10 Min)<\/p>\n<p class=\"topline\">Handball | Bundesliga<\/p>\n<p>\n                Stand: 07.06.2026 17:38 Uhr<\/p>\n<p class=\"preface\">Der bereits zuvor abgestiegene SC DHfK Leipzig verabschiedet sich mit einem Heimsieg aus der Bundesliga \u2013 der in der s\u00e4chsischen Messestadt dramatisch unterlegene TSV GWD Minden muss dadurch ebenfalls den Gang ins Handball-Unterhaus antreten.<\/p>\n<p class=\"\">Mit einem Erfolgserlebnis vor 6.000 Fans in der ausverkauften heimischen Arena hat der SC DHfK Leipzig seine vorerst letzte Bundesliga-Saison beendet. Das Team von Trainer Frank Carstens bezwang GWD Minden mit 26:25 (18:14). Dieser erst vierte Leipziger Saisonsieg bedeutete gleichzeitig, dass auch die Ostwestfalen ein Jahr nach ihrem Aufstieg den bitteren Weg zur\u00fcck in die 2. Bundesliga antreten m\u00fcssen.<\/p>\n<p>    Sechs-Tore-Polster f\u00fcr Leipzig<\/p>\n<p class=\"\">Nach gutem DHfK-Beginn (3.\/3:0) \u00fcbernahmen zun\u00e4chst die G\u00e4ste das Zepter und konterten ihrerseits mit einem 4:0-Lauf (7.). In der Folge wog das Geschehen auf Augenh\u00f6he hin und her, wobei Leipzig ab der zw\u00f6lften Minute (8:7 durch Franz Semper) durchweg knapp vorn lag. Und es wurde noch besser. F\u00fcnf Tore in Serie sorgten f\u00fcr ein zwischenzeitliches 18:12-Polster der Gr\u00fcn-Wei\u00dfen (26.). Erst die zwei Minuten f\u00fcr Adam L\u00f6nn und Florian Kranzmanns anschlie\u00dfend verwandelter Siebenmeter stoppten das Momentum der Gastgeber.<\/p>\n<p>                    <a href=\"https:\/\/www.europesays.com\/de\/wp-content\/uploads\/2026\/06\/sc-dhfk-leipzig-440.webp\" class=\"zoomimage\" title=\"Bild vergr\u00f6\u00dfern\"><\/p>\n<p>        <img decoding=\"async\" src=\"https:\/\/www.europesays.com\/de\/wp-content\/uploads\/2026\/06\/sc-dhfk-leipzig-440.webp\" alt=\"DHfK-Keeper Domenico Ebner bejubelt eine seiner insgesamt elf Paraden gegen GWD Minden.\" title=\"DHfK-Keeper Domenico Ebner hatte mit insgesamt elf Paraden erheblichen Anteil am Leipziger Heimsieg gegen Minden. | IMAGO \/ Eibner\" class=\"responsive\" loading=\"lazy\"\/><\/p>\n<p>                    <\/a><\/p>\n<p>                    DHfK-Keeper Domenico Ebner hatte mit insgesamt elf Paraden erheblichen Anteil am Leipziger Heimsieg gegen Minden.<\/p>\n<p>    DHfK-Angriff wackelt \u2013 Ebner ist zur Stelle<\/p>\n<p class=\"\">Nach dem Seitenwechsel verlor Leipzig in der Offensive jedoch nahezu komplett den Faden. In den ersten 20 Minuten des zweiten Durchgangs gelangen lediglich f\u00fcnf Tore. Einzig die ganz starke Leistung von Keeper Domenico Ebner (insgesamt elf Paraden) in seinem letzten Spiel im DHfK-Dress sorgte daf\u00fcr, dass Minden in dieser Phase lediglich wiederholt ausgleichen konnte (45.\/22:22, 52.\/23:23).<\/p>\n<p>Entsprechend dramatisch wurde es in der Crunchtime. Der fr\u00fchere Leipziger Niclas Heitkamp brachte Minden nur zehn Sekunden nach Staffan Peters 26:24 wieder auf ein Tor heran (59.). Anschlie\u00dfend vergab Franz Semper (mit f\u00fcnf Treffern aus zehn Versuchen DHfK-Topscorer) die Vorentscheidung zugunsten der Sachsen, was GWD 20 Sekunden vor Schluss einen letzten Angriff erm\u00f6glichte \u2013 doch Rechtsau\u00dfen Jakub Sterba warf den Ball nur an den kurzen Pfosten. Aufgrund der gleichzeitigen <a href=\"https:\/\/www.mdr.de\/sport\/handball\/hbl-hsg-wetzlar-sc-magdeburg-bericht-100.html\" title=\"Handball: SC Magdeburg holt 31. Saisonsieg in Wetzlar\" rel=\"nofollow noopener\" target=\"_blank\">30:31-Niederlage der HSG Wetzlar gegen Meister SC Magdeburg<\/a> h\u00e4tte Minden dieses eine Tor zum Klassenerhalt gereicht.<\/p>\n<p class=\"\">mhe\/Spio<\/p>\n<p>Mehr zum Thema<\/p>\n<p>        <img decoding=\"async\" src=\"https:\/\/www.europesays.com\/de\/wp-content\/uploads\/2026\/06\/handball-dhfk-leipzig-carstens-100.webp\" alt=\"Handball Frank Carstens DHfK Leipzig\" title=\"Handball Frank Carstens DHfK Leipzig |  IMAGO \/ Timon Peters\" class=\"responsive\" loading=\"lazy\"\/><\/p>\n<p>&#8222;Haben alles, was es braucht&#8220;<\/p>\n<p>        <img decoding=\"async\" src=\"https:\/\/www.europesays.com\/de\/wp-content\/uploads\/2026\/06\/hsg-wetzlar-sc-magdeburg-110.webp\" alt=\"Omar Ingi Magnusson vom SC Magdeburg beim Sprungwurf.\" title=\"Omar Ingi Magnusson vom SC Magdeburg beim Sprungwurf. | IMAGO \/ Jan Huebner\" class=\"responsive\" loading=\"lazy\"\/><\/p>\n<p>        <img decoding=\"async\" src=\"https:\/\/www.europesays.com\/de\/wp-content\/uploads\/2026\/06\/thsv-eisenach-hsv-hamburg-108.webp\" alt=\"Spieler des ThSV Eisenach verteidigen das eigene Tor.\" title=\"Spieler des ThSV Eisenach verteidigen das eigene Tor. | IMAGO \/ Christian Heilwagen\" class=\"responsive\" loading=\"lazy\"\/><\/p>\n","protected":false},"excerpt":{"rendered":"AUDIO: Sport im Osten bei MDR AKTUELL \u2013 Das Nachrichtenradio (10 Min) Handball | Bundesliga Stand: 07.06.2026 17:38&hellip;\n","protected":false},"author":2,"featured_media":1076903,"comment_status":"","ping_status":"","sticky":false,"template":"","format":"standard","meta":{"footnotes":"","_share_on_mastodon":"0"},"categories":[1832],"tags":[13054,299,3364,29,10048,44078,140832,44081,30,47957,1391,5009,71,859,9380,3499,3498],"class_list":["post-1076902","post","type-post","status-publish","format-standard","has-post-thumbnail","category-leipzig","tag-abstieg","tag-bundesliga","tag-de","tag-deutschland","tag-dhfk","tag-domenico-ebner","tag-frank-carstens","tag-franz-semper","tag-germany","tag-gwd-minden","tag-handball","tag-hbl","tag-leipzig","tag-sachsen","tag-sc-dhfk-leipzig","tag-spio","tag-sport-im-osten"],"share_on_mastodon":{"url":"https:\/\/pubeurope.com\/@de\/116709608304424053","error":""},"_links":{"self":[{"href":"https:\/\/www.europesays.com\/de\/wp-json\/wp\/v2\/posts\/1076902","targetHints":{"allow":["GET"]}}],"collection":[{"href":"https:\/\/www.europesays.com\/de\/wp-json\/wp\/v2\/posts"}],"about":[{"href":"https:\/\/www.europesays.com\/de\/wp-json\/wp\/v2\/types\/post"}],"author":[{"embeddable":true,"href":"https:\/\/www.europesays.com\/de\/wp-json\/wp\/v2\/users\/2"}],"replies":[{"embeddable":true,"href":"https:\/\/www.europesays.com\/de\/wp-json\/wp\/v2\/comments?post=1076902"}],"version-history":[{"count":0,"href":"https:\/\/www.europesays.com\/de\/wp-json\/wp\/v2\/posts\/1076902\/revisions"}],"wp:featuredmedia":[{"embeddable":true,"href":"https:\/\/www.europesays.com\/de\/wp-json\/wp\/v2\/media\/1076903"}],"wp:attachment":[{"href":"https:\/\/www.europesays.com\/de\/wp-json\/wp\/v2\/media?parent=1076902"}],"wp:term":[{"taxonomy":"category","embeddable":true,"href":"https:\/\/www.europesays.com\/de\/wp-json\/wp\/v2\/categories?post=1076902"},{"taxonomy":"post_tag","embeddable":true,"href":"https:\/\/www.europesays.com\/de\/wp-json\/wp\/v2\/tags?post=1076902"}],"curies":[{"name":"wp","href":"https:\/\/api.w.org\/{rel}","templated":true}]}}