{"id":1076906,"date":"2026-06-07T15:48:15","date_gmt":"2026-06-07T15:48:15","guid":{"rendered":"https:\/\/www.europesays.com\/de\/1076906\/"},"modified":"2026-06-07T15:48:15","modified_gmt":"2026-06-07T15:48:15","slug":"duesseldorf-gerresheimer-reiter-feiern-100-jahre-im-festzelt","status":"publish","type":"post","link":"https:\/\/www.europesays.com\/de\/1076906\/","title":{"rendered":"D\u00fcsseldorf: Gerresheimer Reiter feiern 100 Jahre im Festzelt"},"content":{"rendered":"<p class=\"text_ohne_einzug richtext text-em-55 !leading-serif mx-6 desktop:mx-0\"> Als Christiane Kamp aus Gerresheim vor Kurzem bei ihren Eltern in alten Fotoalben bl\u00e4tterte, war sie \u00fcberrascht. \u201eIch habe ein Foto gefunden, auf dem ich als 14-J\u00e4hrige beim 50-j\u00e4hrigen Jubil\u00e4um des Reiter-Corps Gerresheim mit geritten bin. Da war ich noch gar nicht Mitglied und ich konnte mich auch gar nicht mehr daran erinnern\u201c, sagt Kamp. Jetzt, 50 Jahre sp\u00e4ter ist sie Rittmeisterin des Corps und federf\u00fchrend f\u00fcr die Gestaltung des 100. Jubil\u00e4ums zust\u00e4ndig. Und sie war auch wieder beim Sch\u00fctzenumzug zu Pferde dabei: Das Corps ist eine Gesellschaft der St. Sebastianus Sch\u00fctzenbruderschaft Gerresheim 1427.<\/p>\n<p class=\"richtext text-em-55 !leading-serif mx-6 desktop:mx-0\">Auf einen eigenen Festakt verzichteten die berittenen Sch\u00fctzen, sie feierten im Rahmen des Gerresheimer Sch\u00fctzenfestes im Festzelt. \u201eWir haben die Organisation des Heimatabends \u00fcbernommen und daf\u00fcr mit unseren Mitgliedern eine Tanz- und Playback-Nummer einstudiert\u201c, sagt Rittmeisterin Kamp. \u201eAu\u00dferdem haben wir noch Stoff- und Steckenpferde, Hobby Horsing und Bullenreiten im Angebot.\u201c Als Starg\u00e4ste des Abends sorgten Lieselotte Lotterlappen alias Comedian Joachim Jung f\u00fcr Lacher und Rainer Lieverscheidt setzte all dem ein musikalisches Sahneh\u00e4ubchen auf: Ein w\u00fcrdiger Abend zum 100-J\u00e4hrigen.<\/p>\n<p class=\"richtext text-em-55 !leading-serif mx-6 desktop:mx-0\">Das Reiter-Corps Gerresheim wurde anl\u00e4sslich des 500. Geburtstages der St. Sebastianus Sch\u00fctzenbruderschaft im damals noch vergleichsweise l\u00e4ndlichen Stadtteil gegr\u00fcndet. \u201eDas Corps war also immer ein Teil der Sch\u00fctzenbruderschaft\u201c, sagt Kamp. \u201eDas war so und das wird auch so bleiben.\u201c Wie bei alten Vereinen \u00fcblich erlebten auch die Reiter im Laufe der Jahrzehnte Aufschw\u00fcnge und Abschw\u00fcnge. In der NS-Zeit und den Kriegsjahren lag das bis dahin lebendige Vereinsleben brach und nahm erst ab 1946 langsam wieder Fahrt auf.<\/p>\n<p class=\"richtext text-em-55 !leading-serif mx-6 desktop:mx-0\">In den 1970er- und 1980er-Jahren kamen Gerresheimer Unterst\u00fctzer und Gesch\u00e4ftsleute ins Corps, die zum Teil bis heute den Verein ma\u00dfgeblich pr\u00e4gen, nicht zuletzt auch Christiane Kamp. Seit Januar 1983 ist das 1. Reiter-Corps gemeinn\u00fctzig und f\u00fchrt seinen heutigen offiziellen Namen.<\/p>\n<p class=\"richtext text-em-55 !leading-serif mx-6 desktop:mx-0\">Brauchtumspflege und Jugendf\u00f6rderung sind seither feste und wichtige Bestandteile. Gesch\u00e4ftlich stand der Verein damals gut da \u2013 aber die Jugend fehlte. Im November 1988 wurde in der Gerresheimer Gazette eine Anzeige geschaltet. Vier Interessenten meldeten sich, von denen heute noch die Familie Berger\/Voges mit dabei ist. \u201eIch wollte eigentlich immer nur reiten. Meine Eltern hatten aber mit Pferden gar nichts zu tun. Als das Reiter-Corps die Anzeige schaltete, traten mein Vater und ich ein. So kam ich endlich aufs Pferd \u2013 und mein Vater zu einem Hobby\u201c, erinnert sich Ute Voges.<\/p>\n<p class=\"richtext text-em-55 !leading-serif mx-6 desktop:mx-0\">Seit 1998 f\u00e4hrt das Corps fast allj\u00e4hrlich gemeinsam auf einen Ponyhof ins Emsland. \u201eDas ist ein Hof, wie man ihn aus Film und Fernsehen kennt, etwa aus der Serie Immenhof. Und ja, sie haben auch richtige Pferde\u201c, sagt Kamp. \u201eBei der ersten Fahrt waren 35 Leute dabei. Heute sind es meist an die 70. Es ist f\u00fcr jeden etwas dabei, vom Kind bis zum betagten Senior. Alle haben ihren Spa\u00df, ob auf Ponys oder im Planwagen.\u201c<\/p>\n<p class=\"richtext text-em-55 !leading-serif mx-6 desktop:mx-0\">Die Gerresheimer Reiter organisieren aber nicht nur f\u00fcr ihren eigenen Verein Veranstaltungen, sondern sind auch immer wieder als Ausrichter f\u00fcr die St. Sebastianus Reitervereinigung D\u00fcsseldorf aktiv, den Dachverband fast aller berittenen Abteilungen der D\u00fcsseldorfer Sch\u00fctzenvereine. 2024 organisierte man etwa das Stadtringstechen auf dem Bergerhof in Lohausen. Im Jahr zuvor kam der Sieger aus den Reihen der Gerresheimer.<\/p>\n<p class=\"richtext text-em-55 !leading-serif mx-6 desktop:mx-0\">Und auch bei den beiden Gerresheimer St. Martins-Umz\u00fcgen sind die berittenen Sch\u00fctzen stark engagiert. Heute sind es sechs Pferde in jedem Umzug dabei, das gibt es nur in Gerresheim. Mitglieder verwandeln sich dann in Ritter, Bischof oder begleitende Knappen. \u201eSt. Martin ist f\u00fcr mich das sch\u00f6nste Ehrenamt\u201c, sagt Mitglied Marco Schmitz. \u201eStrahlende Kinderaugen beim Zug durch Gerresheim und die Mantelteilung im Schatten der Basilika St. Margareta. Seit 25 Jahren darf ich das als Ritter und Bischof erleben. Und jedes Jahr ist es aufs Neue ein ganz besonderer Moment, der ber\u00fchrt und bleibt.\u201c<\/p>\n<p class=\"richtext text-em-55 !leading-serif mx-6 desktop:mx-0\">Um an den Rekord als Bischof heranzukommen, muss Schmitz allerdings noch etwas nachlegen. Edgar Peters ritt seit seinem Eintritt ins Reiter-Corps 1954 stolze 50 Jahre als St. Martin durch Gerresheim und f\u00fcllte die Rolle mit ganzem Herzen aus. So wie Christiane Kamp ihre Rolle als Rittmeisterin: \u201eF\u00fcr mich pers\u00f6nlich ist dieser Verein mein Herzensverein.\u201c Ihr pers\u00f6nliches Ziel mit dem Reiter-Corps steht auch schon fest. \u201eDie 150-Jahr-Feier zu erleben, wird wohl schwierig\u201c, sagt Kamp. \u201eAber 125, das k\u00f6nnte ja noch gehen.\u201c<\/p>\n","protected":false},"excerpt":{"rendered":"Als Christiane Kamp aus Gerresheim vor Kurzem bei ihren Eltern in alten Fotoalben bl\u00e4tterte, war sie \u00fcberrascht. \u201eIch&hellip;\n","protected":false},"author":2,"featured_media":1076907,"comment_status":"","ping_status":"","sticky":false,"template":"","format":"standard","meta":{"footnotes":"","_share_on_mastodon":"0"},"categories":[1831],"tags":[39429,94488,228930,228931,3364,29,3405,20767,3486,207235,30,11069,129754,4791,1209,14934,7323,228934,228933,58478,228929,23065,228932],"class_list":["post-1076906","post","type-post","status-publish","format-standard","has-post-thumbnail","category-duesseldorf","tag-christiane","tag-corps","tag-corpsgeburtstages","tag-corpsmitglied","tag-de","tag-deutschland","tag-duesseldorf","tag-eintritt","tag-festzelt","tag-geburtstages","tag-germany","tag-gerresheim","tag-gerresheimer","tag-kamp","tag-nordrhein-westfalen","tag-pferd","tag-reiter","tag-reiterei","tag-reitervereinigung","tag-ritt","tag-rittmeisterin","tag-sebastianus","tag-steckenpferde"],"share_on_mastodon":{"url":"https:\/\/pubeurope.com\/@de\/116709615939876088","error":""},"_links":{"self":[{"href":"https:\/\/www.europesays.com\/de\/wp-json\/wp\/v2\/posts\/1076906","targetHints":{"allow":["GET"]}}],"collection":[{"href":"https:\/\/www.europesays.com\/de\/wp-json\/wp\/v2\/posts"}],"about":[{"href":"https:\/\/www.europesays.com\/de\/wp-json\/wp\/v2\/types\/post"}],"author":[{"embeddable":true,"href":"https:\/\/www.europesays.com\/de\/wp-json\/wp\/v2\/users\/2"}],"replies":[{"embeddable":true,"href":"https:\/\/www.europesays.com\/de\/wp-json\/wp\/v2\/comments?post=1076906"}],"version-history":[{"count":0,"href":"https:\/\/www.europesays.com\/de\/wp-json\/wp\/v2\/posts\/1076906\/revisions"}],"wp:featuredmedia":[{"embeddable":true,"href":"https:\/\/www.europesays.com\/de\/wp-json\/wp\/v2\/media\/1076907"}],"wp:attachment":[{"href":"https:\/\/www.europesays.com\/de\/wp-json\/wp\/v2\/media?parent=1076906"}],"wp:term":[{"taxonomy":"category","embeddable":true,"href":"https:\/\/www.europesays.com\/de\/wp-json\/wp\/v2\/categories?post=1076906"},{"taxonomy":"post_tag","embeddable":true,"href":"https:\/\/www.europesays.com\/de\/wp-json\/wp\/v2\/tags?post=1076906"}],"curies":[{"name":"wp","href":"https:\/\/api.w.org\/{rel}","templated":true}]}}