{"id":1076958,"date":"2026-06-07T16:17:16","date_gmt":"2026-06-07T16:17:16","guid":{"rendered":"https:\/\/www.europesays.com\/de\/1076958\/"},"modified":"2026-06-07T16:17:16","modified_gmt":"2026-06-07T16:17:16","slug":"rente-spd-sozialpolitikerin-gegen-kleineres-rentenplus-zugunsten-von-bafoeg","status":"publish","type":"post","link":"https:\/\/www.europesays.com\/de\/1076958\/","title":{"rendered":"Rente: SPD-Sozialpolitikerin gegen kleineres Rentenplus zugunsten von Baf\u00f6g"},"content":{"rendered":"<p class=\"paragraph article__item\">Die<br \/>\n<a class=\"rtr-entity\" href=\"https:\/\/www.zeit.de\/thema\/spd\" rel=\"nofollow noopener\" target=\"_blank\">SPD<\/a> im Bundestag will laut Annika Klose, der sozialpolitischen Sprecherin der Partei, an der geplanten <a href=\"https:\/\/www.zeit.de\/politik\/deutschland\/2026-06\/reform-bundesregierung-rente-steuer-kritik-bovenschulte-bundesrat-gxe\" target=\"_blank\" rel=\"nofollow noopener\">Rentenerh\u00f6hung<\/a> festhalten. Damit weist sie<br \/>\nden Vorschlag der Jungen Union (JU), die Rentenerh\u00f6hung zugunsten von<br \/>\nLeistungen f\u00fcr die j\u00fcngere Generation zu k\u00fcrzen, zur\u00fcck.\n<\/p>\n<p class=\"paragraph article__item\">Klose sagte der Zeitung Welt, die<br \/>\nGenerationen gegeneinander auszuspielen, sei nicht zielf\u00fchrend. Besonders<br \/>\nMenschen mit kleinen und mittleren Einkommen seien auf die gesetzliche <a href=\"https:\/\/www.zeit.de\/wirtschaft\/2026-06\/deutsche-rentner-thailand-pflege-auswanderung-kosten\" target=\"_blank\" rel=\"nofollow noopener\">Rente<\/a><br \/>\nangewiesen, um im Ruhestand \u00fcber die Runden zu kommen. Daher sei die SPD strikt<br \/>\ndagegen, die geplanten Rentenerh\u00f6hungen zu streichen.\n<\/p>\n<p>                                    Superreiche besteuern            <\/p>\n<p class=\"paragraph article__item\">Der<br \/>\nBundesvorsitzende der JU, Johannes Winkel, hatte in der\u00a0Bild-Zeitung\u00a0vorgeschlagen, die<br \/>\n<a class=\"rtr-entity\" href=\"https:\/\/www.zeit.de\/thema\/rente\" rel=\"nofollow noopener\" target=\"_blank\">Renten<\/a> nur um drei und nicht um 4,2 Prozent steigen zu lassen. Die so frei<br \/>\nwerdenden finanziellen Spielr\u00e4ume sollten genutzt werden, um K\u00fcrzungen beim Elterngeld zu<br \/>\nverhindern und eine Baf\u00f6g-Erh\u00f6hung zu bezahlen.\n<\/p>\n<p class=\"paragraph article__item\">\u00bbGerecht w\u00e4re, wenn wir die <a href=\"https:\/\/www.zeit.de\/politik\/2026-06\/schwarz-rote-koalition-reformen-friedrich-merz-kanzler-wechsel\" target=\"_blank\" rel=\"nofollow noopener\">Superreichen<\/a>\u00a0st\u00e4rker besteuern w\u00fcrden\u00ab, sagte Klose. Dann m\u00fcssten Debatten nach einem<br \/>\n geringeren Anstieg der Renten gar nicht erst gef\u00fchrt werden, sagte sie weiter.\n<\/p>\n<p class=\"paragraph article__item\">Kritik an der Position des JU-Vorsitzenden Winkel kam<br \/>\nauch von den Oppositionsparteien.\u00a0Gr\u00fcnenfraktionsvize Andreas Audretsch sagte<br \/>\nder Welt, es sei zynisch, eine \u00e4ltere Frau an der Armutsgrenze gegen<br \/>\neine Studentin mit wenig Geld auszuspielen. Sarah Vollath,<br \/>\nrentenpolitische Sprecherin der Linksfraktion, nannte den Vorschlag eine<br \/>\n moralische Bankrotterkl\u00e4rung. Auch die AfD kritisierte den JU-Vorschlag.\n<\/p>\n<p>Mehr zum Thema<\/p>\n<p>            SPD        <\/p>\n<p>                <a href=\"https:\/\/www.zeit.de\/politik\/2026-06\/schwarz-rote-koalition-reformen-friedrich-merz-kanzler-wechsel\" data-ct-label=\"Schwarz-rote Koaltion: \u00bbF\u00fcr alle wird es h\u00e4rter, nur f\u00fcr die Superreichen nicht\u00ab \" data-uuid=\"9436ba74-dbd7-4cc5-9898-07de32f75985\" rel=\"nofollow noopener\" target=\"_blank\"><\/p>\n<p>        Z+ (abopflichtiger Inhalt);<\/p>\n<p>    Schwarz-rote Koaltion:<br \/>\n                        \u00bbF\u00fcr alle wird es h\u00e4rter, nur f\u00fcr die Superreichen nicht\u00ab <\/p>\n<p>                <\/a><\/p>\n<p>                <a href=\"https:\/\/www.zeit.de\/hamburg\/2026-06\/olmypia-referendum-hamburg-bewerbung-entscheidung-mehrheit\" data-ct-label=\"Olympiareferendum in Hamburg: In Hamburg sieht man, warum arrogante Politik nicht funktioniert\" data-uuid=\"0d7123c7-ba32-4fdd-a55a-9840f5b11a55\" rel=\"nofollow noopener\" target=\"_blank\"><\/p>\n<p>        Z+ (abopflichtiger Inhalt);<\/p>\n<p>    Olympiareferendum in Hamburg:<br \/>\n                        In Hamburg sieht man, warum arrogante Politik nicht funktioniert<\/p>\n<p>                <\/a><\/p>\n<p>                <a href=\"https:\/\/www.zeit.de\/politik\/2026-06\/reform-bafoeg-dorothee-baer-bundesregierung-nachrichtenpodcast\" data-ct-label=\"Nachrichtenpodcast: Warum die Regierung sich mit der Baf\u00f6g-Reform so schwertut\" data-uuid=\"4905bc97-1271-41ae-85ab-2e2651b1e1a0\" rel=\"nofollow noopener\" target=\"_blank\"><\/p>\n<p>                        Nachrichtenpodcast:<br \/>\n                        Warum die Regierung sich mit der Baf\u00f6g-Reform so schwertut<\/p>\n<p>                <\/a><\/p>\n","protected":false},"excerpt":{"rendered":"Die SPD im Bundestag will laut Annika Klose, der sozialpolitischen Sprecherin der Partei, an der geplanten Rentenerh\u00f6hung festhalten.&hellip;\n","protected":false},"author":2,"featured_media":1076959,"comment_status":"","ping_status":"","sticky":false,"template":"","format":"standard","meta":{"footnotes":"","_share_on_mastodon":"0"},"categories":[2],"tags":[91792,43,29,30,13,8118,14,15,16,379,12,184,52965,10,8,9,11],"class_list":["post-1076958","post","type-post","status-publish","format-standard","has-post-thumbnail","category-deutschland","tag-bafoeg","tag-deutscher-bundestag","tag-deutschland","tag-germany","tag-headlines","tag-junge-union","tag-nachrichten","tag-news","tag-politik","tag-rente","tag-schlagzeilen","tag-spd","tag-studienfinanzierung","tag-top-news","tag-top-meldungen","tag-topmeldungen","tag-topnews"],"share_on_mastodon":{"url":"https:\/\/pubeurope.com\/@de\/116709729653795861","error":""},"_links":{"self":[{"href":"https:\/\/www.europesays.com\/de\/wp-json\/wp\/v2\/posts\/1076958","targetHints":{"allow":["GET"]}}],"collection":[{"href":"https:\/\/www.europesays.com\/de\/wp-json\/wp\/v2\/posts"}],"about":[{"href":"https:\/\/www.europesays.com\/de\/wp-json\/wp\/v2\/types\/post"}],"author":[{"embeddable":true,"href":"https:\/\/www.europesays.com\/de\/wp-json\/wp\/v2\/users\/2"}],"replies":[{"embeddable":true,"href":"https:\/\/www.europesays.com\/de\/wp-json\/wp\/v2\/comments?post=1076958"}],"version-history":[{"count":0,"href":"https:\/\/www.europesays.com\/de\/wp-json\/wp\/v2\/posts\/1076958\/revisions"}],"wp:featuredmedia":[{"embeddable":true,"href":"https:\/\/www.europesays.com\/de\/wp-json\/wp\/v2\/media\/1076959"}],"wp:attachment":[{"href":"https:\/\/www.europesays.com\/de\/wp-json\/wp\/v2\/media?parent=1076958"}],"wp:term":[{"taxonomy":"category","embeddable":true,"href":"https:\/\/www.europesays.com\/de\/wp-json\/wp\/v2\/categories?post=1076958"},{"taxonomy":"post_tag","embeddable":true,"href":"https:\/\/www.europesays.com\/de\/wp-json\/wp\/v2\/tags?post=1076958"}],"curies":[{"name":"wp","href":"https:\/\/api.w.org\/{rel}","templated":true}]}}