{"id":1076960,"date":"2026-06-07T16:18:17","date_gmt":"2026-06-07T16:18:17","guid":{"rendered":"https:\/\/www.europesays.com\/de\/1076960\/"},"modified":"2026-06-07T16:18:17","modified_gmt":"2026-06-07T16:18:17","slug":"drei-topstars-leiden-kimi-antonelli-gewinnt-chaos-grand-prix-von-monaco","status":"publish","type":"post","link":"https:\/\/www.europesays.com\/de\/1076960\/","title":{"rendered":"Drei Topstars leiden: Kimi Antonelli gewinnt Chaos-Grand-Prix von Monaco"},"content":{"rendered":"<p>Drei Topstars leidenKimi Antonelli gewinnt Chaos-Grand-Prix von Monaco<\/p>\n<p>07.06.2026, 17:32 Uhr <\/p>\n<p>Artikel anh\u00f6ren(03:57 min)<\/p>\n<p><img decoding=\"async\" class=\"Image_img__fQCi0 Image_Img_16_9__4BLfH widget-picture-inline_maximizable__t_E7h\" loading=\"eager\" fetchpriority=\"high\" src=\"https:\/\/www.europesays.com\/de\/wp-content\/uploads\/2026\/06\/Bilder-des-Jahres-2021-Sport-12-Dezember-Sport-Themen-der-Woche-KW48-Sport-Bilder-des-Tages-16-LECLE.webp\" alt=\"Bilder-des-Jahres-2021-Sport-12-Dezember-Sport-Themen-der-Woche-KW48-Sport-Bilder-des-Tages-16-LECLERC-Charles-mco-Scuderia-Ferrari-SF21-action-crash-accident-during-the-Formula-1-stc-Saudi-Arabian-Grand-Prix-2021-21th-round-of-the-2021-FIA-Formula-One-World-Championship-WM-Weltmeisterschaft-from-December-3-to-5-2021-on-the-Jeddah-Corniche-Circuit-in-Jeddah-Saudi-Arabia-F1-SAUDI-ARABIAN-GRAND-PRIX-2021-DPPI-Panoramic-PUBLICATIONxNOTxINxFRAxITAxBEL-20211203-GOODEN-FG0O1612\"\/>Charles Leclerc sorgte f\u00fcr eine lange Pause. (Foto: imago images\/PanoramiC)TeilenFolgen auf:<a href=\"https:\/\/www.whatsapp.com\/channel\/0029Va5cdVJD8SDp5YZgYF01\" title=\"Auf WhatsApp folgen\" target=\"_blank\" rel=\"nofollow noopener\"><img decoding=\"async\" src=\"https:\/\/www.n-tv.de\/socialIcons\/whatsapp.svg\" alt=\"whatsapp\" class=\"ArticleShare_icon__FsrC2\"\/><\/a><a href=\"https:\/\/www.google.com\/preferences\/source?q=n-tv.de\" title=\"ntv als bevorzugte Quelle auf Google hinzuf\u00fcgen\" target=\"_blank\" rel=\"nofollow noopener\"><img decoding=\"async\" src=\"https:\/\/www.n-tv.de\/socialIcons\/google.svg\" alt=\"whatsapp\" class=\"ArticleShare_icon__FsrC2\"\/><\/a><\/p>\n<p class=\"Typography_text-m__XI0da Typography_weight-bold__uT6mq storyline_lead_text_leadtext__q_wg8\">Beim Gro\u00dfen Preis von Monaco m\u00fcssen Fahrer und Fans \u00dcberstunden machen: Beim Triumph von \u00dcberflieger Kimi Antonelli kommt es zu mehreren Unterbrechungen. Drei Topstars sehen die Zielflagge nicht.<\/p>\n<p class=\"Typography_text-default__P3otY Typography_weight-normal__pqUbH storyline_paragraph_p__qSR5N\">Nicht mal ein Loch in den Stra\u00dfen von Monaco konnte Kimi Antonelli stoppen: Der \u00dcberflieger aus Italien hat mit starken Nerven auch den Gro\u00dfen Preis von Monaco gewonnen und erneut Formel-1-Geschichte geschrieben. Im Alter von 19 Jahren und 286 Tagen ist Antonelli der j\u00fcngste Sieger des prestigetr\u00e4chtigen Rennens im F\u00fcrstentum, mit dem f\u00fcnften Triumph nacheinander baute der Italiener zudem seine F\u00fchrung in der WM aus.<\/p>\n<p class=\"Typography_text-default__P3otY Typography_weight-normal__pqUbH storyline_paragraph_p__qSR5N\">Hinter dem Mercedes-Fahrer folgte Rekordweltmeister Lewis Hamilton im Ferrari. Das gro\u00dfe Spektakel blieb lange aus &#8211; in der Schlussphase ging es mit zwei Safety-Car-Phasen aber hoch her. So schied Lokalmatador Charles Leclerc kurz vor dem Ende auf Platz drei liegend aus, der Ferrari-Pilot fluchte und schimpfte im Boxenfunk. Das Rennen wurde dann mit Roter Flagge unterbrochen, weil die Strecke hinter der Rascasse-Kurve aufgebrochen war. Mit einer Kehrmaschine und Besen versuchten die Marshalls, den por\u00f6sen Asphalt zu entfernen. Die Fahrer warteten derweil schier endlos lange in der Boxengasse.<\/p>\n<p class=\"Typography_text-default__P3otY Typography_weight-normal__pqUbH storyline_paragraph_p__qSR5N\">Beim dann folgenden stehenden Start blieb Antonelli eiskalt, er hat in der WM nach dem sechsten von 22 Rennen nun 156 Punkte &#8211; und er dem\u00fctigte seinen Teamkollegen George Russell, als er den Engl\u00e4nder gar \u00fcberrundete. Russell verpasste das Podium deutlich. Nico H\u00fclkenberg zeigte ein ordentliches Rennen &#8211; und am Ende holte der Emmericher als Neunter erstmals Punkte im Audi.<\/p>\n<p>Weltmeister scheidet aus<\/p>\n<p class=\"Typography_text-default__P3otY Typography_weight-normal__pqUbH storyline_paragraph_p__qSR5N\">Nicht nach Wunsch verlief das Jubil\u00e4ums-Rennen von McLaren: Im 1000. Grand Prix des Teams schied Weltmeister Lando Norris (England) in der 46. von 78 Runden wegen technischer Probleme aus. Der Australier Oscar Piastri fuhr in die Punkte und durfte nach Zieleinfahrt wegen ausstehender Strafen zun\u00e4chst noch auf einen Podiumsplatz hoffen.<\/p>\n<p class=\"Typography_text-default__P3otY Typography_weight-normal__pqUbH storyline_paragraph_p__qSR5N\">Antonelli profitierte vom fr\u00fchen Aus von Max Verstappen. Der von Platz zwei gestartete Ex-Weltmeister kam wegen technischer Probleme \u00fcberhaupt nicht vom Fleck und stand den Verfolgern somit im Weg. Antonelli nutzte diese Steilvorlage und zog an der Spitze davon. Dahinter entwickelte sich nur ganz kurz ein Duell der beiden Ferrari, danach setzte sich Hamilton immer weiter von Leclerc ab.<\/p>\n<p class=\"Typography_text-default__P3otY Typography_weight-normal__pqUbH storyline_paragraph_p__qSR5N\">Nach einem Drittel des Rennens hatte Antonelli bereits zehn Sekunden Vorsprung auf Hamilton, der wiederum etwa sechs Sekunden vor Leclerc lag. Dahinter folgte mit deutlichem Abstand Verstappens Red-Bull-Teamkollege Isack Hadjar (Frankreich), der den schneller wirkenden Russell im zweiten Mercedes entnervte und lange aufhielt.<\/p>\n<p>Leclerc kracht in die Bande<\/p>\n<p class=\"Typography_text-default__P3otY Typography_weight-normal__pqUbH storyline_paragraph_p__qSR5N\">Als erster Fahrer des Spitzentrios kam Hamilton an die Box &#8211; allerdings hielt sich der Engl\u00e4nder dort nicht an die Geschwindigkeitsbegrenzung von 60 km\/h. Hamilton erhielt deshalb eine F\u00fcnf-Sekunden-Strafe. Antonelli bekam davon nichts mit, er fuhr sein eigenes Rennen, auch den Boxenstopp meisterte sein Team m\u00fchelos.<\/p>\n<p class=\"Typography_text-default__P3otY Typography_weight-normal__pqUbH storyline_paragraph_p__qSR5N\">Spannung kam so nicht auf, bis Lance Stroll (Kanada) in seinem Aston Martin ausschied und das Safety Car auf die Strecke kam. Antonelli verlor dadurch seinen gro\u00dfen Vorsprung, das Feld r\u00fcckte wieder ganz eng zusammen. Der Restart gelang dem Italiener, doch das Rennen wurde nur ganz kurz freigegeben, weil Leclerc in die Streckenbegrenzung krachte. Es folgten die zweite Safety-Car-Phase und die lange Unterbrechung mit Roter Flagge.<\/p>\n<p class=\"Typography_text-default__P3otY Typography_weight-normal__pqUbH storyline_paragraph_p__qSR5N\">Kurios verliefen die Boxenstopps der Konkurrenz: Nicht nur Hamilton erhielt eine Zeitstrafe, auch Russell, Stroll, Piastri sowie die Alpine-Piloten Franco Colapinto (Argentinien) und Pierre Gasly (Frankreich) fuhren in der Box zu schnell und wurden sanktioniert.<\/p>\n<p class=\"Typography_text-s__wu_cm Typography_weight-normal__pqUbH Typography_color-darkgrey__sZEnP article-detail-footer_source__KslPc\">Quelle: ntv.de<\/p>\n","protected":false},"excerpt":{"rendered":"Drei Topstars leidenKimi Antonelli gewinnt Chaos-Grand-Prix von Monaco 07.06.2026, 17:32 Uhr Artikel anh\u00f6ren(03:57 min) Charles Leclerc sorgte f\u00fcr&hellip;\n","protected":false},"author":2,"featured_media":1076961,"comment_status":"","ping_status":"","sticky":false,"template":"","format":"standard","meta":{"footnotes":"","_share_on_mastodon":"0"},"categories":[5],"tags":[1572,6875,40463,33224,228937,13,14,15,12,10,8,9,11,7109,11404],"class_list":["post-1076960","post","type-post","status-publish","format-standard","has-post-thumbnail","category-nachrichten","tag-formel-1","tag-formel1","tag-gp","tag-grand-prix","tag-grandprix","tag-headlines","tag-nachrichten","tag-news","tag-schlagzeilen","tag-top-news","tag-top-meldungen","tag-topmeldungen","tag-topnews","tag-weltmeisterschaft","tag-wm"],"share_on_mastodon":{"url":"https:\/\/pubeurope.com\/@de\/116709733863383432","error":""},"_links":{"self":[{"href":"https:\/\/www.europesays.com\/de\/wp-json\/wp\/v2\/posts\/1076960","targetHints":{"allow":["GET"]}}],"collection":[{"href":"https:\/\/www.europesays.com\/de\/wp-json\/wp\/v2\/posts"}],"about":[{"href":"https:\/\/www.europesays.com\/de\/wp-json\/wp\/v2\/types\/post"}],"author":[{"embeddable":true,"href":"https:\/\/www.europesays.com\/de\/wp-json\/wp\/v2\/users\/2"}],"replies":[{"embeddable":true,"href":"https:\/\/www.europesays.com\/de\/wp-json\/wp\/v2\/comments?post=1076960"}],"version-history":[{"count":0,"href":"https:\/\/www.europesays.com\/de\/wp-json\/wp\/v2\/posts\/1076960\/revisions"}],"wp:featuredmedia":[{"embeddable":true,"href":"https:\/\/www.europesays.com\/de\/wp-json\/wp\/v2\/media\/1076961"}],"wp:attachment":[{"href":"https:\/\/www.europesays.com\/de\/wp-json\/wp\/v2\/media?parent=1076960"}],"wp:term":[{"taxonomy":"category","embeddable":true,"href":"https:\/\/www.europesays.com\/de\/wp-json\/wp\/v2\/categories?post=1076960"},{"taxonomy":"post_tag","embeddable":true,"href":"https:\/\/www.europesays.com\/de\/wp-json\/wp\/v2\/tags?post=1076960"}],"curies":[{"name":"wp","href":"https:\/\/api.w.org\/{rel}","templated":true}]}}