{"id":1077197,"date":"2026-06-07T18:52:14","date_gmt":"2026-06-07T18:52:14","guid":{"rendered":"https:\/\/www.europesays.com\/de\/1077197\/"},"modified":"2026-06-07T18:52:14","modified_gmt":"2026-06-07T18:52:14","slug":"zuschauerrekord-saisonrekord-premierentor-gelungener-abschluss-fuer-den-tvb-tvb-stuttgart-news-aus-der-handball-bundesliga","status":"publish","type":"post","link":"https:\/\/www.europesays.com\/de\/1077197\/","title":{"rendered":"Zuschauerrekord, Saisonrekord, Premierentor: Gelungener Abschluss f\u00fcr den TVB &#8211; TVB Stuttgart: News aus der Handball-Bundesliga"},"content":{"rendered":"<p><strong>Stuttgart. <\/strong> Zuschauerrekord, Punkterekord, Premierentor: Der TVB Stuttgart  hat seine elfte Saison in der 1. Handball-Bundesliga erfolgreich abgeschlossen. Beim 22:17 gegen den HC Erlangen tat sich das Team von Trainer Misha Kaufmann allerdings 30 Minuten \u00fcberraschend schwer. Nach dem 7:9-Pausenr\u00fcckstand zog der TVB den Franken im zweiten Spielabschnitt schnell den Zahn. Der Torh\u00fcter Mateusz Kornecki hatte, wie schon bei den beiden j\u00fcngsten Erfolgen gegen die SG<\/p>\n","protected":false},"excerpt":{"rendered":"Stuttgart. Zuschauerrekord, Punkterekord, Premierentor: Der TVB Stuttgart hat seine elfte Saison in der 1. Handball-Bundesliga erfolgreich abgeschlossen. Beim&hellip;\n","protected":false},"author":2,"featured_media":1077198,"comment_status":"","ping_status":"","sticky":false,"template":"","format":"standard","meta":{"footnotes":"","_share_on_mastodon":"0"},"categories":[1830],"tags":[4808,1634,3364,29,30,1391,51891,120540,74607,1441,7401],"class_list":["post-1077197","post","type-post","status-publish","format-standard","has-post-thumbnail","category-stuttgart","tag-1-bundesliga","tag-baden-wuerttemberg","tag-de","tag-deutschland","tag-germany","tag-handball","tag-misha-kaufmann","tag-rems-murr-handball","tag-rems-murr-sport","tag-stuttgart","tag-tvb-stuttgart"],"share_on_mastodon":{"url":"https:\/\/pubeurope.com\/@de\/116710339275163959","error":""},"_links":{"self":[{"href":"https:\/\/www.europesays.com\/de\/wp-json\/wp\/v2\/posts\/1077197","targetHints":{"allow":["GET"]}}],"collection":[{"href":"https:\/\/www.europesays.com\/de\/wp-json\/wp\/v2\/posts"}],"about":[{"href":"https:\/\/www.europesays.com\/de\/wp-json\/wp\/v2\/types\/post"}],"author":[{"embeddable":true,"href":"https:\/\/www.europesays.com\/de\/wp-json\/wp\/v2\/users\/2"}],"replies":[{"embeddable":true,"href":"https:\/\/www.europesays.com\/de\/wp-json\/wp\/v2\/comments?post=1077197"}],"version-history":[{"count":0,"href":"https:\/\/www.europesays.com\/de\/wp-json\/wp\/v2\/posts\/1077197\/revisions"}],"wp:featuredmedia":[{"embeddable":true,"href":"https:\/\/www.europesays.com\/de\/wp-json\/wp\/v2\/media\/1077198"}],"wp:attachment":[{"href":"https:\/\/www.europesays.com\/de\/wp-json\/wp\/v2\/media?parent=1077197"}],"wp:term":[{"taxonomy":"category","embeddable":true,"href":"https:\/\/www.europesays.com\/de\/wp-json\/wp\/v2\/categories?post=1077197"},{"taxonomy":"post_tag","embeddable":true,"href":"https:\/\/www.europesays.com\/de\/wp-json\/wp\/v2\/tags?post=1077197"}],"curies":[{"name":"wp","href":"https:\/\/api.w.org\/{rel}","templated":true}]}}