{"id":1077207,"date":"2026-06-07T18:57:27","date_gmt":"2026-06-07T18:57:27","guid":{"rendered":"https:\/\/www.europesays.com\/de\/1077207\/"},"modified":"2026-06-07T18:57:27","modified_gmt":"2026-06-07T18:57:27","slug":"einladung-zum-lehrbienenstand-wochenanzeiger","status":"publish","type":"post","link":"https:\/\/www.europesays.com\/de\/1077207\/","title":{"rendered":"Einladung zum Lehrbienenstand | Wochenanzeiger"},"content":{"rendered":"<p class=\"article-text\">Der B\u00fcrgerkreis Berg am Laim l\u00e4dt am 20. Juni zum Bienenworkshop mit Imker und B\u00fcrgerkreis-Vorstand Heiko Oehler ein! Am Lehrbienenstand auf dem Gel\u00e4nde des Michaeli-Gymnasiums k\u00f6nnen Gro\u00df und Klein aus erster Hand viel Spannendes \u00fcber das Leben der Bienen und ihre Bedeutung f\u00fcr Natur und Mensch erfahren. Teilnehmen k\u00f6nnen Interessierte ab 3 Jahren (in Begleitung eines Erwachsenen). Alle Personen bringen bitte einen Teel\u00f6ffel mit, die Imkeranz\u00fcge werden gestellt. Es finden zwei bis drei F\u00fchrungen statt: von 13.00 bis 14.00 Uhr, von 14.20 bis 15.20 Uhr, bei gro\u00dfer Nachfrage auch von 15.30 bis 16.30 Uhr. Pro Gruppe k\u00f6nnen 12 Kinder und 4 Erwachsene teilnehmen. Der Eintritt ist frei, im Anschluss besteht die M\u00f6glichkeit zum Honigkauf. Eine vorherige Anmeldung ist unbedingt erforderlich: per E-Mail an <a href=\"https:\/\/www.wochenanzeiger.de\/einladung-zum-lehrbienenstand\/mailto:oehler@buergerkreis.de\" class=\"auto-detected-link\" target=\"_blank\" rel=\"nofollow noopener\">oehler@buergerkreis.de<\/a>, Anmeldeschluss ist der 14. Juni. Mehr \u00fcber den B\u00fcrgerkreis Berg am Laim e.V. und seine Veranstaltungen erf\u00e4hrt man unter <a href=\"https:\/\/www.buergerkreis.de\" class=\"auto-detected-link\" target=\"_blank\" rel=\"nofollow noopener\">www.buergerkreis.de<\/a>.<\/p>\n","protected":false},"excerpt":{"rendered":"Der B\u00fcrgerkreis Berg am Laim l\u00e4dt am 20. Juni zum Bienenworkshop mit Imker und B\u00fcrgerkreis-Vorstand Heiko Oehler ein!&hellip;\n","protected":false},"author":2,"featured_media":1077208,"comment_status":"","ping_status":"","sticky":false,"template":"","format":"standard","meta":{"footnotes":"","_share_on_mastodon":"0"},"categories":[1827],"tags":[772,59481,29,30,2489,1268],"class_list":["post-1077207","post","type-post","status-publish","format-standard","has-post-thumbnail","category-muenchen","tag-bayern","tag-berg-am-laim-muenchen","tag-deutschland","tag-germany","tag-kirche-gesellschaft","tag-muenchen"],"share_on_mastodon":{"url":"https:\/\/pubeurope.com\/@de\/116710358713545359","error":""},"_links":{"self":[{"href":"https:\/\/www.europesays.com\/de\/wp-json\/wp\/v2\/posts\/1077207","targetHints":{"allow":["GET"]}}],"collection":[{"href":"https:\/\/www.europesays.com\/de\/wp-json\/wp\/v2\/posts"}],"about":[{"href":"https:\/\/www.europesays.com\/de\/wp-json\/wp\/v2\/types\/post"}],"author":[{"embeddable":true,"href":"https:\/\/www.europesays.com\/de\/wp-json\/wp\/v2\/users\/2"}],"replies":[{"embeddable":true,"href":"https:\/\/www.europesays.com\/de\/wp-json\/wp\/v2\/comments?post=1077207"}],"version-history":[{"count":0,"href":"https:\/\/www.europesays.com\/de\/wp-json\/wp\/v2\/posts\/1077207\/revisions"}],"wp:featuredmedia":[{"embeddable":true,"href":"https:\/\/www.europesays.com\/de\/wp-json\/wp\/v2\/media\/1077208"}],"wp:attachment":[{"href":"https:\/\/www.europesays.com\/de\/wp-json\/wp\/v2\/media?parent=1077207"}],"wp:term":[{"taxonomy":"category","embeddable":true,"href":"https:\/\/www.europesays.com\/de\/wp-json\/wp\/v2\/categories?post=1077207"},{"taxonomy":"post_tag","embeddable":true,"href":"https:\/\/www.europesays.com\/de\/wp-json\/wp\/v2\/tags?post=1077207"}],"curies":[{"name":"wp","href":"https:\/\/api.w.org\/{rel}","templated":true}]}}