{"id":1077238,"date":"2026-06-07T19:14:38","date_gmt":"2026-06-07T19:14:38","guid":{"rendered":"https:\/\/www.europesays.com\/de\/1077238\/"},"modified":"2026-06-07T19:14:38","modified_gmt":"2026-06-07T19:14:38","slug":"fc-bayern-praesident-herbert-hainer-spricht-ueber-wm-drama-von-lennart-karl-bild","status":"publish","type":"post","link":"https:\/\/www.europesays.com\/de\/1077238\/","title":{"rendered":"FC Bayern: Pr\u00e4sident Herbert Hainer spricht \u00fcber WM-Drama von Lennart Karl! &#8211; BILD"},"content":{"rendered":"<ol>\n<li><a href=\"https:\/\/news.google.com\/rss\/articles\/CBMi3AFBVV95cUxNcWtYdVQxVUthYWxzaXhxQlBPQTJpVHJnRGF1Q013Rk5WYTFIT2tBZ3Yxc3JxQkpWeklfQlY3QmdNaVNpRGFaR0NvSndDTXZJMWFkS1h6WlBaMVp3N1gtNzZubXh5bmkwdDZWQWpBbU1xY1RZcmxMcm1IcTdvdVJRZ1M1TkJwU21Tb01YNENLRnRvZ2VyaFFUb0F5WmIzUTZWemdHNVJZYm1QTkM3NXV2cXAzWU5ybEdHeVluSXlfU1ZoNy1BVi1wZUU2c2t1N1B0eHp5bU5aM05SQWFw?oc=5\" target=\"_blank\" rel=\"nofollow noopener\">FC Bayern: Pr\u00e4sident Herbert Hainer spricht \u00fcber WM-Drama von Lennart Karl!<\/a>&nbsp;&nbsp;BILD<\/li>\n<li><a href=\"https:\/\/news.google.com\/rss\/articles\/CBMi6AFBVV95cUxOc0JRNmdBM1htOGE4WmpYa1lFcGIwai16ZG1XX252b3d3ZDJhY2NQcXZNcXhxaURKY29iaXlhVXp1bnpqT1YyNC1VcmxIRzBhendFRTI4YlhYNnAwR3NDTGY0N3MxVmRaSGYwZjBFYWZQRGpaUzAwUXFtNWRQV0dQNDBIX19yT01veGRMWEREa3NhWlFwLTZnWWd6ODZuT3hEclZmLXNoU21JWm1Ec3IxNXB3V2Y1MzVNdU9pZVJwQmJBeXFPc0xKY0gwZm1jUkg0ZXhaM1V3eFRFSTljOUcyZzFHZ3d3bmRB?oc=5\" target=\"_blank\" rel=\"nofollow noopener\">Fu\u00dfball-WM 2026: Darum ist Assan Ou\u00e9draogo dabei &#8211; und nicht Sa\u00efd El Mala<\/a>&nbsp;&nbsp;Spiegel<\/li>\n<li><a href=\"https:\/\/news.google.com\/rss\/articles\/CBMi6gFBVV95cUxQMlBIeU9KVG5mbUE1SFdoZEVFYUI3eHlnaTFzdEg3T3Y4Y09ZUHJpNXp2ZDF5M3duR1JnODlicWF1NUxaMVlmWGx3Ym1pZWNVSzlKeHB1dS00LXdUYm0zb01jQ2FTbzhJMnB2aEpvb1doemVNMTd0THktNm41d25nVnl3RXlMREJXalhZV01NMUFhRW82VFJoeEZZTUx4Q3RHZEprT0xNZjhRNWxxY1VfZk5JRFdzQVFQY3RWR1pDZEV6dVBud0owR0w3WkNyOEdxS0I1SmJCWGRCTUtwOUtLMEhUY3lpUXo0SFE?oc=5\" target=\"_blank\" rel=\"nofollow noopener\">DFB-Team besiegt USA: Karls Riss und Nagelsmanns Klebstoff vor der WM 2026<\/a>&nbsp;&nbsp;FAZ<\/li>\n<li><a href=\"https:\/\/news.google.com\/rss\/articles\/CBMixgFBVV95cUxNX2paT3VaTDFRWmpkVllhQmJGNExRT1RYZkFiQ3JsSkJ2aW5WaGVTYTVHU3hKQ29lc0tTdTJJVU8ta0VrSE5MS1JUWmJFZURJQnhmSTJYNDR5Z0N5Vk52N1dHUmh1c1FEaldqcHFhclVTR0ppMXp6enE1WWVBV3FaM0JQbkgyMzlxdE5nNnkwcV9WUDFzTXJ5amEyRjBEV0JmN3VLdkZSQ3dvQXhsQkVVeU9TeGV1cG8yakZpcXhKQjZoWlhjMkE?oc=5\" target=\"_blank\" rel=\"nofollow noopener\">Nagelsmann erkl\u00e4rt: Deshalb Ou\u00e9draogo und nicht El Mala \u2013 So reagierte der Leipziger<\/a>&nbsp;&nbsp;Transfermarkt<\/li>\n<li><a href=\"https:\/\/news.google.com\/rss\/articles\/CBMi6gFBVV95cUxPMVZNSHZOM0tvdlJ6V01aV20ydEZaTnpBa1g4aF9MaG9CbXQzVzZveWV6ZXBMUFdfaFk1RGZnLXlWNkwwaGIzSm16SWM5OXZnVUtQQlBOT3dKaUdFMUJiei1wb05hNUpnc3hPM0dqM1lfWkxFa05rWFlZMlRnQ21oVDk2T1dVcFBOSEF4SGhrbENDZmRnbDhKank3UTJ0YkNLVGw1M3VZQkJlTTNUSVVSM3R6SzZPZHhlWHl5SXFHMG5NRGh0OWZxejFZdFRQV1lDNzV0dUNaMFQ3LWRYTE1OSzZnWUNfYlZPcGc?oc=5\" target=\"_blank\" rel=\"nofollow noopener\">Der WM-Kontrast: Weinender Karl und San\u00e9 in der Jubeltraube<\/a>&nbsp;&nbsp;WELT<\/li>\n<\/ol>\n","protected":false},"excerpt":{"rendered":"FC Bayern: Pr\u00e4sident Herbert Hainer spricht \u00fcber WM-Drama von Lennart Karl!&nbsp;&nbsp;BILD Fu\u00dfball-WM 2026: Darum ist Assan Ou\u00e9draogo dabei&hellip;\n","protected":false},"author":2,"featured_media":1077239,"comment_status":"","ping_status":"","sticky":false,"template":"","format":"standard","meta":{"footnotes":"","_share_on_mastodon":"0"},"categories":[136],"tags":[1263,468,29,538,458,347,30,34918,11515,265,1470,1576],"class_list":["post-1077238","post","type-post","status-publish","format-standard","has-post-thumbnail","category-sport","tag-aufmacher-bereich","tag-champions-league","tag-deutschland","tag-erste-bundesliga","tag-fc-bayern-muenchen","tag-fussball","tag-germany","tag-hainer-herbert","tag-kompany-vincent","tag-sport","tag-sport-leuchtturm-muenchen","tag-super-a-teaser"],"share_on_mastodon":{"url":"https:\/\/pubeurope.com\/@de\/116710425679557298","error":""},"_links":{"self":[{"href":"https:\/\/www.europesays.com\/de\/wp-json\/wp\/v2\/posts\/1077238","targetHints":{"allow":["GET"]}}],"collection":[{"href":"https:\/\/www.europesays.com\/de\/wp-json\/wp\/v2\/posts"}],"about":[{"href":"https:\/\/www.europesays.com\/de\/wp-json\/wp\/v2\/types\/post"}],"author":[{"embeddable":true,"href":"https:\/\/www.europesays.com\/de\/wp-json\/wp\/v2\/users\/2"}],"replies":[{"embeddable":true,"href":"https:\/\/www.europesays.com\/de\/wp-json\/wp\/v2\/comments?post=1077238"}],"version-history":[{"count":0,"href":"https:\/\/www.europesays.com\/de\/wp-json\/wp\/v2\/posts\/1077238\/revisions"}],"wp:featuredmedia":[{"embeddable":true,"href":"https:\/\/www.europesays.com\/de\/wp-json\/wp\/v2\/media\/1077239"}],"wp:attachment":[{"href":"https:\/\/www.europesays.com\/de\/wp-json\/wp\/v2\/media?parent=1077238"}],"wp:term":[{"taxonomy":"category","embeddable":true,"href":"https:\/\/www.europesays.com\/de\/wp-json\/wp\/v2\/categories?post=1077238"},{"taxonomy":"post_tag","embeddable":true,"href":"https:\/\/www.europesays.com\/de\/wp-json\/wp\/v2\/tags?post=1077238"}],"curies":[{"name":"wp","href":"https:\/\/api.w.org\/{rel}","templated":true}]}}