{"id":1077281,"date":"2026-06-07T19:46:18","date_gmt":"2026-06-07T19:46:18","guid":{"rendered":"https:\/\/www.europesays.com\/de\/1077281\/"},"modified":"2026-06-07T19:46:18","modified_gmt":"2026-06-07T19:46:18","slug":"bergischer-hc-siegt-und-klettert-noch-auf-platz-13","status":"publish","type":"post","link":"https:\/\/www.europesays.com\/de\/1077281\/","title":{"rendered":"Bergischer HC siegt und klettert noch auf Platz 13"},"content":{"rendered":"<p class=\"text_ohne_einzug richtext text-em-55 !leading-serif mx-6 desktop:mx-0\">Der Bergische HC hat sich mit einem Sieg aus einer \u00fcberaus erfolgreichen Saison verabschiedet. Nachdem der Klassenerhalt bereits fixiert worden war, schlugen die L\u00f6wen am Sonntag in der ausverkauften Uni-Halle den Tabellen-Neunten Frisch Auf G\u00f6ppingen in einem am Ende dramatischen Spiel mit 29:28 (19:13). Als Noah Beyer acht Sekunden vor dem Ende den letzten Siebenmeter zum 29:28 versenkte, war gleichzeitig klar, dass der BHC noch um einen Platz klettern und die Saison mit 22 Z\u00e4hlern auf Rang 13 abschlie\u00dfen w\u00fcrde. Der bisherige 13. Eisenach hatte zum gleichen Zeitpunkt bereits gegen Hamburg verloren. Riesenjubel in der ausverkauften Uni-Halle nach diesem fulminanten Schlusspunkt des Neulings. Mitaufsteiger GWD Minden muss dagegen nach einer abschlie\u00dfenden Niederlage in einem ebenso engen Spiel beim Tabellenletzten Leipzig als Tabellen-17. gleich wieder absteigen.<\/p>\n","protected":false},"excerpt":{"rendered":"Der Bergische HC hat sich mit einem Sieg aus einer \u00fcberaus erfolgreichen Saison verabschiedet. Nachdem der Klassenerhalt bereits&hellip;\n","protected":false},"author":2,"featured_media":1077282,"comment_status":"","ping_status":"","sticky":false,"template":"","format":"standard","meta":{"footnotes":"","_share_on_mastodon":"0"},"categories":[1840],"tags":[11621,228978,2140,216516,23958,9501,9500,3364,29,30,46691,4062,3480,68905,1209,26242,5725,15995,67374,46644,4418],"class_list":["post-1077281","post","type-post","status-publish","format-standard","has-post-thumbnail","category-wuppertal","tag-uni","tag-228978","tag-angriff","tag-angriffsspiel","tag-ausverkauften","tag-beyer","tag-bhc","tag-de","tag-deutschland","tag-germany","tag-goeppingen","tag-halle","tag-minuten","tag-mitspieler","tag-nordrhein-westfalen","tag-saisonspiel","tag-spiel","tag-spielte","tag-tabellen","tag-tabellenletzten","tag-wuppertal"],"share_on_mastodon":{"url":"https:\/\/pubeurope.com\/@de\/116710551547487120","error":""},"_links":{"self":[{"href":"https:\/\/www.europesays.com\/de\/wp-json\/wp\/v2\/posts\/1077281","targetHints":{"allow":["GET"]}}],"collection":[{"href":"https:\/\/www.europesays.com\/de\/wp-json\/wp\/v2\/posts"}],"about":[{"href":"https:\/\/www.europesays.com\/de\/wp-json\/wp\/v2\/types\/post"}],"author":[{"embeddable":true,"href":"https:\/\/www.europesays.com\/de\/wp-json\/wp\/v2\/users\/2"}],"replies":[{"embeddable":true,"href":"https:\/\/www.europesays.com\/de\/wp-json\/wp\/v2\/comments?post=1077281"}],"version-history":[{"count":0,"href":"https:\/\/www.europesays.com\/de\/wp-json\/wp\/v2\/posts\/1077281\/revisions"}],"wp:featuredmedia":[{"embeddable":true,"href":"https:\/\/www.europesays.com\/de\/wp-json\/wp\/v2\/media\/1077282"}],"wp:attachment":[{"href":"https:\/\/www.europesays.com\/de\/wp-json\/wp\/v2\/media?parent=1077281"}],"wp:term":[{"taxonomy":"category","embeddable":true,"href":"https:\/\/www.europesays.com\/de\/wp-json\/wp\/v2\/categories?post=1077281"},{"taxonomy":"post_tag","embeddable":true,"href":"https:\/\/www.europesays.com\/de\/wp-json\/wp\/v2\/tags?post=1077281"}],"curies":[{"name":"wp","href":"https:\/\/api.w.org\/{rel}","templated":true}]}}