{"id":1077317,"date":"2026-06-07T20:10:05","date_gmt":"2026-06-07T20:10:05","guid":{"rendered":"https:\/\/www.europesays.com\/de\/1077317\/"},"modified":"2026-06-07T20:10:05","modified_gmt":"2026-06-07T20:10:05","slug":"lars-gindorf-hannover-boss-aeussert-sich-zu-aachens-rekordstuermer","status":"publish","type":"post","link":"https:\/\/www.europesays.com\/de\/1077317\/","title":{"rendered":"Lars Gindorf: Hannover-Boss \u00e4u\u00dfert sich zu Aachens Rekordst\u00fcrmer"},"content":{"rendered":"<p>Nach Rekordsaison in Aachen <\/p>\n<p>Was passiert mit Gindorf? Neuer Hannover-Boss \u00e4u\u00dfert sich<\/p>\n<p>Aktualisiert am 06.06.2026 &#8211; 12:36 UhrLesedauer: 2 Min.<\/p>\n<p><a href=\"#focus-0\" class=\"transition-colors duration-200 block text-current relative\" data-sctrack=\"FocusGalleryImage.Reference\"><img fetchpriority=\"high\" data-testid=\"Opener.Image\"   loading=\"eager\" src=\"https:\/\/www.europesays.com\/de\/wp-content\/uploads\/2026\/06\/lars-gindorf-archivbild-er-steht-als-spieler-der-saison-zur-auswahl.jpg\" alt=\"imago images 1076875867\" title=\"imago images 1076875867\" width=\"2734\" height=\"1538\" class=\"bg-[url:var(--lqipURL)] bg-cover bg-center flex h-full w-full max-w-full\" style=\"--lqipURL:url('https:\/\/images.t-online.de\/2026\/05\/33Qggp6V2gnf\/222x344:2734x1538\/fit-in\/150x0\/filters:blur(25)\/lars-gindorf-archivbild-er-steht-als-spieler-der-saison-zur-auswahl.jpg')\" decoding=\"async\"\/><img loading=\"lazy\" src=\"https:\/\/aachen.t-online.de\/s\/paper\/_next\/static\/media\/zoom-in.f7dae02f.svg\" alt=\"Vergr\u00f6\u00dfern des Bildes\" title=\"Vergr\u00f6\u00dfern des Bildes\" class=\"block h-[calc(var(--height)_\/_16_*_1rem)] w-[calc(var(--width)_\/_16_*_1rem)] max-w-none absolute bottom-8 right-8 rounded-4 bg-snow p-8\" style=\"--width:32;--height:32\" decoding=\"async\"\/><\/a><\/p>\n<p>Lars Gindorf (Archivbild): Beleibt er in Hannover? (Quelle: IMAGO\/Orhan Habash)<\/p>\n<p><img loading=\"lazy\" src=\"https:\/\/aachen.t-online.de\/s\/paper\/_next\/static\/media\/audio-volume.6689034c.svg\" alt=\"\" title=\"\" class=\"block h-[calc(var(--height)_\/_16_*_1rem)] w-[calc(var(--width)_\/_16_*_1rem)] max-w-none group-hover:brightness-0 group-hover:invert\" style=\"--width:16;--height:16\" decoding=\"async\"\/>Vorlesen<\/p>\n<p>Aktuelle Zeit:0:00Gesamtdauer:0:00<\/p>\n<p>1x<\/p>\n<p class=\"text-center\">Jetzt neu bei t-online:<\/p>\n<p class=\"text-center\">Schriftgr\u00f6\u00dfe anpassen!<\/p>\n<p><img loading=\"lazy\" src=\"https:\/\/aachen.t-online.de\/s\/paper\/_next\/static\/media\/font-sizes.32942e33.svg\" alt=\"\" title=\"\" class=\"block h-[calc(var(--height)_\/_16_*_1rem)] w-[calc(var(--width)_\/_16_*_1rem)] max-w-none group-hover:hidden group-aria-expanded:hidden\" style=\"--width:16;--height:16\" decoding=\"async\"\/><img loading=\"lazy\" src=\"https:\/\/aachen.t-online.de\/s\/paper\/_next\/static\/media\/font-sizes-dark-mode.e382645c.svg\" alt=\"\" title=\"\" class=\"block h-[calc(var(--height)_\/_16_*_1rem)] w-[calc(var(--width)_\/_16_*_1rem)] max-w-none hidden group-hover:block group-aria-expanded:block\" style=\"--width:16;--height:16\" decoding=\"async\"\/><img loading=\"lazy\" src=\"https:\/\/aachen.t-online.de\/s\/paper\/_next\/static\/media\/sharing-menu-icon.1eb71368.svg\" alt=\"\" title=\"\" class=\"block h-[calc(var(--height)_\/_16_*_1rem)] w-[calc(var(--width)_\/_16_*_1rem)] max-w-none group-hover:brightness-0 group-hover:invert\" style=\"--width:16;--height:16\" decoding=\"async\"\/>Artikel teilen<\/p>\n<p class=\"font-bold text-18 leading-17 user-text-lg:text-22 user-text-xl:text-24\">Lars Gindorf lieferte bei Alemannia Aachen die beste Drittliga-Saison aller Zeiten. Hannovers neuer Boss Jonas Boldt will nun vermitteln.<\/p>\n<p class=\"text-18 leading-17 user-text-lg:text-22 user-text-xl:text-24\">Als Lars Gindorf sp\u00e4t im August 2025 per Leihe von Hannover 96 zur Alemannia wechselte, h\u00e4tten wohl nur die wenigsten mit einer solchen Saison gerechnet: <a class=\"transition-colors duration-200 cursor-pointer text-inherit no-underline text-salemsfur md:hover:text-magenta md:hover:border-magenta md:focus:text-magenta border-current border-b border-solid break-words\" data-tracking=\"{&quot;action&quot;:&quot;click&quot;,&quot;category&quot;:&quot;intextLink&quot;,&quot;label&quot;:&quot;\/region\/aachen\/id_101257120\/alemannia-aachen-6-1-sieg-gegen-havelse-gindorf-knackt-naechsten-rekord.html&quot;}\" href=\"https:\/\/aachen.t-online.de\/region\/aachen\/id_101257120\/alemannia-aachen-6-1-sieg-gegen-havelse-gindorf-knackt-naechsten-rekord.html\" data-sctrack=\"BodyAnchor\" rel=\"nofollow noopener\" target=\"_blank\">28 Tore und 14 Vorlagen lieferte der 24-J\u00e4hrige ab, womit er sich den Rekord f\u00fcr die meisten Tore und Scorerpunkte in einer Drittliga-Saison holte<\/a>. Zusammen mit <a class=\"transition-colors duration-200 cursor-pointer text-inherit no-underline text-salemsfur md:hover:text-magenta md:hover:border-magenta md:focus:text-magenta border-current border-b border-solid break-words\" data-tracking=\"{&quot;action&quot;:&quot;click&quot;,&quot;category&quot;:&quot;intextLink&quot;,&quot;label&quot;:&quot;\/region\/aachen\/id_101239246\/alemannia-aachen-lars-gindorf-und-mika-schroers-sichern-sich-rekord-.html&quot;}\" href=\"https:\/\/aachen.t-online.de\/region\/aachen\/id_101239246\/alemannia-aachen-lars-gindorf-und-mika-schroers-sichern-sich-rekord-.html\" data-sctrack=\"BodyAnchor\" rel=\"nofollow noopener\" target=\"_blank\">Sturmpartner Mika Schroers (21 Tore) bildete er das torgef\u00e4hrlichste Duo in der Geschichte der 3. Liga.<\/a><\/p>\n<p class=\"text-18 leading-17 user-text-lg:text-22 user-text-xl:text-24\">Im Juli kehrt er jetzt zu Zweitligist Hannover zur\u00fcck \u2013 eigentlich. Denn sein Verh\u00e4ltnis zu 96-Trainer Christian Titz gilt als schwierig: Freigeist Gindorf, der zwischen offensivem Mittelfeld und der Mittelst\u00fcrmerposition variiert, passte nicht in sein 3-5-2-Spielsystem. Hannover hatte ihn deswegen nach Aachen ausgeliehen. Bereits im Winter verzichtete Titz auf eine vorzeitige R\u00fcckholaktion, Kontakt zwischen den beiden soll nicht bestanden haben.<\/p>\n<ul class=\"text-18 leading-17 block pl-24 *:pb-16 *:before:inline-block *:before:size-8 *:before:bg-magenta *:before:-ml-[20px] *:before:mb-2 *:before:mr-12 *:before:mt-0\">\n<li><strong class=\"font-bold\">Vor fast 20 Jahren:<\/strong> <a class=\"transition-colors duration-200 cursor-pointer text-inherit no-underline text-salemsfur md:hover:text-magenta md:hover:border-magenta md:focus:text-magenta border-current border-b border-solid break-words\" data-tracking=\"{&quot;action&quot;:&quot;click&quot;,&quot;category&quot;:&quot;intextLink&quot;,&quot;label&quot;:&quot;\/region\/aachen\/id_101258550\/aachen-im-jahr-2006-manuel-neuer-gibt-sein-profi-debuet.html&quot;}\" href=\"https:\/\/aachen.t-online.de\/region\/aachen\/id_101258550\/aachen-im-jahr-2006-manuel-neuer-gibt-sein-profi-debuet.html\" data-sctrack=\"BodyAnchor\" rel=\"nofollow noopener\" target=\"_blank\">Als Manuel Neuers Weltkarriere auf dem Aachener Tivoli startete<\/a><\/li>\n<li><strong class=\"font-bold\">Heute vor 22 Jahren:<\/strong> <a class=\"transition-colors duration-200 cursor-pointer text-inherit no-underline text-salemsfur md:hover:text-magenta md:hover:border-magenta md:focus:text-magenta border-current border-b border-solid break-words\" data-tracking=\"{&quot;action&quot;:&quot;click&quot;,&quot;category&quot;:&quot;intextLink&quot;,&quot;label&quot;:&quot;\/region\/aachen\/id_101273182\/29-mai-2004-zweitligist-alemannia-aachen-steht-im-dfb-pokalfinale.html&quot;}\" href=\"https:\/\/aachen.t-online.de\/region\/aachen\/id_101273182\/29-mai-2004-zweitligist-alemannia-aachen-steht-im-dfb-pokalfinale.html\" data-sctrack=\"BodyAnchor\" rel=\"nofollow noopener\" target=\"_blank\">Als die Alemannia sensationell im DFB-Pokalfinale stand<\/a><\/li>\n<\/ul>\n<p class=\"text-18 leading-17 user-text-lg:text-22 user-text-xl:text-24\">Jetzt k\u00fcndigte Hannovers neuer Gesch\u00e4ftsf\u00fchrer Sport, Jonas Boldt, an, zwischen Titz und Gindorf vermitteln zu wollen. <a class=\"transition-colors duration-200 cursor-pointer text-inherit no-underline text-salemsfur md:hover:text-magenta md:hover:border-magenta md:focus:text-magenta border-current border-b border-solid break-words\" data-tracking=\"{&quot;action&quot;:&quot;click&quot;,&quot;category&quot;:&quot;intextLink&quot;,&quot;label&quot;:&quot;https:\/\/hannover.t-online.de\/region\/hannover\/id_101278354\/hannover-96-jonas-boldt-hatte-zweifel-an-neuem-job-das-ueberzeugte-ihn.html&quot;}\" href=\"https:\/\/hannover.t-online.de\/region\/hannover\/id_101278354\/hannover-96-jonas-boldt-hatte-zweifel-an-neuem-job-das-ueberzeugte-ihn.html\" data-sctrack=\"BodyAnchor\" rel=\"nofollow noopener\" target=\"_blank\">Boldt war vergangene Woche als neuer 96-Boss vorgestellt worden, am Montag hatte er dort seinen ersten Arbeitstag.<\/a> Der Ex-HSV-Sportvorstand will mit Hannover nach dem verpassten Aufstieg in der abgelaufenen Saison zur\u00fcck in die Bundesliga.<\/p>\n<p><a href=\"#focus-1\" class=\"transition-colors duration-200 block text-current relative\" data-sctrack=\"FocusGalleryImage.Reference\"><img   loading=\"lazy\" src=\"https:\/\/www.europesays.com\/de\/wp-content\/uploads\/2026\/06\/jonas-boldt-archivbild-er-ist-der-neue-geschaeftsfuehrer-bei-hannover-96.jpg\" alt=\"imago images 1071685022\" title=\"imago images 1071685022\" width=\"4870\" height=\"2739\" class=\"h-full w-full max-w-full rounded-8\" decoding=\"async\"\/><img loading=\"lazy\" src=\"https:\/\/aachen.t-online.de\/s\/paper\/_next\/static\/media\/zoom-in.f7dae02f.svg\" alt=\"Vergr\u00f6\u00dfern des Bildes\" title=\"Vergr\u00f6\u00dfern des Bildes\" class=\"block h-[calc(var(--height)_\/_16_*_1rem)] w-[calc(var(--width)_\/_16_*_1rem)] max-w-none absolute bottom-8 right-8 rounded-4 bg-snow p-8\" style=\"--width:32;--height:32\" decoding=\"async\"\/>Jonas Boldt (Archivbild): Er ist der neue Gesch\u00e4ftsf\u00fchrer bei Hannover 96. (Quelle: IMAGO\/Noah Wedel)<\/a><\/p>\n<p>96-Boss \u00fcber Gindorf: &#8222;Durchaus m\u00f6glich, dass der Spieler hier erst mal aufschl\u00e4gt&#8220;<\/p>\n<p class=\"text-18 leading-17 user-text-lg:text-22 user-text-xl:text-24\">Bei einer Pressekonferenz sagte er, dass er das Thema Gindorf &#8222;nat\u00fcrlich wahrgenommen&#8220; habe. &#8222;Das ist eine interessante Baustelle. Das muss man sicher mit allen Beteiligten mal bewerten&#8220;, so Boldt. Er halte es f\u00fcr &#8222;durchaus m\u00f6glich, dass der Spieler hier erst mal aufschl\u00e4gt, dass ich ihn erstmal kennenlerne&#8220;. Er habe sich mehrere Drittligaspiele von Gindorf angeschaut und einen &#8222;engen Draht&#8220; zu Aachens Gesch\u00e4ftsf\u00fchrer Sport Rachid Azzouzi.<\/p>\n<p class=\"text-18 leading-17 user-text-lg:text-22 user-text-xl:text-24\">Weiter wolle er aber nicht &#8222;\u00fcber einzelne Personalien sprechen, ohne mit den Kandidaten selbst gesprochen zu haben&#8220;, erkl\u00e4rte Boldt. <a class=\"transition-colors duration-200 cursor-pointer text-inherit no-underline text-salemsfur md:hover:text-magenta md:hover:border-magenta md:focus:text-magenta border-current border-b border-solid break-words\" data-tracking=\"{&quot;action&quot;:&quot;click&quot;,&quot;category&quot;:&quot;intextLink&quot;,&quot;label&quot;:&quot;\/region\/aachen\/id_101172224\/alemannia-aachen-torjaeger-lars-gindorf-aeussert-sich-zu-seiner-zukunft-.html&quot;}\" href=\"https:\/\/aachen.t-online.de\/region\/aachen\/id_101172224\/alemannia-aachen-torjaeger-lars-gindorf-aeussert-sich-zu-seiner-zukunft-.html\" data-sctrack=\"BodyAnchor\" rel=\"nofollow noopener\" target=\"_blank\">Gindorf selbst hatte sich im Fr\u00fchjahr in einem Podcast ebenfalls skeptisch zu seiner Zukunft in Hannover ge\u00e4u\u00dfert.<\/a> Sein k\u00fcrzlicher Wechsel zur Agentur &#8222;Sports 360&#8220; von Star-Berater Volker Struth wurde ebenfalls als Zeichen gewertet, dass er einen Wechsel anstrebt. Dort stehen unter anderem Bundestrainer Julian Nagelsmann, Nationalspieler Florian Wirtz sowie Weltmeister Toni Kroos unter Vertrag.<\/p>\n<p class=\"text-18 leading-17 user-text-lg:text-22 user-text-xl:text-24\">Gindorf besitzt bei 96 noch einen Vertrag bis 2027. <a class=\"transition-colors duration-200 cursor-pointer text-inherit no-underline text-salemsfur md:hover:text-magenta md:hover:border-magenta md:focus:text-magenta border-current border-b border-solid break-words\" data-tracking=\"{&quot;action&quot;:&quot;click&quot;,&quot;category&quot;:&quot;intextLink&quot;,&quot;label&quot;:&quot;\/region\/aachen\/id_101270016\/alemannia-aachen-rapper-finch-raet-union-berlin-zu-lars-gindorf.html&quot;}\" href=\"https:\/\/aachen.t-online.de\/region\/aachen\/id_101270016\/alemannia-aachen-rapper-finch-raet-union-berlin-zu-lars-gindorf.html\" data-sctrack=\"BodyAnchor\" rel=\"nofollow noopener\" target=\"_blank\">Diesen Sommer w\u00e4re somit die letzte M\u00f6glichkeit, ihn zu verkaufen, bevor er im kommenden Jahr abl\u00f6sefrei wechseln k\u00f6nnte.<\/a> Sein Marktwert betr\u00e4gt aktuell eine Million Euro, ein Verkauf w\u00fcrde Hannover voraussichtlich noch etwas mehr einbringen. Mehrere namentlich nicht genannte Clubs sollen an ihm interessiert sein.<\/p>\n","protected":false},"excerpt":{"rendered":"Nach Rekordsaison in Aachen Was passiert mit Gindorf? Neuer Hannover-Boss \u00e4u\u00dfert sich Aktualisiert am 06.06.2026 &#8211; 12:36 UhrLesedauer:&hellip;\n","protected":false},"author":2,"featured_media":1077318,"comment_status":"","ping_status":"","sticky":false,"template":"","format":"standard","meta":{"footnotes":"","_share_on_mastodon":"0"},"categories":[1836],"tags":[72885,621,1424,999,27367,3364,29,30,46,2366,35537,85960,11200,102665,1411,228046,28834],"class_list":["post-1077317","post","type-post","status-publish","format-standard","has-post-thumbnail","category-hannover","tag-72885","tag-2-bundesliga","tag-aachen","tag-alemannia-aachen","tag-christian-titz","tag-de","tag-deutschland","tag-germany","tag-hannover","tag-hannover-96","tag-jonas-boldt","tag-lars-gindorf","tag-manuel-neuer","tag-mika-schroer","tag-niedersachsen","tag-rekordsaison","tag-titz"],"share_on_mastodon":{"url":"https:\/\/pubeurope.com\/@de\/116710647735878873","error":""},"_links":{"self":[{"href":"https:\/\/www.europesays.com\/de\/wp-json\/wp\/v2\/posts\/1077317","targetHints":{"allow":["GET"]}}],"collection":[{"href":"https:\/\/www.europesays.com\/de\/wp-json\/wp\/v2\/posts"}],"about":[{"href":"https:\/\/www.europesays.com\/de\/wp-json\/wp\/v2\/types\/post"}],"author":[{"embeddable":true,"href":"https:\/\/www.europesays.com\/de\/wp-json\/wp\/v2\/users\/2"}],"replies":[{"embeddable":true,"href":"https:\/\/www.europesays.com\/de\/wp-json\/wp\/v2\/comments?post=1077317"}],"version-history":[{"count":0,"href":"https:\/\/www.europesays.com\/de\/wp-json\/wp\/v2\/posts\/1077317\/revisions"}],"wp:featuredmedia":[{"embeddable":true,"href":"https:\/\/www.europesays.com\/de\/wp-json\/wp\/v2\/media\/1077318"}],"wp:attachment":[{"href":"https:\/\/www.europesays.com\/de\/wp-json\/wp\/v2\/media?parent=1077317"}],"wp:term":[{"taxonomy":"category","embeddable":true,"href":"https:\/\/www.europesays.com\/de\/wp-json\/wp\/v2\/categories?post=1077317"},{"taxonomy":"post_tag","embeddable":true,"href":"https:\/\/www.europesays.com\/de\/wp-json\/wp\/v2\/tags?post=1077317"}],"curies":[{"name":"wp","href":"https:\/\/api.w.org\/{rel}","templated":true}]}}