{"id":1077380,"date":"2026-06-07T20:58:19","date_gmt":"2026-06-07T20:58:19","guid":{"rendered":"https:\/\/www.europesays.com\/de\/1077380\/"},"modified":"2026-06-07T20:58:19","modified_gmt":"2026-06-07T20:58:19","slug":"formel-1-kim-kardashian-stiehlt-charlene-die-monaco-show-sport","status":"publish","type":"post","link":"https:\/\/www.europesays.com\/de\/1077380\/","title":{"rendered":"Formel 1: Kim Kardashian stiehlt Charlene die Monaco-Show | Sport"},"content":{"rendered":"<p><a class=\"skip-content skip-content--link\" href=\"#in-content-skip-link-target-v-0-0\">TTS-Player \u00fcberspringen\u21b5<\/a><a id=\"in-content-skip-link-target-v-0-0\" class=\"skip-content--target-link-hidden skip-content skip-content--target-link\" href=\"#in-content-skip-link-target-v-0-0\">Artikel weiterlesen<\/a><\/p>\n<p data-21134c99=\"0-2399\"><a href=\"https:\/\/www.bild.de\/sport\/mehr-sport\/formel-1-strasse-geplatzt-chaos-sieg-von-mercedes-in-monaco-6a257178b20db0d89b65840c\" class=\"text-link\" rel=\"nofollow noopener\" target=\"_blank\"><b>Kimi Antonelli (19) schreibt Formel-1-Geschichte<\/b><\/a><b>! Mit seinem f\u00fcnften Sieg in Folge kr\u00f6nt sich der Mercedes-Youngster zum neuen K\u00f6nig von Monaco und ist nun der j\u00fcngste Sieger, den das F\u00fcrstentum je gesehen hat. Eigentlich geh\u00f6rt nach dem Rennen traditionell einer Frau die gro\u00dfe B\u00fchne: F\u00fcrstin Charl\u00e8ne (47), die gemeinsam mit Albert II. die Troph\u00e4en \u00fcberreicht.<\/b><\/p>\n<p data-21134c99=\"0-2399\">Doch diesmal wurde selbst die F\u00fcrstin in den Schatten gestellt.<\/p>\n<p>Mehr zum Thema<\/p>\n<p data-21134c99=\"0-2399\"><b>Denn auf den Trib\u00fcnen und im Fahrerlager zog vor allem ein Weltstar die Blicke auf sich: Kim Kardashian (45).<\/b><\/p>\n<p>Monaco tuschelt \u00fcber Hamilton und Kim<\/p>\n<p data-21134c99=\"0-2399\">Schon Stunden vor dem Start sorgte die US-Unternehmerin, Reality-Ikone und Milliard\u00e4rin f\u00fcr Aufsehen. Kaum betrat Kardashian das Fahrerlager, bildeten sich Menschentrauben. Fotografen, Kamerateams, Fans \u2013 alle wollten nur sie.<\/p>\n<p><img decoding=\"async\" width=\"992\" height=\"1315\" alt=\"Kim Kardashian posierte wohl nicht grundlos vor der Garage von Lewis Hamilton\" src=\"https:\/\/www.europesays.com\/de\/wp-content\/uploads\/2026\/06\/458ddd3fa03e0287756ed3fff519dc97,4bbe4ce.jpeg\"   class=\"dynamic\" loading=\"lazy\"\/><\/p>\n<p class=\"fig__caption__text\">Kim Kardashian posierte wohl nicht grundlos vor der Garage von Lewis Hamilton<\/p>\n<p>Foto: picture alliance\/ipa-agency<\/p>\n<p data-21134c99=\"0-2399\">Der Grund f\u00fcr das enorme Interesse: Seit Monaten wird immer wieder \u00fcber eine m\u00f6gliche Ann\u00e4herung zwischen Kardashian und Lewis Hamilton (41) spekuliert. Offiziell best\u00e4tigt ist nichts. Beide \u00e4u\u00dfern sich konsequent nicht zu den Ger\u00fcchten. Doch gemeinsame Auftritte und gegenseitige Besuche bei Events sorgen regelm\u00e4\u00dfig f\u00fcr neue Spekulationen.<\/p>\n<p data-21134c99=\"0-2399\">Auch in Monaco lie\u00df Kardashian Fragen zu ihrem Verh\u00e4ltnis zum Ferrari-Star elegant ins Leere laufen. Als Reporter sie auf Hamilton ansprachen, gab es nur ein vielsagendes L\u00e4cheln \u2013 mehr nicht. Pokerface deluxe.<\/p>\n<p>Hamilton liefert \u2013 Kim strahlt<\/p>\n<p data-21134c99=\"0-2399\">W\u00e4hrend Antonelli auf der Strecke Geschichte schrieb, zeigte auch Hamilton ein starkes Rennen. Der siebenmalige Weltmeister raste auf Rang zwei.<\/p>\n<p data-21134c99=\"0-2399\">Bei der Siegerehrung war die Freude bei Kardashian kaum zu \u00fcbersehen. Sie mischte sich unter die G\u00e4ste vor dem Podium und jubelte, als Hamilton seinen Pokal in Empfang nahm. Dabei wurde sie sogar vom Sieger-Champagner bespritzt. Auf Fotos ist zu sehen, wie Kim Kardashian mit nassen Haaren den Bereich vor dem Podium verl\u00e4sst. <\/p>\n<p>Antonelli hat nur Augen f\u00fcr sein Team<\/p>\n<p data-21134c99=\"0-2399\">Der eigentliche Sieger des Tages bekam von all dem Trubel kaum etwas mit. Als Antonelli auf dem Podium den gr\u00f6\u00dften Erfolg seiner Karriere feierte, interessierte ihn weder die Prominenz auf den Trib\u00fcnen noch die royale Kulisse. <\/p>\n<p><img decoding=\"async\" width=\"992\" height=\"665\" alt=\"Kimi Antonelli ist jetzt der j\u00fcngste Monaco-Sieger aller Zeiten\" src=\"https:\/\/www.europesays.com\/de\/wp-content\/uploads\/2026\/06\/b40d0c100223eb631b708d08b9e58a00,1e3a5616.jpeg\"   class=\"dynamic\" loading=\"lazy\"\/><\/p>\n<p class=\"fig__caption__text\">Kimi Antonelli ist jetzt der j\u00fcngste Monaco-Sieger aller Zeiten<\/p>\n<p>Foto: REUTERS<\/p>\n<p data-21134c99=\"0-2399\">Stattdessen wollte er einfach mit seinem Mercedes-Teamchef Toto Wolff und seinen Podest-Kollegen Lewis Hamilton und Isack Hadjar feiern. Doch w\u00e4hrend der Italiener den Monaco-Thron eroberte, geh\u00f6rt die Show-Krone einmal mehr Kim Kardashian.<\/p>\n","protected":false},"excerpt":{"rendered":"TTS-Player \u00fcberspringen\u21b5Artikel weiterlesen Kimi Antonelli (19) schreibt Formel-1-Geschichte! Mit seinem f\u00fcnften Sieg in Folge kr\u00f6nt sich der Mercedes-Youngster&hellip;\n","protected":false},"author":2,"featured_media":1077381,"comment_status":"","ping_status":"","sticky":false,"template":"","format":"standard","meta":{"footnotes":"","_share_on_mastodon":"0"},"categories":[155],"tags":[29,214,1572,30,17776,5271,2911,215,1571,35741],"class_list":["post-1077380","post","type-post","status-publish","format-standard","has-post-thumbnail","category-unterhaltung","tag-deutschland","tag-entertainment","tag-formel-1","tag-germany","tag-hamilton-lewis","tag-kardashian-kim","tag-mercedes","tag-unterhaltung","tag-verstappen-max","tag-vettel-sebastian"],"share_on_mastodon":{"url":"https:\/\/pubeurope.com\/@de\/116710834701289517","error":""},"_links":{"self":[{"href":"https:\/\/www.europesays.com\/de\/wp-json\/wp\/v2\/posts\/1077380","targetHints":{"allow":["GET"]}}],"collection":[{"href":"https:\/\/www.europesays.com\/de\/wp-json\/wp\/v2\/posts"}],"about":[{"href":"https:\/\/www.europesays.com\/de\/wp-json\/wp\/v2\/types\/post"}],"author":[{"embeddable":true,"href":"https:\/\/www.europesays.com\/de\/wp-json\/wp\/v2\/users\/2"}],"replies":[{"embeddable":true,"href":"https:\/\/www.europesays.com\/de\/wp-json\/wp\/v2\/comments?post=1077380"}],"version-history":[{"count":0,"href":"https:\/\/www.europesays.com\/de\/wp-json\/wp\/v2\/posts\/1077380\/revisions"}],"wp:featuredmedia":[{"embeddable":true,"href":"https:\/\/www.europesays.com\/de\/wp-json\/wp\/v2\/media\/1077381"}],"wp:attachment":[{"href":"https:\/\/www.europesays.com\/de\/wp-json\/wp\/v2\/media?parent=1077380"}],"wp:term":[{"taxonomy":"category","embeddable":true,"href":"https:\/\/www.europesays.com\/de\/wp-json\/wp\/v2\/categories?post=1077380"},{"taxonomy":"post_tag","embeddable":true,"href":"https:\/\/www.europesays.com\/de\/wp-json\/wp\/v2\/tags?post=1077380"}],"curies":[{"name":"wp","href":"https:\/\/api.w.org\/{rel}","templated":true}]}}