{"id":1077417,"date":"2026-06-07T21:26:16","date_gmt":"2026-06-07T21:26:16","guid":{"rendered":"https:\/\/www.europesays.com\/de\/1077417\/"},"modified":"2026-06-07T21:26:16","modified_gmt":"2026-06-07T21:26:16","slug":"2-bundesliga-ex-profi-oliver-kirch-wird-coach-bei-arminia-bielefeld","status":"publish","type":"post","link":"https:\/\/www.europesays.com\/de\/1077417\/","title":{"rendered":"2. Bundesliga: Ex-Profi Oliver Kirch wird Coach bei Arminia Bielefeld"},"content":{"rendered":"<p>&#8222;Die richtige L\u00f6sung&#8220; <\/p>\n<p>Zweitligist Bielefeld macht Ex-BVB-Spieler zum Trainer<\/p>\n<p>05.06.2026Lesedauer: 2 Min.<\/p>\n<p><a href=\"#focus-0\" class=\"transition-colors duration-200 block text-current relative\" data-sctrack=\"FocusGalleryImage.Reference\"><img fetchpriority=\"high\" data-testid=\"Opener.Image\"   loading=\"eager\" src=\"https:\/\/www.europesays.com\/de\/wp-content\/uploads\/2026\/06\/oliver-kirch-der-ehemalige-dortmunder-war-zuletzt-trainer-der-u23-trainer-von-borussia-moenchengladb.jpeg\" alt=\"Oliver Kirch: Der ehemalige Dortmunder war zuletzt Trainer der U23-Trainer von Borussia M\u00f6nchengladbach.\" title=\"Oliver Kirch: Der ehemalige Dortmunder war zuletzt Trainer der U23-Trainer von Borussia M\u00f6nchengladbach.\" width=\"2843\" height=\"1599\" class=\"bg-[url:var(--lqipURL)] bg-cover bg-center flex h-full w-full max-w-full\" style=\"--lqipURL:url('https:\/\/images.t-online.de\/2026\/06\/hmdsqZUAhMTG\/184x121:2843x1599\/fit-in\/150x0\/filters:blur(25)\/oliver-kirch-der-ehemalige-dortmunder-war-zuletzt-trainer-der-u23-trainer-von-borussia-moenchengladbach.jpg')\" decoding=\"async\"\/><img loading=\"lazy\" src=\"https:\/\/www.t-online.de\/s\/paper\/_next\/static\/media\/zoom-in.f7dae02f.svg\" alt=\"Vergr\u00f6\u00dfern des Bildes\" title=\"Vergr\u00f6\u00dfern des Bildes\" class=\"block h-[calc(var(--height)_\/_16_*_1rem)] w-[calc(var(--width)_\/_16_*_1rem)] max-w-none absolute bottom-8 right-8 rounded-4 bg-snow p-8\" style=\"--width:32;--height:32\" decoding=\"async\"\/><\/a><\/p>\n<p>Oliver Kirch: Der ehemalige Dortmunder war zuletzt Trainer der U23 von Borussia M\u00f6nchengladbach. (Quelle: IMAGO\/Jan Huebner)<\/p>\n<p><img loading=\"lazy\" src=\"https:\/\/www.t-online.de\/s\/paper\/_next\/static\/media\/audio-volume.6689034c.svg\" alt=\"\" title=\"\" class=\"block h-[calc(var(--height)_\/_16_*_1rem)] w-[calc(var(--width)_\/_16_*_1rem)] max-w-none group-hover:brightness-0 group-hover:invert\" style=\"--width:16;--height:16\" decoding=\"async\"\/>Vorlesen<\/p>\n<p>Aktuelle Zeit:0:00Gesamtdauer:0:00<\/p>\n<p>1x<\/p>\n<p class=\"text-center\">Jetzt neu bei t-online:<\/p>\n<p class=\"text-center\">Schriftgr\u00f6\u00dfe anpassen!<\/p>\n<p><img loading=\"lazy\" src=\"https:\/\/www.t-online.de\/s\/paper\/_next\/static\/media\/font-sizes.32942e33.svg\" alt=\"\" title=\"\" class=\"block h-[calc(var(--height)_\/_16_*_1rem)] w-[calc(var(--width)_\/_16_*_1rem)] max-w-none group-hover:hidden group-aria-expanded:hidden\" style=\"--width:16;--height:16\" decoding=\"async\"\/><img loading=\"lazy\" src=\"https:\/\/www.t-online.de\/s\/paper\/_next\/static\/media\/font-sizes-dark-mode.e382645c.svg\" alt=\"\" title=\"\" class=\"block h-[calc(var(--height)_\/_16_*_1rem)] w-[calc(var(--width)_\/_16_*_1rem)] max-w-none hidden group-hover:block group-aria-expanded:block\" style=\"--width:16;--height:16\" decoding=\"async\"\/><img loading=\"lazy\" src=\"https:\/\/www.t-online.de\/s\/paper\/_next\/static\/media\/sharing-menu-icon.1eb71368.svg\" alt=\"\" title=\"\" class=\"block h-[calc(var(--height)_\/_16_*_1rem)] w-[calc(var(--width)_\/_16_*_1rem)] max-w-none group-hover:brightness-0 group-hover:invert\" style=\"--width:16;--height:16\" decoding=\"async\"\/>Artikel teilen<\/p>\n<p class=\"font-bold text-18 leading-17 user-text-lg:text-22 user-text-xl:text-24\">Nach dem Aus von Mitch Kniat war Ex-Pokalfinalist Bielefeld auf der Suche nach einem neuen Trainer \u2013 und ist am Niederrhein f\u00fcndig geworden.<\/p>\n<p class=\"text-18 leading-17 user-text-lg:text-22 user-text-xl:text-24\">Oliver Kirch wird neuer Cheftrainer von <a class=\"transition-colors duration-200 cursor-pointer text-inherit no-underline text-salemsfur md:hover:text-magenta md:hover:border-magenta md:focus:text-magenta border-current border-b border-solid break-words\" data-tracking=\"{&quot;action&quot;:&quot;click&quot;,&quot;category&quot;:&quot;intextLink&quot;,&quot;label&quot;:&quot;\/themen\/arminia-bielefeld\/&quot;}\" href=\"https:\/\/www.t-online.de\/themen\/arminia-bielefeld\/\" data-sctrack=\"BodyAnchor\" rel=\"nofollow noopener\" target=\"_blank\">Arminia Bielefeld<\/a>. Das teilte der Zweitligist am Freitag mit. Kirch kommt von der U23 von <a class=\"transition-colors duration-200 cursor-pointer text-inherit no-underline text-salemsfur md:hover:text-magenta md:hover:border-magenta md:focus:text-magenta border-current border-b border-solid break-words\" data-tracking=\"{&quot;action&quot;:&quot;click&quot;,&quot;category&quot;:&quot;intextLink&quot;,&quot;label&quot;:&quot;\/themen\/borussia-moenchengladbach\/&quot;}\" href=\"https:\/\/www.t-online.de\/themen\/borussia-moenchengladbach\/\" data-sctrack=\"BodyAnchor\" rel=\"nofollow noopener\" target=\"_blank\">Borussia M\u00f6nchengladbach<\/a>, wo er seit Januar Trainer war. Zuvor arbeitete er im Jugendbereich von Gladbach, dem <a class=\"transition-colors duration-200 cursor-pointer text-inherit no-underline text-salemsfur md:hover:text-magenta md:hover:border-magenta md:focus:text-magenta border-current border-b border-solid break-words\" data-tracking=\"{&quot;action&quot;:&quot;click&quot;,&quot;category&quot;:&quot;intextLink&quot;,&quot;label&quot;:&quot;\/themen\/hsv\/&quot;}\" href=\"https:\/\/www.t-online.de\/themen\/hsv\/\" data-sctrack=\"BodyAnchor\" rel=\"nofollow noopener\" target=\"_blank\">HSV<\/a> und Arminia Bielefeld.<\/p>\n<p>Loading&#8230;<img decoding=\"async\" src=\"https:\/\/www.t-online.de\/s\/paper\/_next\/static\/media\/image.e47c3ca7.svg\" alt=\"Symbolbild f\u00fcr eingebettete Inhalte\"\/><\/p>\n<p class=\"text-10 uppercase leading-12 text-manatee\">Embed<\/p>\n<p class=\"text-18 leading-17 user-text-lg:text-22 user-text-xl:text-24\">&#8222;Bei Arminia hat sich vieles positiv entwickelt. Daran m\u00f6chte ich an meiner alten Wirkungsst\u00e4tte ankn\u00fcpfen. Ich werde alles daf\u00fcr geben, um diese positive Entwicklung fortzusetzen&#8220;, erkl\u00e4rte Kirch. Bereits von 2007 bis 2010 spielte er f\u00fcr Bielefeld, ehe es ihn nach Kaiserslautern zog. Zudem spielte Kirch drei Jahre f\u00fcr <a class=\"transition-colors duration-200 cursor-pointer text-inherit no-underline text-salemsfur md:hover:text-magenta md:hover:border-magenta md:focus:text-magenta border-current border-b border-solid break-words\" data-tracking=\"{&quot;action&quot;:&quot;click&quot;,&quot;category&quot;:&quot;intextLink&quot;,&quot;label&quot;:&quot;\/themen\/borussia-dortmund\/&quot;}\" href=\"https:\/\/www.t-online.de\/themen\/borussia-dortmund\/\" data-sctrack=\"BodyAnchor\" rel=\"nofollow noopener\" target=\"_blank\">Borussia Dortmund<\/a>, stand f\u00fcr den <a class=\"transition-colors duration-200 cursor-pointer text-inherit no-underline text-salemsfur md:hover:text-magenta md:hover:border-magenta md:focus:text-magenta border-current border-b border-solid break-words\" data-tracking=\"{&quot;action&quot;:&quot;click&quot;,&quot;category&quot;:&quot;intextLink&quot;,&quot;label&quot;:&quot;\/themen\/borussia-dortmund\/&quot;}\" href=\"https:\/\/www.t-online.de\/themen\/borussia-dortmund\/\" data-sctrack=\"BodyAnchor\" rel=\"nofollow noopener\" target=\"_blank\">BVB<\/a> sogar in der <a class=\"transition-colors duration-200 cursor-pointer text-inherit no-underline text-salemsfur md:hover:text-magenta md:hover:border-magenta md:focus:text-magenta border-current border-b border-solid break-words\" data-tracking=\"{&quot;action&quot;:&quot;click&quot;,&quot;category&quot;:&quot;intextLink&quot;,&quot;label&quot;:&quot;\/sport\/ergebnisse-tabelle\/fussball\/champions-league-m\/ergebnisse\/sdc_fmdo-5\/champions-league-m-aktueller-spieltag.html&quot;}\" href=\"https:\/\/www.t-online.de\/sport\/ergebnisse-tabelle\/fussball\/champions-league-m\/ergebnisse\/sdc_fmdo-5\/champions-league-m-aktueller-spieltag.html\" data-sctrack=\"BodyAnchor\" rel=\"nofollow noopener\" target=\"_blank\">Champions League<\/a> auf dem Platz.<\/p>\n<p>Mutig, intensiv, offensiv<\/p>\n<p class=\"text-18 leading-17 user-text-lg:text-22 user-text-xl:text-24\">Kirch tritt in Bielefeld die Nachfolge von Mitch Kniat an, der nach drei erfolgreichen Jahren die Arminia verlassen hatte. Kniat und die Ostwestfalen konnten sich nicht auf einen gemeinsamen Kurs einigen, sodass es zur Trennung kam. Und das, obwohl Bielefeld unter dem Ex-Trainer den Aufstieg in die <a class=\"transition-colors duration-200 cursor-pointer text-inherit no-underline text-salemsfur md:hover:text-magenta md:hover:border-magenta md:focus:text-magenta border-current border-b border-solid break-words\" data-tracking=\"{&quot;action&quot;:&quot;click&quot;,&quot;category&quot;:&quot;intextLink&quot;,&quot;label&quot;:&quot;\/sport\/fussball\/2-bundesliga\/&quot;}\" href=\"https:\/\/www.t-online.de\/sport\/fussball\/2-bundesliga\/\" data-sctrack=\"BodyAnchor\" rel=\"nofollow noopener\" target=\"_blank\">2. Bundesliga<\/a> und den Einzug ins DFB-Pokal-Finale geschafft hatte. Die Wahl von Sport-Gesch\u00e4ftsf\u00fchrer Mutzel fiel daraufhin auf Kirch.<\/p>\n<p><a href=\"#focus-1\" class=\"transition-colors duration-200 block text-current relative\" data-sctrack=\"FocusGalleryImage.Reference\"><img   loading=\"lazy\" src=\"https:\/\/www.europesays.com\/de\/wp-content\/uploads\/2026\/06\/mitch-kniat-musste-im-sommer-bei-den-ostwestfalen-gehen.jpg\" alt=\"Mitch Kniat musste im Sommer bei den Ostwestfalen gehen.\" title=\"Mitch Kniat musste im Sommer bei den Ostwestfalen gehen.\" width=\"2320\" height=\"1305\" class=\"h-full w-full max-w-full rounded-8\" decoding=\"async\"\/><img loading=\"lazy\" src=\"https:\/\/www.t-online.de\/s\/paper\/_next\/static\/media\/zoom-in.f7dae02f.svg\" alt=\"Vergr\u00f6\u00dfern des Bildes\" title=\"Vergr\u00f6\u00dfern des Bildes\" class=\"block h-[calc(var(--height)_\/_16_*_1rem)] w-[calc(var(--width)_\/_16_*_1rem)] max-w-none absolute bottom-8 right-8 rounded-4 bg-snow p-8\" style=\"--width:32;--height:32\" decoding=\"async\"\/>Mitch Kniat musste im Sommer bei den Ostwestfalen gehen. (Quelle: IMAGO\/Noah Wedel)<\/a><\/p>\n<p class=\"text-18 leading-17 user-text-lg:text-22 user-text-xl:text-24\">&#8222;Unser Ziel war es nicht, die schnellste, sondern die richtige L\u00f6sung zu finden. Die Gespr\u00e4che mit Oliver haben gezeigt, dass wir inhaltlich in die gleiche Richtung denken und er f\u00fcr mutigen, intensiven und offensiven Fu\u00dfball steht&#8220;, sagte Mutzel. &#8222;Zudem hat er in seiner bisherigen Trainerlaufbahn bereits bewiesen, dass er junge Spieler auf hohem Niveau weiterentwickeln kann.&#8220;<\/p>\n<p class=\"text-18 leading-17 user-text-lg:text-22 user-text-xl:text-24\">Dennoch geht die Arminia mit der Entscheidung ein bisschen ins Risiko. Bielefeld ist Kirchs erste Trainerstation im Profibereich.<\/p>\n","protected":false},"excerpt":{"rendered":"&#8222;Die richtige L\u00f6sung&#8220; Zweitligist Bielefeld macht Ex-BVB-Spieler zum Trainer 05.06.2026Lesedauer: 2 Min. Oliver Kirch: Der ehemalige Dortmunder war&hellip;\n","protected":false},"author":2,"featured_media":1077418,"comment_status":"","ping_status":"","sticky":false,"template":"","format":"standard","meta":{"footnotes":"","_share_on_mastodon":"0"},"categories":[1841],"tags":[621,1605,815,403,3364,29,30,14337,5075,15352,3716,1209,151797,3144],"class_list":["post-1077417","post","type-post","status-publish","format-standard","has-post-thumbnail","category-bielefeld","tag-2-bundesliga","tag-bielefeld","tag-borussia-moenchengladbach","tag-bvb","tag-de","tag-deutschland","tag-germany","tag-gladbach","tag-hsv","tag-kaiserslautern","tag-niederrhein","tag-nordrhein-westfalen","tag-oliver-kirch","tag-ostwestfalen"],"share_on_mastodon":{"url":"https:\/\/pubeurope.com\/@de\/116710946671390038","error":""},"_links":{"self":[{"href":"https:\/\/www.europesays.com\/de\/wp-json\/wp\/v2\/posts\/1077417","targetHints":{"allow":["GET"]}}],"collection":[{"href":"https:\/\/www.europesays.com\/de\/wp-json\/wp\/v2\/posts"}],"about":[{"href":"https:\/\/www.europesays.com\/de\/wp-json\/wp\/v2\/types\/post"}],"author":[{"embeddable":true,"href":"https:\/\/www.europesays.com\/de\/wp-json\/wp\/v2\/users\/2"}],"replies":[{"embeddable":true,"href":"https:\/\/www.europesays.com\/de\/wp-json\/wp\/v2\/comments?post=1077417"}],"version-history":[{"count":0,"href":"https:\/\/www.europesays.com\/de\/wp-json\/wp\/v2\/posts\/1077417\/revisions"}],"wp:featuredmedia":[{"embeddable":true,"href":"https:\/\/www.europesays.com\/de\/wp-json\/wp\/v2\/media\/1077418"}],"wp:attachment":[{"href":"https:\/\/www.europesays.com\/de\/wp-json\/wp\/v2\/media?parent=1077417"}],"wp:term":[{"taxonomy":"category","embeddable":true,"href":"https:\/\/www.europesays.com\/de\/wp-json\/wp\/v2\/categories?post=1077417"},{"taxonomy":"post_tag","embeddable":true,"href":"https:\/\/www.europesays.com\/de\/wp-json\/wp\/v2\/tags?post=1077417"}],"curies":[{"name":"wp","href":"https:\/\/api.w.org\/{rel}","templated":true}]}}