{"id":1077548,"date":"2026-06-07T22:47:27","date_gmt":"2026-06-07T22:47:27","guid":{"rendered":"https:\/\/www.europesays.com\/de\/1077548\/"},"modified":"2026-06-07T22:47:27","modified_gmt":"2026-06-07T22:47:27","slug":"drei-kreuzbandrisse-in-4-jahren-ksc-verabschiedet-efe-kaan-sihlaroglu","status":"publish","type":"post","link":"https:\/\/www.europesays.com\/de\/1077548\/","title":{"rendered":"Drei Kreuzbandrisse in 4 Jahren: KSC verabschiedet Efe-Kaan Sihlaroglu"},"content":{"rendered":"<p class=\"mb-6 text-xs md:text-m lg:text-l font-serif group-[.font-sans]:font-sans \">\n    Efe-Kaan Sihlaroglu kam 2016 als vielversprechendes Talent in die Jugend des <a href=\"https:\/\/www.ka-news.de\/ksc\" target=\"_self\" class=\"underline \" rel=\"nofollow noopener\">KSC<\/a>. Zu gro\u00dfen Einsatzzeiten kam er jedoch nie. Nur eine Minute Spielzeit steht f\u00fcr die Profis des KSC zu Buche. Im Sommer wird er den Verein verlassen.\n  <\/p>\n<p>            Von Kreuzbandrissen gebeutelt<\/p>\n<p class=\"mb-6 text-xs md:text-m lg:text-l font-serif group-[.font-sans]:font-sans \">\n    Dass es f\u00fcr Sihlaroglu nicht zu mehr reichte, lag vor allem an seinem Verletzungspech. Innerhalb der letzten vier Jahre zog er sich drei Kreuzbandrisse zu. Immer wieder k\u00e4mpfte er sich zur\u00fcck, immer wieder kam ein neuer R\u00fcckschlag. Vor kurzem konnte er in einem Testspiel der U23 sein Comeback feiern.\n  <\/p>\n<p>    <img decoding=\"async\" src=\"https:\/\/www.europesays.com\/de\/wp-content\/uploads\/2026\/06\/ksc-gegen-hannover-am-27-november.jpg\" alt=\"Efe-Kaan Sihlaroglu gibt sein Deb\u00fct in der 2. Bundesliga (Archivbild, 2021)\" title=\"Efe-Kaan Sihlaroglu gibt sein Deb\u00fct in der 2. Bundesliga (Archivbild, 2021)\" loading=\"lazy\" class=\"h-full w-full object-cover\"\/><\/p>\n<p>      Icon vergr\u00f6\u00dfern<\/p>\n<p>    Efe-Kaan Sihlaroglu gibt sein Deb\u00fct in der 2. Bundesliga (Archivbild, 2021)<br \/>\n    Foto: Mia<\/p>\n<p>        Schlie\u00dfen <\/p>\n<p>      Icon Schlie\u00dfen<\/p>\n<p>        Icon vergr\u00f6\u00dfern<\/p>\n<p>        Icon verkleinern<\/p>\n<p>      Icon Pfeil bewegen<\/p>\n<p>    Efe-Kaan Sihlaroglu gibt sein Deb\u00fct in der 2. Bundesliga (Archivbild, 2021)<br \/>\n    Foto: Mia<\/p>\n<p class=\"mb-6 text-xs md:text-m lg:text-l font-serif group-[.font-sans]:font-sans \">\n    Den Fans wird er als bisher j\u00fcngster KSC-Spieler der Zweitligageschichte in Erinnerung bleiben. Mit 16 Jahren, 4 Monaten und 19 Tagen wurde er im November 2021 gegen Hannover 96 eingewechselt. Und es wird immer bei der Frage bleiben: \u201eWas w\u00e4re gewesen, wenn die Verletzungen nicht gewesen w\u00e4ren?\u201c\n  <\/p>\n","protected":false},"excerpt":{"rendered":"Efe-Kaan Sihlaroglu kam 2016 als vielversprechendes Talent in die Jugend des KSC. Zu gro\u00dfen Einsatzzeiten kam er jedoch&hellip;\n","protected":false},"author":2,"featured_media":1077549,"comment_status":"","ping_status":"","sticky":false,"template":"","format":"standard","meta":{"footnotes":"","_share_on_mastodon":"0"},"categories":[1844],"tags":[1634,3364,29,162703,30,2366,157636,8903,3850,77524],"class_list":["post-1077548","post","type-post","status-publish","format-standard","has-post-thumbnail","category-karlsruhe","tag-baden-wuerttemberg","tag-de","tag-deutschland","tag-einsatzzeit","tag-germany","tag-hannover-96","tag-kaan","tag-karlsruhe","tag-karlsruher-sc","tag-kreuzbandriss"],"share_on_mastodon":{"url":"https:\/\/pubeurope.com\/@de\/116711264797667291","error":""},"_links":{"self":[{"href":"https:\/\/www.europesays.com\/de\/wp-json\/wp\/v2\/posts\/1077548","targetHints":{"allow":["GET"]}}],"collection":[{"href":"https:\/\/www.europesays.com\/de\/wp-json\/wp\/v2\/posts"}],"about":[{"href":"https:\/\/www.europesays.com\/de\/wp-json\/wp\/v2\/types\/post"}],"author":[{"embeddable":true,"href":"https:\/\/www.europesays.com\/de\/wp-json\/wp\/v2\/users\/2"}],"replies":[{"embeddable":true,"href":"https:\/\/www.europesays.com\/de\/wp-json\/wp\/v2\/comments?post=1077548"}],"version-history":[{"count":0,"href":"https:\/\/www.europesays.com\/de\/wp-json\/wp\/v2\/posts\/1077548\/revisions"}],"wp:featuredmedia":[{"embeddable":true,"href":"https:\/\/www.europesays.com\/de\/wp-json\/wp\/v2\/media\/1077549"}],"wp:attachment":[{"href":"https:\/\/www.europesays.com\/de\/wp-json\/wp\/v2\/media?parent=1077548"}],"wp:term":[{"taxonomy":"category","embeddable":true,"href":"https:\/\/www.europesays.com\/de\/wp-json\/wp\/v2\/categories?post=1077548"},{"taxonomy":"post_tag","embeddable":true,"href":"https:\/\/www.europesays.com\/de\/wp-json\/wp\/v2\/tags?post=1077548"}],"curies":[{"name":"wp","href":"https:\/\/api.w.org\/{rel}","templated":true}]}}