{"id":1077560,"date":"2026-06-07T22:55:19","date_gmt":"2026-06-07T22:55:19","guid":{"rendered":"https:\/\/www.europesays.com\/de\/1077560\/"},"modified":"2026-06-07T22:55:19","modified_gmt":"2026-06-07T22:55:19","slug":"fsv-vohwinkel-schliesst-saison-mit-sieg-ab-und-darf-sich-aergern","status":"publish","type":"post","link":"https:\/\/www.europesays.com\/de\/1077560\/","title":{"rendered":"FSV Vohwinkel schlie\u00dft Saison mit Sieg ab und darf sich \u00e4rgern"},"content":{"rendered":"<p class=\"text_ohne_einzug richtext text-em-55 !leading-serif mx-6 desktop:mx-0\"><strong class=\"font-bold dark:text-white-solid\">FSV Vohwinkel &#8211; BV Gr\u00e4frath 5:2 (1:2)<\/strong>. Nachdem der FSV Vohwinkel in der Vorwoche beim 3:3 in Solingen gegen die Zweitvertretung des DV Solingen (rettete sich durch einen 1:0-Erfolg beim SV Solingen noch aus eigener Kraft) alle Aufstiegschancen hatte begraben m\u00fcssen, gab es gegen den BV Gr\u00e4frath einen vers\u00f6hnlichen Saisonabschluss. Platz drei stand schon vorher fest. Bitter f\u00fcr die F\u00fcchse, dass sie jeweils nur einen Punkt hinter dem SV Solingen als direktem Aufsteiger und dem SC Reusrath, der beim HSV Langenfeld nicht \u00fcber ein 2:2 hinauskamen, rangieren.<\/p>\n","protected":false},"excerpt":{"rendered":"FSV Vohwinkel &#8211; BV Gr\u00e4frath 5:2 (1:2). Nachdem der FSV Vohwinkel in der Vorwoche beim 3:3 in Solingen&hellip;\n","protected":false},"author":2,"featured_media":1077561,"comment_status":"","ping_status":"","sticky":false,"template":"","format":"standard","meta":{"footnotes":"","_share_on_mastodon":"0"},"categories":[1840],"tags":[16546,3364,29,24038,30,16699,35588,11916,45947,1209,53760,9387,10824,55395,30375,7223,5725,32911,8427,4233,19466,36232,4418],"class_list":["post-1077560","post","type-post","status-publish","format-standard","has-post-thumbnail","category-wuppertal","tag-16546","tag-de","tag-deutschland","tag-fsv","tag-germany","tag-gespielt","tag-graefrath","tag-hinspiel","tag-nachspielzeit","tag-nordrhein-westfalen","tag-rott","tag-saison","tag-saisonabschluss","tag-saisontreffer","tag-schneider","tag-solingen","tag-spiel","tag-spielbetrieb","tag-spieltag","tag-velbert","tag-vohwinkel","tag-winkel","tag-wuppertal"],"share_on_mastodon":{"url":"https:\/\/pubeurope.com\/@de\/116711294929410041","error":""},"_links":{"self":[{"href":"https:\/\/www.europesays.com\/de\/wp-json\/wp\/v2\/posts\/1077560","targetHints":{"allow":["GET"]}}],"collection":[{"href":"https:\/\/www.europesays.com\/de\/wp-json\/wp\/v2\/posts"}],"about":[{"href":"https:\/\/www.europesays.com\/de\/wp-json\/wp\/v2\/types\/post"}],"author":[{"embeddable":true,"href":"https:\/\/www.europesays.com\/de\/wp-json\/wp\/v2\/users\/2"}],"replies":[{"embeddable":true,"href":"https:\/\/www.europesays.com\/de\/wp-json\/wp\/v2\/comments?post=1077560"}],"version-history":[{"count":0,"href":"https:\/\/www.europesays.com\/de\/wp-json\/wp\/v2\/posts\/1077560\/revisions"}],"wp:featuredmedia":[{"embeddable":true,"href":"https:\/\/www.europesays.com\/de\/wp-json\/wp\/v2\/media\/1077561"}],"wp:attachment":[{"href":"https:\/\/www.europesays.com\/de\/wp-json\/wp\/v2\/media?parent=1077560"}],"wp:term":[{"taxonomy":"category","embeddable":true,"href":"https:\/\/www.europesays.com\/de\/wp-json\/wp\/v2\/categories?post=1077560"},{"taxonomy":"post_tag","embeddable":true,"href":"https:\/\/www.europesays.com\/de\/wp-json\/wp\/v2\/tags?post=1077560"}],"curies":[{"name":"wp","href":"https:\/\/api.w.org\/{rel}","templated":true}]}}