{"id":1077821,"date":"2026-06-08T01:40:28","date_gmt":"2026-06-08T01:40:28","guid":{"rendered":"https:\/\/www.europesays.com\/de\/1077821\/"},"modified":"2026-06-08T01:40:28","modified_gmt":"2026-06-08T01:40:28","slug":"thw-kiel-vertrag-bis-2029-zerbe-verlaengert-beim-thw-regional","status":"publish","type":"post","link":"https:\/\/www.europesays.com\/de\/1077821\/","title":{"rendered":"THW Kiel: Vertrag bis 2029! Zerbe verl\u00e4ngert beim THW | Regional"},"content":{"rendered":"<p><a class=\"skip-content skip-content--link\" href=\"#in-content-skip-link-target-v-0-0\">TTS-Player \u00fcberspringen\u21b5<\/a><a id=\"in-content-skip-link-target-v-0-0\" class=\"skip-content--target-link-hidden skip-content skip-content--target-link\" href=\"#in-content-skip-link-target-v-0-0\">Artikel weiterlesen<\/a><\/p>\n<p data-780e759e=\"0-1218\"><b>Handball-Knaller in Kiel! Der THW Kiel hat vor dem letzten Bundesliga-Spiel der Saison am Sonntag (15\u00a0Uhr, live bei <\/b><a href=\"https:\/\/www.dyn.sport\/aktion\/willkommen\" rel=\"noopener nofollow\" class=\"text-link\" target=\"_blank\"><b>Dyn\/Anzeige<\/b><\/a><b>) gegen den TBV Lemgo Lippe eine wichtige Personalie gekl\u00e4rt: Nationalspieler Lukas Zerbe (30) hat seinen Vertrag vorzeitig bis 2029 beim THW Kiel verl\u00e4ngert. Der Rechtsau\u00dfen war urspr\u00fcnglich noch bis 2027 (plus Option) an die Zebras gebunden. Nun bleibt der 30-J\u00e4hrige mindestens zwei Jahre l\u00e4nger an der F\u00f6rde.<\/b><\/p>\n<p><a class=\"article-image__anchor\" href=\"https:\/\/www.dyn.sport\/sport_handball\" target=\"_blank\" rel=\"noopener nofollow\"><img decoding=\"async\" width=\"992\" height=\"92\" alt=\"\" src=\"https:\/\/www.europesays.com\/de\/wp-content\/uploads\/2026\/06\/dbd0e33974ca5490ab5fd78951c189de,5f1e636e.png\"   class=\"dynamic\" loading=\"lazy\"\/><\/a><\/p>\n<p>Foto: Dyn<\/p>\n<p data-780e759e=\"0-1218\">Die Saison l\u00e4uft f\u00fcr <a href=\"https:\/\/www.bild.de\/sport\/sportart\/handball\/handball-alle-infos-76675494.bild.html\" class=\"text-link\" rel=\"nofollow noopener\" target=\"_blank\">Handball<\/a>-Rekordmeister THW Kiel nicht nach Wunsch. Der Rekordmeister verpasst erstmals seit 33 Jahren die Qualifikation f\u00fcr den europ\u00e4ischen Wettbewerb. THW-Gesch\u00e4ftsf\u00fchrer Viktor Szilagyi (47) ist deshalb besonders gl\u00fccklich: \u201eLukas\u2019 Entscheidung, sich fr\u00fchzeitig und in der aktuellen Situation zu uns zu bekennen, ist ein starkes Signal. Lukas hat sich innerhalb k\u00fcrzester Zeit einen festen Platz in unserem Mannschaftsgef\u00fcge erarbeitet und \u00fcbernimmt Verantwortung.\u201c <\/p>\n<p data-780e759e=\"0-1218\">Auch Zerbe, seit 2024 beim THW, freut sich auf die kommenden Jahre in Kiel. \u201eIch habe gro\u00dfes Vertrauen in die Verantwortlichen und m\u00f6chte meinen Teil dazu beitragen, dass der Weg, den wir einschlagen, ein erfolgreicher wird. Ich m\u00f6chte dabei sein, wenn bei uns etwas Neues entsteht.\u201c<\/p>\n<p>Mehr zum Thema<\/p>\n<p data-780e759e=\"0-1218\">Der Nationalspieler spielte vor seiner Zeit an der K\u00fcste f\u00fcr den TBV Lemgo Lippe und den TuS Ferndorf. F\u00fcr Kiel erzielte der Linksh\u00e4nder bislang 330 Tore in 101 Pflichtspielen. F\u00fcr die deutsche Nationalmannschaft kommt Zerbe auf 57 L\u00e4nderspiele und 140 Treffer.<\/p>\n<p data-780e759e=\"1219-2031\">Die Verl\u00e4ngerung passt zum Umbruch beim Rekordmeister. Zur neuen Saison kommen Julian K\u00f6ster (VfL Gummersbach), Domen Makuc (FC Barcelona), Jarnes Faust (TBV Lemgo Lippe), Eigengew\u00e4chs Tobias Dengler sowie Vincent B\u00fcchner (ThSV Eisenach).<\/p>\n<ul class=\"unordered-list\">\n<li>Gleichzeitig endet f\u00fcr mehrere Profis die Zeit in Kiel. Nach dem Heimspiel gegen Lemgo werden Mykola Bilyk (HC Kriens-Luzern), Bence Imre (One Veszpr\u00e9m), Magnus Landin (Aalborg H\u00e5ndbold), Leon Nowottny (HSV Hamburg), Petter \u00d6verby (HSG Wetzlar) und Mohab Abdelhak (RK Vardar Skopje) verabschiedet.<\/li>\n<\/ul>\n","protected":false},"excerpt":{"rendered":"TTS-Player \u00fcberspringen\u21b5Artikel weiterlesen Handball-Knaller in Kiel! Der THW Kiel hat vor dem letzten Bundesliga-Spiel der Saison am Sonntag&hellip;\n","protected":false},"author":2,"featured_media":1077822,"comment_status":"","ping_status":"","sticky":false,"template":"","format":"standard","meta":{"footnotes":"","_share_on_mastodon":"0"},"categories":[1852],"tags":[1263,101712,3364,29,11662,15310,1932,548,663,3934,30,1391,5009,13,17342,204910,33850,4949,14,15,9662,15312,204909,12,1971,101714,542,4581,17340,27863,7748,15314,15311,17341,101713],"class_list":["post-1077821","post","type-post","status-publish","format-standard","has-post-thumbnail","category-kiel","tag-aufmacher-bereich","tag-dahmke-rune","tag-de","tag-deutschland","tag-dhb","tag-duvnjak-domagoj","tag-dyn-handball","tag-eu","tag-europa","tag-europe","tag-germany","tag-handball","tag-hbl","tag-headlines","tag-jicha-filip","tag-johansson-eric","tag-kehrmann-florian","tag-kiel","tag-nachrichten","tag-news","tag-no-sport-app","tag-pekeler-hendrik","tag-perez-de-vargas-gonzalo","tag-schlagzeilen","tag-schleswig-holstein","tag-skipagotu-elias-ellefsen-a","tag-sport-leuchtturm-hamburg","tag-sport-tag-im-ticker","tag-szilagyi-viktor","tag-tbv-lemgo","tag-thw-kiel","tag-weitzmann-dirk","tag-wiencek-patrick","tag-wolff-andreas","tag-zerbe-lukas"],"share_on_mastodon":{"url":"","error":"Validation failed: Text character limit of 500 exceeded"},"_links":{"self":[{"href":"https:\/\/www.europesays.com\/de\/wp-json\/wp\/v2\/posts\/1077821","targetHints":{"allow":["GET"]}}],"collection":[{"href":"https:\/\/www.europesays.com\/de\/wp-json\/wp\/v2\/posts"}],"about":[{"href":"https:\/\/www.europesays.com\/de\/wp-json\/wp\/v2\/types\/post"}],"author":[{"embeddable":true,"href":"https:\/\/www.europesays.com\/de\/wp-json\/wp\/v2\/users\/2"}],"replies":[{"embeddable":true,"href":"https:\/\/www.europesays.com\/de\/wp-json\/wp\/v2\/comments?post=1077821"}],"version-history":[{"count":0,"href":"https:\/\/www.europesays.com\/de\/wp-json\/wp\/v2\/posts\/1077821\/revisions"}],"wp:featuredmedia":[{"embeddable":true,"href":"https:\/\/www.europesays.com\/de\/wp-json\/wp\/v2\/media\/1077822"}],"wp:attachment":[{"href":"https:\/\/www.europesays.com\/de\/wp-json\/wp\/v2\/media?parent=1077821"}],"wp:term":[{"taxonomy":"category","embeddable":true,"href":"https:\/\/www.europesays.com\/de\/wp-json\/wp\/v2\/categories?post=1077821"},{"taxonomy":"post_tag","embeddable":true,"href":"https:\/\/www.europesays.com\/de\/wp-json\/wp\/v2\/tags?post=1077821"}],"curies":[{"name":"wp","href":"https:\/\/api.w.org\/{rel}","templated":true}]}}