{"id":1077959,"date":"2026-06-08T03:12:21","date_gmt":"2026-06-08T03:12:21","guid":{"rendered":"https:\/\/www.europesays.com\/de\/1077959\/"},"modified":"2026-06-08T03:12:21","modified_gmt":"2026-06-08T03:12:21","slug":"bezirksliga-sportfreunde-neuwerk-feiert-meisterschaft-und-aufstieg","status":"publish","type":"post","link":"https:\/\/www.europesays.com\/de\/1077959\/","title":{"rendered":"Bezirksliga: Sportfreunde Neuwerk feiert Meisterschaft und Aufstieg"},"content":{"rendered":"<p class=\"text_ohne_einzug richtext text-em-55 !leading-serif mx-6 desktop:mx-0\">Die Sportfreunde Neuwerk haben es geschafft: Mit dem siebten Sieg in Serie fangen die Sportfreunde in der Tabelle den OSV <a href=\"https:\/\/rp-online.de\/thema\/meerbusch\/\" rel=\"nofollow noopener\" target=\"_blank\">Meerbusch<\/a> noch ab und springen zum Saisonabschluss auf Platz eins, der zum Aufstieg in die Landesliga berechtigt. Zuletzt spielte der Verein 2004 in dieser Spielklasse. In der Endtabelle liegt Neuwerk einen Punkt vor Meerbusch, das vor dem letzten Spieltag schon all seine Begegnungen absolviert hatte &#8211; und tatenlos ansehen musste, wie Neuwerk die Meisterschaft feierte.<\/p>\n<p class=\"richtext text-em-55 !leading-serif mx-6 desktop:mx-0\">Der Verein hatte angesichts der Aufstiegschance eine Fanaktion organisiert und Anh\u00e4nger mit zwei Bussen zum Ausw\u00e4rtsspiel nach <a href=\"https:\/\/rp-online.de\/thema\/viersen\/\" rel=\"nofollow noopener\" target=\"_blank\">Viersen<\/a> gebracht. \u201eEs waren 600 Leute aus Neuwerk mit in Viersen. Es ist Wahnsinn, was der Verein da auf die Beine gestellt hat. Jetzt wird feucht-fr\u00f6hlich gefeiert. Es gibt einen Empfang im Vereinsheim und dann wird bis morgen fr\u00fch durchgefeiert\u201c, so Karaca weiter.<\/p>\n<p class=\"richtext text-em-55 !leading-serif mx-6 desktop:mx-0\">F\u00fcr den 1. FC Viersen bedeutet die Niederlage hingegen, dass die Mannschaft von Stephan Houben in die Relegation muss. Die Chancen auf den vorzeitigen Klassenverbleib waren allerdings ohnehin gering. Denn daf\u00fcr h\u00e4tte Viersen gewinnen m\u00fcssen, und Union <a href=\"https:\/\/rp-online.de\/thema\/nettetal\/\" rel=\"nofollow noopener\" target=\"_blank\">Nettetal<\/a> II h\u00e4tte gleichzeitig nicht ebenfalls einen Dreier holen d\u00fcrfen. Doch Nettetals Reserve spielte bei T\u00fcrkiyemspor, das bereits abgestiegen war, und l\u00f6ste diese Aufgabe letztlich mit 3:2. Bereits zur Halbzeit f\u00fchrte Union durch zwei Tore von Nico Zitzen und einen weiteren Treffer von Dustin Herrmann mit 3:0. Der Aufsteiger h\u00e4lt damit direkt die Klasse in der Bezirksliga.<\/p>\n<p class=\"richtext text-em-55 !leading-serif mx-6 desktop:mx-0\">Torreich ging es am letzten Spieltag bei TuRa <a href=\"https:\/\/rp-online.de\/thema\/brueggen\/\" rel=\"nofollow noopener\" target=\"_blank\">Br\u00fcggen<\/a> zu, das 5:7 gegen die Reserve des SC St. T\u00f6nis verlor. Der 1. FC M\u00f6nchengladbach verabschiedete sich mit einer 0:2-Niederlage gegen Krefeld-Bockum aus der Liga. Au\u00dferdem siegte am Samstag Fortuna Dilkrath mit 3:2 bei TuS Wickrath, und die SpVg Odenkirchen feierte zum Saisonausklang ein 3:1 gegen Thomasstadt <a href=\"https:\/\/rp-online.de\/thema\/kempen\/\" rel=\"nofollow noopener\" target=\"_blank\">Kempen<\/a>.<\/p>\n","protected":false},"excerpt":{"rendered":"Die Sportfreunde Neuwerk haben es geschafft: Mit dem siebten Sieg in Serie fangen die Sportfreunde in der Tabelle&hellip;\n","protected":false},"author":2,"featured_media":1077960,"comment_status":"","ping_status":"","sticky":false,"template":"","format":"standard","meta":{"footnotes":"","_share_on_mastodon":"0"},"categories":[1849],"tags":[16320,3364,29,548,663,3934,30,13,30422,28705,13762,18826,4455,14,24121,15,1209,67565,12,6963,112243,50191,123872,856,18183],"class_list":["post-1077959","post","type-post","status-publish","format-standard","has-post-thumbnail","category-moenchengladbach","tag-bezirksliga","tag-de","tag-deutschland","tag-eu","tag-europa","tag-europe","tag-germany","tag-headlines","tag-klasse","tag-klassenverbleib","tag-liga","tag-meisterschaft","tag-moenchengladbach","tag-nachrichten","tag-neuwerk","tag-news","tag-nordrhein-westfalen","tag-reserve","tag-schlagzeilen","tag-sieg","tag-siegte","tag-sportfreunde","tag-tura","tag-union","tag-viersen"],"share_on_mastodon":{"url":"https:\/\/pubeurope.com\/@de\/116712305338764879","error":""},"_links":{"self":[{"href":"https:\/\/www.europesays.com\/de\/wp-json\/wp\/v2\/posts\/1077959","targetHints":{"allow":["GET"]}}],"collection":[{"href":"https:\/\/www.europesays.com\/de\/wp-json\/wp\/v2\/posts"}],"about":[{"href":"https:\/\/www.europesays.com\/de\/wp-json\/wp\/v2\/types\/post"}],"author":[{"embeddable":true,"href":"https:\/\/www.europesays.com\/de\/wp-json\/wp\/v2\/users\/2"}],"replies":[{"embeddable":true,"href":"https:\/\/www.europesays.com\/de\/wp-json\/wp\/v2\/comments?post=1077959"}],"version-history":[{"count":0,"href":"https:\/\/www.europesays.com\/de\/wp-json\/wp\/v2\/posts\/1077959\/revisions"}],"wp:featuredmedia":[{"embeddable":true,"href":"https:\/\/www.europesays.com\/de\/wp-json\/wp\/v2\/media\/1077960"}],"wp:attachment":[{"href":"https:\/\/www.europesays.com\/de\/wp-json\/wp\/v2\/media?parent=1077959"}],"wp:term":[{"taxonomy":"category","embeddable":true,"href":"https:\/\/www.europesays.com\/de\/wp-json\/wp\/v2\/categories?post=1077959"},{"taxonomy":"post_tag","embeddable":true,"href":"https:\/\/www.europesays.com\/de\/wp-json\/wp\/v2\/tags?post=1077959"}],"curies":[{"name":"wp","href":"https:\/\/api.w.org\/{rel}","templated":true}]}}