{"id":1078016,"date":"2026-06-08T03:54:20","date_gmt":"2026-06-08T03:54:20","guid":{"rendered":"https:\/\/www.europesays.com\/de\/1078016\/"},"modified":"2026-06-08T03:54:20","modified_gmt":"2026-06-08T03:54:20","slug":"dresden-verkehr-a4-richtung-dresden-wird-heute-abend-voll-gesperrt","status":"publish","type":"post","link":"https:\/\/www.europesays.com\/de\/1078016\/","title":{"rendered":"Dresden Verkehr: A4 Richtung Dresden wird heute Abend voll gesperrt"},"content":{"rendered":"<p>Fahrbahnsch\u00e4den <\/p>\n<p>A4 Richtung Dresden wird heute voll gesperrt<\/p>\n<p>Aktualisiert am 08.06.2026 &#8211; 05:52 UhrLesedauer: 1 Min.<\/p>\n<p><a href=\"#focus-0\" class=\"transition-colors duration-200 block text-current relative\" data-sctrack=\"FocusGalleryImage.Reference\"><img fetchpriority=\"high\" data-testid=\"Opener.Image\"   loading=\"eager\" src=\"https:\/\/www.europesays.com\/de\/wp-content\/uploads\/2026\/05\/1780030338_284_a4-bei-dresden-archivbild-hier-kann-es-sich-in-sachsen-stauen.jpg\" alt=\"A4 bei Dresden (Archivbild): Hier kann es sich in Sachsen stauen.\" title=\"A4 bei Dresden (Archivbild): Hier kann es sich in Sachsen stauen.\" width=\"4000\" height=\"2250\" class=\"bg-[url:var(--lqipURL)] bg-cover bg-center flex h-full w-full max-w-full\" style=\"--lqipURL:url('https:\/\/images.t-online.de\/2026\/05\/C7GsenMTSN8X\/0x209:4000x2250\/fit-in\/150x0\/filters:blur(25)\/a4-bei-dresden-archivbild-hier-kann-es-sich-in-sachsen-stauen.jpg')\" decoding=\"async\"\/><img loading=\"lazy\" src=\"https:\/\/dresden.t-online.de\/s\/paper\/_next\/static\/media\/zoom-in.f7dae02f.svg\" alt=\"Vergr\u00f6\u00dfern des Bildes\" title=\"Vergr\u00f6\u00dfern des Bildes\" class=\"block h-[calc(var(--height)_\/_16_*_1rem)] w-[calc(var(--width)_\/_16_*_1rem)] max-w-none absolute bottom-8 right-8 rounded-4 bg-snow p-8\" style=\"--width:32;--height:32\" decoding=\"async\"\/><\/a><\/p>\n<p>Die A4 bei Dresden (Archivbild): Am Montagabend wird die Autobahn in Fahrtrichtung Dresden gesperrt. (Quelle: IMAGO\/Sylvio Dittrich)<\/p>\n<p class=\"font-bold text-18 leading-17 user-text-lg:text-22 user-text-xl:text-24\">Zwischen zwei Anschlussstellen ist die Autobahn ab dem Abend dicht. Wie lange die Sperrung dauert.<\/p>\n<p class=\"text-18 leading-17 user-text-lg:text-22 user-text-xl:text-24\">Die A4 in Richtung Dresden wird von Montagabend um 19.30 Uhr bis zum Dienstagmorgen um 5 Uhr voll gesperrt. Wie die Autobahn GmbH des Bundes mitteilte, ist der Abschnitt zwischen Glauchau-Ost und Hohenstein-Ernstthal betroffen. Es handelt sich hierbei um die zwei in Richtung Dresden f\u00fchrenden Fahrstreifen im Baustellenbereich.<\/p>\n<p class=\"text-18 leading-17 user-text-lg:text-22 user-text-xl:text-24\">Fahrbahnsch\u00e4den machen die Sperrung n\u00f6tig. Die Autobahn GmbH nutzt sie gleichzeitig, um den Randbereich der Strecke zu m\u00e4hen.<\/p>\n<p class=\"text-18 leading-17 user-text-lg:text-22 user-text-xl:text-24\">Wer die A4 in diesem Abschnitt fahren will, wird an der Anschlussstelle Glauchau-Ost abgeleitet und \u00fcber die U51 nach Hohenstein-Ernstthal gef\u00fchrt.<\/p>\n","protected":false},"excerpt":{"rendered":"Fahrbahnsch\u00e4den A4 Richtung Dresden wird heute voll gesperrt Aktualisiert am 08.06.2026 &#8211; 05:52 UhrLesedauer: 1 Min. Die A4&hellip;\n","protected":false},"author":2,"featured_media":1051294,"comment_status":"","ping_status":"","sticky":false,"template":"","format":"standard","meta":{"footnotes":"","_share_on_mastodon":"0"},"categories":[1835],"tags":[722,17161,4232,3364,29,2451,2386,172763,30,100601,859,2224],"class_list":["post-1078016","post","type-post","status-publish","format-standard","has-post-thumbnail","category-dresden","tag-722","tag-17161","tag-anschlussstelle","tag-de","tag-deutschland","tag-die-autobahn-gmbh-des-bundes","tag-dresden","tag-fahrbahnschaeden","tag-germany","tag-glauchau-ost","tag-sachsen","tag-sperrung"],"share_on_mastodon":{"url":"https:\/\/pubeurope.com\/@de\/116712471641903230","error":""},"_links":{"self":[{"href":"https:\/\/www.europesays.com\/de\/wp-json\/wp\/v2\/posts\/1078016","targetHints":{"allow":["GET"]}}],"collection":[{"href":"https:\/\/www.europesays.com\/de\/wp-json\/wp\/v2\/posts"}],"about":[{"href":"https:\/\/www.europesays.com\/de\/wp-json\/wp\/v2\/types\/post"}],"author":[{"embeddable":true,"href":"https:\/\/www.europesays.com\/de\/wp-json\/wp\/v2\/users\/2"}],"replies":[{"embeddable":true,"href":"https:\/\/www.europesays.com\/de\/wp-json\/wp\/v2\/comments?post=1078016"}],"version-history":[{"count":0,"href":"https:\/\/www.europesays.com\/de\/wp-json\/wp\/v2\/posts\/1078016\/revisions"}],"wp:featuredmedia":[{"embeddable":true,"href":"https:\/\/www.europesays.com\/de\/wp-json\/wp\/v2\/media\/1051294"}],"wp:attachment":[{"href":"https:\/\/www.europesays.com\/de\/wp-json\/wp\/v2\/media?parent=1078016"}],"wp:term":[{"taxonomy":"category","embeddable":true,"href":"https:\/\/www.europesays.com\/de\/wp-json\/wp\/v2\/categories?post=1078016"},{"taxonomy":"post_tag","embeddable":true,"href":"https:\/\/www.europesays.com\/de\/wp-json\/wp\/v2\/tags?post=1078016"}],"curies":[{"name":"wp","href":"https:\/\/api.w.org\/{rel}","templated":true}]}}