{"id":1078038,"date":"2026-06-08T04:07:17","date_gmt":"2026-06-08T04:07:17","guid":{"rendered":"https:\/\/www.europesays.com\/de\/1078038\/"},"modified":"2026-06-08T04:07:17","modified_gmt":"2026-06-08T04:07:17","slug":"pfingstferien-in-stuttgart-wen-die-polizei-beim-schwaenzen-am-flughafen-erwischt-hat","status":"publish","type":"post","link":"https:\/\/www.europesays.com\/de\/1078038\/","title":{"rendered":"Pfingstferien in Stuttgart: Wen die Polizei beim Schw\u00e4nzen am Flughafen erwischt hat"},"content":{"rendered":"<p>\t\t\t\t\t\t\t\t\t\t\t\t\t\t\t\t\t\t\t\t\t\t\t\t\t\t\t\t      \t\t            \t\t             \t\t\t\t   \t\t\t\t\t   <img decoding=\"async\" id=\"article-image\" fetchpriority=\"high\" alt=\"Pfingstferien in Stuttgart: Wen die Polizei beim Schw\u00e4nzen am Flughafen erwischt hat\" title=\"Pfingstferien in Stuttgart: Wen die Polizei beim Schw\u00e4nzen am Flughafen erwischt hat\" src=\"https:\/\/www.europesays.com\/de\/wp-content\/uploads\/2026\/06\/media.media.865e70d2-88f1-43f5-b71e-c5e645a8cae0.16x9_700.jpg\" data-linkto=\"https:\/\/www.stuttgarter-nachrichten.de\/javascript:void(0);\"\/>\t\t\t\t\t\t\t\t\t\t\t\t\t\t\t\t\t\t\t\t\t\t\t\tFr\u00fchstart in den Pfingsturlaub vor Ferienbeginn? Trotz Verbots kommt das am Flughafen Stuttgart immer wieder vor.\u00a0Foto: Marijan Murat\/dpa (Symbolbild)\t\t\t<\/p>\n<p>Die hohen Flugpreise in den Pfingstferien verlocken zum Fr\u00fchstart in den Urlaub. Doch das ist keine zul\u00e4ssige Entschuldigung f\u00fcr Sch\u00fclerinnen und Sch\u00fcler. Was war in Stuttgart los?<\/p>\n<p> G\u00e4hnend leere Tiefgaragen unter Mehrfamilienh\u00e4usern, freie Parkl\u00fccken am Stra\u00dfenrand selbst mitten im Stuttgarter Westen, sogar am Samstag kommt man auf der K\u00f6nigstra\u00dfe normalen Schrittes voran: In den zur\u00fcckliegenden zwei Wochen hat man deutlich gemerkt, dass weniger Menschen in der Stadt sind als sonst. <a href=\"https:\/\/www.stuttgarter-nachrichten.de\/inhalt.flughafen-stuttgart-tipps-fuer-reisende-so-fliegt-man-entspannt-in-die-pfingstferien.3c5e41d2-6f58-47b7-a070-f894a3e93b45.html\" target=\"_blank\" rel=\"nofollow noopener\">Die Pfingstferien <\/a>haben das Plus an Platz in der City verursacht. Sie haben sich in den zur\u00fcckliegenden Jahren zu einer art zweite Sommerferien entwickelt was das Reisen angeht. Da nicht viele europ\u00e4ische L\u00e4nder jetzt frei haben, sind die Quartiere noch g\u00fcnstiger zu haben und an beliebten Zielen im S\u00fcden ist es weder so hei\u00df noch so voll wie im Sommer.<\/p>\n<p>Noch g\u00fcnstiger fliegt, wer au\u00dferhalb der Ferientage bucht. Das hat einen Haken: An die <a href=\"https:\/\/www.stuttgarter-nachrichten.de\/thema\/Ferien\" title=\"Ferien\" class=\"art_thema\" rel=\"nofollow noopener\" target=\"_blank\">Ferien<\/a> gebunden sind logischerweise vor allem Familien mit schulpflichtigen Kindern. Und, wie der Begriff schon verr\u00e4t: Diese m\u00fcssen in die Schule gehen, auch wenn es der Familie ein paar Hundert Euro aus der Reisekasse sparen w\u00fcrde.<\/p>\n<p>  <img decoding=\"async\" loading=\"lazy\" src=\"https:\/\/www.europesays.com\/de\/wp-content\/uploads\/2026\/06\/media.media.789914b9-b9d5-4af7-960a-86cc9a4b1cce.original1024.media.jpeg\"\/>     In Einzelf\u00e4llen kann die Schule eine Erlaubnis f\u00fcr einen Reisebeginn vor dem Ferienanfang erteilen. Foto: Andreas Arnold\/dpa (Symbolbild)    Foto: dpa    <\/p>\n<p>Wie in den vergangenen Jahren auch haben auch diese Pfingsten wieder Eltern versucht, mit einer Entschuldigung um die letzten Schultage rumzukommen. Aber das bleibt oft nicht unbemerkt. Die Stuttgarter <a href=\"https:\/\/www.stuttgarter-nachrichten.de\/thema\/Bundespolizei\" title=\"Bundespolizei\" class=\"art_thema\" rel=\"nofollow noopener\" target=\"_blank\">Bundespolizei<\/a> am Flughafen macht zwar keine gezielten Kontrollen, aber sie hat das Thema auf dem Schirm. \u201eDie Bundespolizei hat am <a href=\"https:\/\/www.stuttgarter-nachrichten.de\/thema\/Flughafen_Stuttgart\" title=\"Flughafen Stuttgart\" class=\"art_thema\" rel=\"nofollow noopener\" target=\"_blank\">Flughafen Stuttgart<\/a> in diesem Jahr vereinzelt Sch\u00fclerinnen und Sch\u00fcler im Rahmen der grenzpolizeilichen Ausreisekontrolle au\u00dferhalb der Ferienzeiten festgestellt, die keine Schulbefreiung vorweisen konnten. Eine statistische Erhebung liegt der Bundespolizei jedoch nicht vor\u201c, teilt deren Pressestelle mit.<\/p>\n<p><a href=\"https:\/\/www.stuttgarter-nachrichten.de\/thema\/Polizei\" title=\"Polizei\" class=\"art_thema\" rel=\"nofollow noopener\" target=\"_blank\">Polizei<\/a> meldet Schulschw\u00e4nzer an Beh\u00f6rden <\/p>\n<p>In der Praxis sieht das so aus: Wenn die Beamtinnen und Beamten einen Verdacht hegen, dass eine Familie mit Kindern im offensichtlich schulpflichtigen Alter vor ihnen steht, dann fragen sie nach. K\u00f6nnen die Eltern dann keine Schulbefreiung vorlegen, schickt die Polizei eine Meldung an die zugeh\u00f6rige Schulbeh\u00f6rde in der Stadt.<\/p>\n<p>Eine Statistik f\u00fchrt hingegen die Stadtverwaltung. Sie meldet, dass es i<a href=\"https:\/\/www.stuttgarter-nachrichten.de\/inhalt.ferienverlaengerung-schulschwaenzer-polizei-baden-wuerttemberg.b94aea02-6a80-4328-a07c-e7ac0c546cfb.html\" target=\"_blank\" rel=\"nofollow noopener\">m vergangenen Kalenderjahr insgesamt 42 F\u00e4lle<\/a> waren, in denen Kinder unerlaubt der Schule fernblieben. In diesem Jahr seien es bislang neun Sch\u00fclerinnen und Sch\u00fcler gewesen, die dadurch auffielen. In der Zahl seien die F\u00e4lle aus den nun abgelaufenen Pfingstferien jedoch nur teilweise enthalten, erl\u00e4utert die Pressesprecherin. Wie viele genau den letzten Ferien vor der gro\u00dfen Sommerpause zuzurechnen sind, war nicht zu erfahren. <\/p>\n<p>Andere Bundesl\u00e4nder, andere Sitten: Der Flughafen Memmingen in Bayern ist seit Jahren bekannt daf\u00fcr, dass die Polizei dort ihr Augenmerk kurz vor Ferienbeginn besonders streng auf Jugendliche und Kinder lenkt: F\u00fcr die Pfingstferien in diesem Jahr liegt von dort noch keine Meldung vor. Allein am Montag nach den Osterferien wurden dort zehn schulpflichtige Kinder und Jugendliche erwischt &#8211; beziehungsweise deren Eltern -, die nach Ferienende erst wieder in Bayern landeten.<\/p>\n","protected":false},"excerpt":{"rendered":"Fr\u00fchstart in den Pfingsturlaub vor Ferienbeginn? Trotz Verbots kommt das am Flughafen Stuttgart immer wieder vor.\u00a0Foto: Marijan Murat\/dpa&hellip;\n","protected":false},"author":2,"featured_media":1078039,"comment_status":"","ping_status":"","sticky":false,"template":"","format":"standard","meta":{"footnotes":"","_share_on_mastodon":"0"},"categories":[1830],"tags":[1634,421,215981,3364,29,4532,7525,12820,162522,30,229096,121,229095,1441],"class_list":["post-1078038","post","type-post","status-publish","format-standard","has-post-thumbnail","category-stuttgart","tag-baden-wuerttemberg","tag-bundespolizei","tag-christine-bilger","tag-de","tag-deutschland","tag-ferien","tag-ferienbeginn","tag-flughafen-stuttgart","tag-flugpreis","tag-germany","tag-marijan-murat","tag-polizei","tag-schwanz","tag-stuttgart"],"share_on_mastodon":{"url":"https:\/\/pubeurope.com\/@de\/116712521694333621","error":""},"_links":{"self":[{"href":"https:\/\/www.europesays.com\/de\/wp-json\/wp\/v2\/posts\/1078038","targetHints":{"allow":["GET"]}}],"collection":[{"href":"https:\/\/www.europesays.com\/de\/wp-json\/wp\/v2\/posts"}],"about":[{"href":"https:\/\/www.europesays.com\/de\/wp-json\/wp\/v2\/types\/post"}],"author":[{"embeddable":true,"href":"https:\/\/www.europesays.com\/de\/wp-json\/wp\/v2\/users\/2"}],"replies":[{"embeddable":true,"href":"https:\/\/www.europesays.com\/de\/wp-json\/wp\/v2\/comments?post=1078038"}],"version-history":[{"count":0,"href":"https:\/\/www.europesays.com\/de\/wp-json\/wp\/v2\/posts\/1078038\/revisions"}],"wp:featuredmedia":[{"embeddable":true,"href":"https:\/\/www.europesays.com\/de\/wp-json\/wp\/v2\/media\/1078039"}],"wp:attachment":[{"href":"https:\/\/www.europesays.com\/de\/wp-json\/wp\/v2\/media?parent=1078038"}],"wp:term":[{"taxonomy":"category","embeddable":true,"href":"https:\/\/www.europesays.com\/de\/wp-json\/wp\/v2\/categories?post=1078038"},{"taxonomy":"post_tag","embeddable":true,"href":"https:\/\/www.europesays.com\/de\/wp-json\/wp\/v2\/tags?post=1078038"}],"curies":[{"name":"wp","href":"https:\/\/api.w.org\/{rel}","templated":true}]}}