{"id":1078179,"date":"2026-06-08T05:33:16","date_gmt":"2026-06-08T05:33:16","guid":{"rendered":"https:\/\/www.europesays.com\/de\/1078179\/"},"modified":"2026-06-08T05:33:16","modified_gmt":"2026-06-08T05:33:16","slug":"stuttgart-will-kaufhaus-zur-verwaltungszentrale-umwandeln","status":"publish","type":"post","link":"https:\/\/www.europesays.com\/de\/1078179\/","title":{"rendered":"Stuttgart will Kaufhaus zur Verwaltungszentrale umwandeln"},"content":{"rendered":"<p><strong>Stuttgart.<\/strong> Mittlerweile ist der Sparhaushalt der Landeshauptstadt f\u00fcr die Jahre 2026 (Volumen 5,2 Millionen) und 2026 ( 5,4 Milliarden Euro) vom Regierungspr\u00e4sidium genehmigt worden. Im selben Atemzug, mit dem  <a data-mce-href=\"https:\/\/www.staatsanzeiger.de\/nachrichten\/kreis-und-kommune\/auch-ein-oberbuergermeister-ist-nur-ein-mensch\/\" href=\"https:\/\/www.staatsanzeiger.de\/nachrichten\/kreis-und-kommune\/auch-ein-oberbuergermeister-ist-nur-ein-mensch\/\" target=\"_blank\" rel=\"nofollow noopener\">Oberb\u00fcrgermeister Frank Nopper (CDU)<\/a>  im Oktober 2025 Schuldenaufnahme, Bettensteuer und h\u00f6here Kindergartengeb\u00fchren als Reaktion auf wegfallende Gewerbesteuereinnahmen angek\u00fcndigte, stellte er auch seine Ideen zur Arrondierung der kommunalen Immobilien in der Innenstadt vor. Noch vor der Sommerpause soll das Immobilien-Paket den Gemeinderat besch\u00e4ftigen, wie die Stadtverwaltung jetzt angek\u00fcndigt hat.<\/p>\n<p>Kaufhaus in der City wird zum B\u00fcrogeb\u00e4ude<\/p>\n<p>Demnach sollen das mittlerweile leer stehende Kaufhof-Geb\u00e4ude Ecke Eberhard-\/ Steinstra\u00dfe sowie das benachbarte Parkhaus zu einem neuen Verwaltungszentrum umgebaut werden. Besonders publikumstr\u00e4chtige Verwaltungsdienstleistungen w\u00fcrden dort abgewickelt. Die Stadt hatte das Eigentum des Grundst\u00fccks erworben, nachdem Immobilienunternehmer Ren\u00e9 Benko insolvent wurde.\u00a0<\/p>\n<p>Das ehemalige Kaufhausgeb\u00e4ude sollte die Dependance der Bundesbank aufnehmen, was allerdings gescheitert ist. Auch die Idee, ein Haus der Kulturen zu etablieren, hat nicht geklappt: Der Stadt fehlt das Geld. Nun also der Verwaltungsbau. Die Idee kommt bei der SPD und der CDU gut an, beide hatten bereits \u00e4hnliche Forderungen wie Nopper formuliert. Allerdings d\u00fcrfte sich die Diskussion im Gemeinderat noch vor der Sommerpause wohl die Belebung der Innenstadt drehen, denn nach B\u00fcroschluss k\u00f6nnte es an der prominenten Ecke in der City allzu ruhig werden.<\/p>\n<p>Ehemaliges Bankgeb\u00e4ude bekommt neue Aufgabe<\/p>\n<p>Einen neuen Standort gibt es auch f\u00fcr das Stadtplanungs- und das Ausl\u00e4nderamt. Das ehemalige Geb\u00e4ude der Landesgirokasse bei der Liederhalle daf\u00fcr umgebaut. Mit der Fertigstellung sei im zweiten Quartal 2027 zu rechnen. Das Geb\u00e4ude wird zun\u00e4chst gemietet, soll aber durch die Stadt sp\u00e4ter erworben werden.<\/p>\n<p>Au\u00dferdem will die Stadt drei Geb\u00e4ude in der Innenstadt verkaufen, das bekannteste d\u00fcrfte der historische Graf-Eberhard-Bau in der gleichnamigen Stra\u00dfe sein. Die Geb\u00e4ude werden als sanierungsbed\u00fcrftig beschrieben und sollen nach einer Erneuerung B\u00fcro- oder Wohnzwecke dienen. Auch die Verl\u00e4ngerung des Stuttgarter Rathauses entlang der Rathauspassage werde mittelfristig erneuert. Diese Geb\u00e4ude aber bleiben im Eigentum der Landeshauptstadt.<\/p>\n<p>Mitarbeiter sollen sich die neuen Arbeitspl\u00e4tze teilen<\/p>\n<p>Damit ist auch die Planung rund um die alte Bahndirektion vis-\u00e0-vis des Hauptbahnhofs vom Tisch. Stattdessen sollen sich die Bediensteten die offenbar rarer werdenden Arbeitspl\u00e4tze teilen; dies sei mit dem Gesamtpersonalrat besprochen und der Homeoffice-Situation angepasst.<\/p>\n","protected":false},"excerpt":{"rendered":"Stuttgart. Mittlerweile ist der Sparhaushalt der Landeshauptstadt f\u00fcr die Jahre 2026 (Volumen 5,2 Millionen) und 2026 ( 5,4&hellip;\n","protected":false},"author":2,"featured_media":1078180,"comment_status":"","ping_status":"","sticky":false,"template":"","format":"standard","meta":{"footnotes":"","_share_on_mastodon":"0"},"categories":[1830],"tags":[1634,3364,29,30,100581,229113,89098,1441],"class_list":["post-1078179","post","type-post","status-publish","format-standard","has-post-thumbnail","category-stuttgart","tag-baden-wuerttemberg","tag-de","tag-deutschland","tag-germany","tag-haushalt-2026","tag-kaufhof-filiale","tag-nopper","tag-stuttgart"],"share_on_mastodon":{"url":"https:\/\/pubeurope.com\/@de\/116712859810253916","error":""},"_links":{"self":[{"href":"https:\/\/www.europesays.com\/de\/wp-json\/wp\/v2\/posts\/1078179","targetHints":{"allow":["GET"]}}],"collection":[{"href":"https:\/\/www.europesays.com\/de\/wp-json\/wp\/v2\/posts"}],"about":[{"href":"https:\/\/www.europesays.com\/de\/wp-json\/wp\/v2\/types\/post"}],"author":[{"embeddable":true,"href":"https:\/\/www.europesays.com\/de\/wp-json\/wp\/v2\/users\/2"}],"replies":[{"embeddable":true,"href":"https:\/\/www.europesays.com\/de\/wp-json\/wp\/v2\/comments?post=1078179"}],"version-history":[{"count":0,"href":"https:\/\/www.europesays.com\/de\/wp-json\/wp\/v2\/posts\/1078179\/revisions"}],"wp:featuredmedia":[{"embeddable":true,"href":"https:\/\/www.europesays.com\/de\/wp-json\/wp\/v2\/media\/1078180"}],"wp:attachment":[{"href":"https:\/\/www.europesays.com\/de\/wp-json\/wp\/v2\/media?parent=1078179"}],"wp:term":[{"taxonomy":"category","embeddable":true,"href":"https:\/\/www.europesays.com\/de\/wp-json\/wp\/v2\/categories?post=1078179"},{"taxonomy":"post_tag","embeddable":true,"href":"https:\/\/www.europesays.com\/de\/wp-json\/wp\/v2\/tags?post=1078179"}],"curies":[{"name":"wp","href":"https:\/\/api.w.org\/{rel}","templated":true}]}}