{"id":1078206,"date":"2026-06-08T05:47:18","date_gmt":"2026-06-08T05:47:18","guid":{"rendered":"https:\/\/www.europesays.com\/de\/1078206\/"},"modified":"2026-06-08T05:47:18","modified_gmt":"2026-06-08T05:47:18","slug":"primestar-group-plant-neues-june-hotel-am-warschauer-platz-in-berlin-tageskarte","status":"publish","type":"post","link":"https:\/\/www.europesays.com\/de\/1078206\/","title":{"rendered":"Primestar Group plant neues June-Hotel am Warschauer Platz in Berlin: Tageskarte"},"content":{"rendered":"<p>Die <strong data-end=\"95\" data-start=\"76\">Primestar Group<\/strong> plant nach eigenen Angaben ein neues Hotel- und Long-Stay-Projekt am <strong data-end=\"210\" data-start=\"165\">Warschauer Platz in Berlin-Friedrichshain<\/strong>. Das Unternehmen teilte mit, dass bis <strong data-end=\"257\" data-start=\"249\">2028<\/strong> das Projekt <strong data-end=\"315\" data-start=\"270\">\u201eJune SIX &amp; Stay Warschauer Platz Berlin\u201c<\/strong> mit rund <strong data-end=\"358\" data-start=\"325\">350 Hotel- und Stay-Einheiten<\/strong> entstehen soll. Das Vorhaben soll in einem denkmalgesch\u00fctzten Geb\u00e4ude am Warschauer Platz 6\u20138 sowie in der Naglerstra\u00dfe 19\/21 umgesetzt werden.<\/p>\n<p>Primestar k\u00fcndigt neues Hotelprojekt im Berliner Zentrum an<\/p>\n<p>Nach Angaben des Unternehmens handelt es sich um das bislang gr\u00f6\u00dfte Projekt innerhalb des June-Portfolios. Geplant ist die Verbindung von Hotelzimmern, Extended-Stay-Angeboten und Arbeitsfl\u00e4chen unter der Marke WorX. Die Fertigstellung ist bis zum Jahr 2028 vorgesehen.<\/p>\n<p>Die Ank\u00fcndigung erfolgte laut Mitteilung anl\u00e4sslich des vierten Jubil\u00e4ums der Marke June SIX sowie der Er\u00f6ffnung des ersten June SIX Berlin. Das neue Haus soll beide Konzepte, June SIX und June Stay, an einem Standort vereinen.<\/p>\n<p>Historisches Schulgeb\u00e4ude wird f\u00fcr Hotelnutzung umgebaut<\/p>\n<p>Das Projekt entsteht in der ehemaligen <strong data-end=\"1306\" data-start=\"1284\">H\u00f6heren Webeschule<\/strong>, die zwischen <strong data-end=\"1338\" data-start=\"1321\">1909 und 1914<\/strong> errichtet wurde. Das Geb\u00e4ude wurde nach Entw\u00fcrfen des Berliner Stadtbaurats <strong data-end=\"1434\" data-start=\"1415\">Ludwig Hoffmann<\/strong> geplant und steht unter Denkmalschutz.<\/p>\n<p>Nach Angaben von Primestar sollen die charakteristischen Merkmale des Geb\u00e4udes erhalten bleiben. Dazu z\u00e4hlen die rote Backsteinfassade, gro\u00dfe Rundbogenfenster sowie ornamentale Details. Gleichzeitig ist eine Umnutzung f\u00fcr den Hotelbetrieb vorgesehen. Im Innenhof soll ein landschaftlich gestalteter Bereich mit gastronomischen Angeboten entstehen.<\/p>\n<p>Geplantes Konzept verbindet Hotelaufenthalte Wohnen und Arbeiten<\/p>\n<p>Vorgesehen ist ein kombiniertes Angebot aus klassischen Hotelzimmern, Extended-Stay-Einheiten f\u00fcr l\u00e4ngere Aufenthalte und Arbeitsbereichen der Marke WorX. Laut Unternehmen richtet sich das Konzept sowohl an Kurzzeitg\u00e4ste als auch an Reisende mit l\u00e4ngeren beruflichen oder privaten Aufenthalten.<\/p>\n<p>Geplant sind dar\u00fcber hinaus Aufenthaltsbereiche, Gastronomiefl\u00e4chen und Gemeinschaftsbereiche. Zu den angek\u00fcndigten Einrichtungen z\u00e4hlen eine Barista-Bar, ein Fitnessbereich, eine Sauna sowie Waschm\u00f6glichkeiten f\u00fcr Long-Stay-G\u00e4ste.<\/p>\n<p>Digitale Services sollen zentrale Rolle im Betrieb \u00fcbernehmen<\/p>\n<p>Nach Angaben der Primestar Group soll das Haus umfassend digital ausgerichtet werden. Vorgesehen sind digitale Buchungsprozesse, ein auf WhatsApp basierender Check-in, KI-gest\u00fctzte Concierge-Dienste sowie intelligente Zimmerfunktionen.<\/p>\n<p>Dr. <strong data-end=\"2938\" data-start=\"2921\">Roland Rausch<\/strong>, Chairman und Eigent\u00fcmer der Primestar Group, erkl\u00e4rte: \u201eDas June SIX &amp; Stay Warschauer Platz ist ein wegweisendes Projekt f\u00fcr unsere Marke. Es zeigt, wie sich unser integrierter Ansatz in einer europ\u00e4ischen Metropole skalieren l\u00e4sst, ohne die Flexibilit\u00e4t, den Designanspruch und die digitale Innovationskraft zu verlieren, die June auszeichnen.\u201c<\/p>\n<p>Standort profitiert von Verkehrsanbindung und Veranstaltungsn\u00e4he<\/p>\n<p>Das Hotel soll in unmittelbarer N\u00e4he zum S- und U-Bahnhof <strong data-end=\"3475\" data-start=\"3454\">Warschauer Stra\u00dfe<\/strong>, zur <strong data-end=\"3502\" data-start=\"3481\">East Side Gallery<\/strong> sowie zur <strong data-end=\"3527\" data-start=\"3513\">Uber Arena<\/strong> entstehen. Nach Angaben des Unternehmens richtet sich das Angebot an Berlin-Besucher, Gesch\u00e4ftsreisende sowie Nutzer, die Wohnen und Arbeiten miteinander verbinden m\u00f6chten.<\/p>\n<p>Die Primestar Group betreibt nach eigenen Angaben mehr als <strong data-end=\"3815\" data-start=\"3799\">4.900 Zimmer<\/strong> in Deutschland und \u00d6sterreich. Zur Markenplattform June geh\u00f6ren derzeit Standorte in Berlin, Hannover, Salzburg und am Gardasee.<\/p>\n<p>Text erstellt mit Unterst\u00fctzung von K\u00fcnstlicher Intelligenz<\/p>\n","protected":false},"excerpt":{"rendered":"Die Primestar Group plant nach eigenen Angaben ein neues Hotel- und Long-Stay-Projekt am Warschauer Platz in Berlin-Friedrichshain. Das&hellip;\n","protected":false},"author":2,"featured_media":1078207,"comment_status":"","ping_status":"","sticky":false,"template":"","format":"standard","meta":{"footnotes":"","_share_on_mastodon":"0"},"categories":[1825],"tags":[296,2729,57609,29,229134,30,229138,117917,229132,229136,229130,229133,229135,229129,2247,229131,49005,229137],"class_list":["post-1078206","post","type-post","status-publish","format-standard","has-post-thumbnail","category-berlin","tag-berlin","tag-berlin-friedrichshain","tag-denkmalschutz-berlin","tag-deutschland","tag-extended-stay","tag-germany","tag-hotellerie-deutschland","tag-hotelneubau-berlin","tag-hotelprojekt-berlin","tag-june-hotels","tag-june-six-stay-warschauer-platz-berlin","tag-long-stay-hotel","tag-ludwig-hoffmann","tag-primestar-group","tag-uber-arena","tag-warschauer-platz","tag-warschauer-strasse","tag-worx"],"share_on_mastodon":{"url":"https:\/\/pubeurope.com\/@de\/116712914873519106","error":""},"_links":{"self":[{"href":"https:\/\/www.europesays.com\/de\/wp-json\/wp\/v2\/posts\/1078206","targetHints":{"allow":["GET"]}}],"collection":[{"href":"https:\/\/www.europesays.com\/de\/wp-json\/wp\/v2\/posts"}],"about":[{"href":"https:\/\/www.europesays.com\/de\/wp-json\/wp\/v2\/types\/post"}],"author":[{"embeddable":true,"href":"https:\/\/www.europesays.com\/de\/wp-json\/wp\/v2\/users\/2"}],"replies":[{"embeddable":true,"href":"https:\/\/www.europesays.com\/de\/wp-json\/wp\/v2\/comments?post=1078206"}],"version-history":[{"count":0,"href":"https:\/\/www.europesays.com\/de\/wp-json\/wp\/v2\/posts\/1078206\/revisions"}],"wp:featuredmedia":[{"embeddable":true,"href":"https:\/\/www.europesays.com\/de\/wp-json\/wp\/v2\/media\/1078207"}],"wp:attachment":[{"href":"https:\/\/www.europesays.com\/de\/wp-json\/wp\/v2\/media?parent=1078206"}],"wp:term":[{"taxonomy":"category","embeddable":true,"href":"https:\/\/www.europesays.com\/de\/wp-json\/wp\/v2\/categories?post=1078206"},{"taxonomy":"post_tag","embeddable":true,"href":"https:\/\/www.europesays.com\/de\/wp-json\/wp\/v2\/tags?post=1078206"}],"curies":[{"name":"wp","href":"https:\/\/api.w.org\/{rel}","templated":true}]}}