{"id":1078309,"date":"2026-06-08T06:53:22","date_gmt":"2026-06-08T06:53:22","guid":{"rendered":"https:\/\/www.europesays.com\/de\/1078309\/"},"modified":"2026-06-08T06:53:22","modified_gmt":"2026-06-08T06:53:22","slug":"leipzig-beteiligt-sich-am-hitzeaktionstag-%c2%b7-leipziger-zeitung","status":"publish","type":"post","link":"https:\/\/www.europesays.com\/de\/1078309\/","title":{"rendered":"Leipzig beteiligt sich am Hitzeaktionstag \u00b7 Leipziger Zeitung"},"content":{"rendered":"<p>Gegen den Klimawandel kann eine Stadt wie Leipzig wenig ausrichten. Was sie und ihre Einwohner*innen aber machen k\u00f6nnen: sich auf die Auswirkungen vorzubereiten. Am Donnerstag, dem 11. Juni, findet der bundesweite Hitzeaktionstag statt. An diesem Tag m\u00f6chte auch die Stadt Leipzig \u00fcber Gesundheitsrisiken durch extreme Temperaturen informieren.<\/p>\n<p>L\u00e4nger anhaltende Hitzeperioden mit Tagestemperaturen von mehr als 30 Grad Celsius stellen nicht nur f\u00fcr den K\u00f6rper eine gro\u00dfe Belastung dar, sondern auch f\u00fcr die Psyche. Auf <a href=\"http:\/\/www.leipzig.de\/hitzetipps\" target=\"_blank\" rel=\"noopener nofollow\">www.leipzig.de\/hitzetipps<\/a> wird mit der Erfrischungskarte \u00fcber k\u00fchle Orte innerhalb des Stadtgebiets und \u00fcber nahegelegene Trinkbrunnen informiert. Tipps gibt es unter anderem auch f\u00fcr Eltern mit Babys, f\u00fcr Senior*innen sowie f\u00fcr Freizeitsportler*innen.<\/p>\n<p>Weil die durch den Klimawandel bedingten Hitzewellen in Deutschland weiter zunehmen, sind auch die Kommunen aufgefordert, ihre Bewohner*innen zu sch\u00fctzen. Der Stadtrat hatte deshalb im April 2025 <a href=\"https:\/\/www.l-iz.de\/politik\/leipzig\/2025\/04\/der-stadtrat-tagte-2025-2026-leipzig-hitzeaktionsplan-video-622704\" target=\"_blank\" rel=\"noopener nofollow\">den aktuellen Hitzeaktionsplan beschlossen<\/a>. An der Umsetzung des Plans arbeitet die Stadt aktuell. Dazu geh\u00f6rt die umfassende Aufkl\u00e4rung.<\/p>\n<p>So ver\u00f6ffentlichen das Gesundheitsamt und das Amt f\u00fcr Umweltschutz gemeinsam zum Sommerstart 2026 wieder die benannten hilfreichen Tipps zum richtigen Umgang mit Hitze auf <a href=\"http:\/\/www.leipzig.de\/hitzetipps\" target=\"_blank\" rel=\"noopener nofollow\">www.leipzig.de\/hitzetipps<\/a>.<\/p>\n<p>Am Stand des Amtes f\u00fcr Umweltschutz auf der \u00d6kofete am 14. Juni, ab 12 Uhr, im Clara-Zetkin-Park wird mit der Kampagne \u201eHitzestress? Leipzig bleibt cool!\u201c zum Thema Hitzeschutz informiert. Das Umweltinformationszentrum pr\u00e4sentiert an seinem Stand eine vielf\u00e4ltige Auswahl an kostenfreien Bildungsmaterialien und Mitmachangeboten.<\/p>\n<p>Kinder und Erwachsene werden unter anderem dazu eingeladen, ihr Wissen bei einem Quiz zu testen oder ihrer Kreativit\u00e4t beim Basteln freien Lauf zu lassen. Neben n\u00fctzlichen Fakten gibt es au\u00dferdem \u201ecoole Hilfsmittel\u201c zu gewinnen, mit denen die hei\u00dfen Tage etwas ertr\u00e4glicher werden.<\/p>\n<p>Am 20. Juni besteht beim Bunten Mockauer Sommer die Chance, sich mit Mitarbeiter*innen des Bereiches Stadt\u00f6kologie im Amt f\u00fcr Umweltschutz detailliert zum Hitzeaktionsplan, der Stadtklimaanalyse sowie den mobilen Trinkbrunnen auszutauschen. Einer dieser Brunnen wird am 20. Juni in Mockau stehen und vor Ort f\u00fcr Erfrischung sorgen.<\/p>\n","protected":false},"excerpt":{"rendered":"Gegen den Klimawandel kann eine Stadt wie Leipzig wenig ausrichten. Was sie und ihre Einwohner*innen aber machen k\u00f6nnen:&hellip;\n","protected":false},"author":2,"featured_media":652512,"comment_status":"","ping_status":"","sticky":false,"template":"","format":"standard","meta":{"footnotes":"","_share_on_mastodon":"0"},"categories":[1832],"tags":[3364,29,30,56090,952,71,859],"class_list":["post-1078309","post","type-post","status-publish","format-standard","has-post-thumbnail","category-leipzig","tag-de","tag-deutschland","tag-germany","tag-hitzeaktionsplan","tag-klimawandel","tag-leipzig","tag-sachsen"],"share_on_mastodon":{"url":"https:\/\/pubeurope.com\/@de\/116713174397822493","error":""},"_links":{"self":[{"href":"https:\/\/www.europesays.com\/de\/wp-json\/wp\/v2\/posts\/1078309","targetHints":{"allow":["GET"]}}],"collection":[{"href":"https:\/\/www.europesays.com\/de\/wp-json\/wp\/v2\/posts"}],"about":[{"href":"https:\/\/www.europesays.com\/de\/wp-json\/wp\/v2\/types\/post"}],"author":[{"embeddable":true,"href":"https:\/\/www.europesays.com\/de\/wp-json\/wp\/v2\/users\/2"}],"replies":[{"embeddable":true,"href":"https:\/\/www.europesays.com\/de\/wp-json\/wp\/v2\/comments?post=1078309"}],"version-history":[{"count":0,"href":"https:\/\/www.europesays.com\/de\/wp-json\/wp\/v2\/posts\/1078309\/revisions"}],"wp:featuredmedia":[{"embeddable":true,"href":"https:\/\/www.europesays.com\/de\/wp-json\/wp\/v2\/media\/652512"}],"wp:attachment":[{"href":"https:\/\/www.europesays.com\/de\/wp-json\/wp\/v2\/media?parent=1078309"}],"wp:term":[{"taxonomy":"category","embeddable":true,"href":"https:\/\/www.europesays.com\/de\/wp-json\/wp\/v2\/categories?post=1078309"},{"taxonomy":"post_tag","embeddable":true,"href":"https:\/\/www.europesays.com\/de\/wp-json\/wp\/v2\/tags?post=1078309"}],"curies":[{"name":"wp","href":"https:\/\/api.w.org\/{rel}","templated":true}]}}