{"id":1078331,"date":"2026-06-08T07:06:25","date_gmt":"2026-06-08T07:06:25","guid":{"rendered":"https:\/\/www.europesays.com\/de\/1078331\/"},"modified":"2026-06-08T07:06:25","modified_gmt":"2026-06-08T07:06:25","slug":"wetterumschwung-nach-schoenem-wochenstart-radio-hamburg","status":"publish","type":"post","link":"https:\/\/www.europesays.com\/de\/1078331\/","title":{"rendered":"Wetterumschwung nach sch\u00f6nem Wochenstart | Radio Hamburg"},"content":{"rendered":"<p _ngcontent-sc113=\"\"> 08. Juni 2026 \u2013 Isabell W\u00fcppenhorst <\/p>\n<p _ngcontent-sc113=\"\">Sommerfeeling in Hamburg und Schleswig-Holstein. Aber nur kurz! Nach 24 Grad und Sonne bringen Wolken und Schauer schon ab Dienstag einen Wetterumschwung.<\/p>\n<p _ngcontent-sc85=\"\" align=\"false\">In Hamburg und Schleswig-Holstein beginnt die Woche mit Sonnenschein, dann wird es wieder frisch und nass. Der Deutsche Wetterdienst (DWD) sagt vorher, dass nach einem sch\u00f6nen Montag das Wetter wieder von einem Tief beeinflusst wird. Am Montag (08.06.) ist der Himmel aufgelockert und l\u00e4sst viel Sonnenschein durch. Es werden laut dem DWD erneut Temperaturen \u00fcber 20 Grad erreicht, mit H\u00f6chsttemperaturen von 24 Grad. Vereinzelt k\u00f6nne es zu Schauern kommen. Erst in der Nacht zu Dienstag soll die Wahrscheinlichkeit f\u00fcr Regen aber wieder ansteigen. Es werde wieder wechselnd bew\u00f6lkt.<\/p>\n<p>Es gewittert wieder<\/p>\n<p _ngcontent-sc85=\"\" align=\"false\">Das Wetter aus der Nacht bestimmt auch den Dienstag (09.06.). Es soll bew\u00f6lkt und regnerisch bleiben, wie der DWD mitteilt. Dabei seien auch wieder einzelne Gewitter m\u00f6glich. Es bleibe auch k\u00fchler bei H\u00f6chsttemperaturen von 18 Grad. Dieser Wettertrend setze sich auch am Mittwoch fort.<\/p>\n<p>Das beste Wetter f\u00fcr den Norden <\/p>\n<p _ngcontent-sc85=\"\" align=\"false\">Wie das Wetter genau in der Nacht und am Morgen wird, h\u00f6rt ihr nat\u00fcrlich immer ganz aktuell um Halb und Voll im Radio Hamburg Wetterservice. H\u00f6rt doch unbedingt mal rein, um genau zu wissen, wie das Wetter bei euch vor der T\u00fcr wird. Geht am einfachsten mit dem Webplayer hier auf der Seite oder aber <a _ngcontent-sc132=\"\" target=\"_blank\" href=\"https:\/\/www.radiohamburg.de\/programm\/frequenzen\/Streamen-%C3%BCber-die-App-id388032.html\" rel=\"nofollow noopener\">\u00fcber die Radio Hamburg App.<\/a><\/p>\n<p><img decoding=\"async\" _ngcontent-sc129=\"\" class=\"\" src=\"https:\/\/www.europesays.com\/de\/wp-content\/uploads\/2025\/04\/app.jpg\" alt=\"App, App Store, iOS, Play Store, Google\" title=\"App, App Store, iOS, Play Store, Google\"\/><\/p>\n<p>Foto: Bloomicon \/ Shutterstock.com<\/p>\n<p> F\u00fcr iOS &amp; Android <\/p>\n<p>Holt euch die kostenlose Radio Hamburg App<\/p>\n<p _ngcontent-sc85=\"\" align=\"false\">H\u00f6rt uns an jedem Ort auf der Welt in bester Qualit\u00e4t &amp; st\u00f6rungsfrei \u00fcber unsere kostenlose App. Holt sie euch jetzt f\u00fcr Android oder iOS.<\/p>\n","protected":false},"excerpt":{"rendered":"08. Juni 2026 \u2013 Isabell W\u00fcppenhorst Sommerfeeling in Hamburg und Schleswig-Holstein. Aber nur kurz! Nach 24 Grad und&hellip;\n","protected":false},"author":2,"featured_media":215451,"comment_status":"","ping_status":"","sticky":false,"template":"","format":"standard","meta":{"footnotes":"","_share_on_mastodon":"0"},"categories":[1826],"tags":[950,29,30,692,127584,229163,20795,1971,229164,1973,229162,4887,29911,26455],"class_list":["post-1078331","post","type-post","status-publish","format-standard","has-post-thumbnail","category-hamburg","tag-deutscher-wetterdienst","tag-deutschland","tag-germany","tag-hamburg","tag-hamburg-wetter","tag-niedersachsen-wetter","tag-schauer","tag-schleswig-holstein","tag-schleswig-holstein-wetter","tag-wetter","tag-wetter-zum-wochenstart","tag-wetterumschwung","tag-wochenstart","tag-wolken"],"share_on_mastodon":{"url":"https:\/\/pubeurope.com\/@de\/116713226675675580","error":""},"_links":{"self":[{"href":"https:\/\/www.europesays.com\/de\/wp-json\/wp\/v2\/posts\/1078331","targetHints":{"allow":["GET"]}}],"collection":[{"href":"https:\/\/www.europesays.com\/de\/wp-json\/wp\/v2\/posts"}],"about":[{"href":"https:\/\/www.europesays.com\/de\/wp-json\/wp\/v2\/types\/post"}],"author":[{"embeddable":true,"href":"https:\/\/www.europesays.com\/de\/wp-json\/wp\/v2\/users\/2"}],"replies":[{"embeddable":true,"href":"https:\/\/www.europesays.com\/de\/wp-json\/wp\/v2\/comments?post=1078331"}],"version-history":[{"count":0,"href":"https:\/\/www.europesays.com\/de\/wp-json\/wp\/v2\/posts\/1078331\/revisions"}],"wp:featuredmedia":[{"embeddable":true,"href":"https:\/\/www.europesays.com\/de\/wp-json\/wp\/v2\/media\/215451"}],"wp:attachment":[{"href":"https:\/\/www.europesays.com\/de\/wp-json\/wp\/v2\/media?parent=1078331"}],"wp:term":[{"taxonomy":"category","embeddable":true,"href":"https:\/\/www.europesays.com\/de\/wp-json\/wp\/v2\/categories?post=1078331"},{"taxonomy":"post_tag","embeddable":true,"href":"https:\/\/www.europesays.com\/de\/wp-json\/wp\/v2\/tags?post=1078331"}],"curies":[{"name":"wp","href":"https:\/\/api.w.org\/{rel}","templated":true}]}}