{"id":107837,"date":"2025-05-13T17:13:09","date_gmt":"2025-05-13T17:13:09","guid":{"rendered":"https:\/\/www.europesays.com\/de\/107837\/"},"modified":"2025-05-13T17:13:09","modified_gmt":"2025-05-13T17:13:09","slug":"toedlicher-balkonsturz-nach-tod-von-15-jaehrigem-in-hamburg-sind-fuenf-junge-maenner-in-haft","status":"publish","type":"post","link":"https:\/\/www.europesays.com\/de\/107837\/","title":{"rendered":"T\u00f6dlicher Balkonsturz: Nach Tod von 15-J\u00e4hrigem in Hamburg sind f\u00fcnf junge M\u00e4nner in Haft"},"content":{"rendered":"<p class=\"is-first-paragraph\" data-external=\"Article.FirstParagraph\">Einen Monat nach dem t\u00f6dlichen Sturz eines 15-J\u00e4hrigen aus einem Hamburger Hochhaus befinden sich f\u00fcnf Beschuldigte in Untersuchungshaft. Gegen sie bestehe der Verdacht der versuchten gef\u00e4hrlichen K\u00f6rperverletzung mit Todesfolge, teilte eine Sprecherin der Staatsanwaltschaft mit. Die Ermittler gehen davon aus, dass der Jugendliche in der Nacht zum 14. April vor einer Gruppe von Angreifern \u00fcber den Balkon fl\u00fcchten wollte und dabei aus dem achten Stock des Hochhauses im s\u00fcdlichen Stadtteil Wilstorf st\u00fcrzte.<\/p>\n<p>Die Polizei hatte bereits in der Tatnacht f\u00fcnf Verd\u00e4chtige festgenommen. Gegen vier junge Syrer im Alter zwischen 16 und 20 Jahren war Haftbefehl erlassen worden. Eine 22 Jahre alte Irakerin kam mangels Tatverdachts wieder auf freien Fu\u00df. <\/p>\n<p>Zwei Tage sp\u00e4ter wurden drei weitere junge Syrer festgenommen, ein 18- und ein 24-J\u00e4hriger in <a class=\"is-link c-block-items__link c-link--rich-text-renderer\" href=\"https:\/\/www.welt.de\/themen\/hamburg-staedtereise\/\" title=\"Nachrichten, Bilder, Videos und Reisetipps zu Hamburg finden Sie auf unserer Themenseite.\" data-internal-tracking-enabled=\"true\" data-internal-tracking=\"{&quot;action&quot;:&quot;click&quot;,&quot;label&quot;:&quot;link&quot;,&quot;name&quot;:&quot;Inline Element&quot;,&quot;data&quot;:{&quot;source&quot;:&quot;&quot;,&quot;target&quot;:&quot;https:\/\/www.welt.de\/themen\/hamburg-staedtereise\/&quot;,&quot;trackingName&quot;:&quot;Nachrichten, Bilder, Videos und Reisetipps zu Hamburg finden Sie auf unserer Themenseite.&quot;,&quot;trackingLabel&quot;:&quot;Nachrichten, Bilder, Videos und Reisetipps zu Hamburg finden Sie auf unserer Themenseite.&quot;}}\" target=\"_blank\" rel=\"noopener\">Hamburg<\/a> sowie ein 19-J\u00e4hriger in Bordesholm (Kreis Rendsburg-Eckernf\u00f6rde). Der 18- und der 19-J\u00e4hrige wurden nach Angaben der Staatsanwaltschaft wieder freigelassen. Der \u00c4lteste blieb in Untersuchungshaft.<\/p>\n<p>15-J\u00e4hriger st\u00fcrzte wohl bei Fluchtversuch ab<\/p>\n<p>Die Ermittler gehen davon aus, dass der 15-J\u00e4hrige auf den Balkon fl\u00fcchtete, nachdem eine Gruppe \u2013 zu der die Festgenommenen geh\u00f6rten \u2013 gewaltsam in die Wohnung eingedrungen waren. Er soll versucht haben, \u00fcber die Balkonbr\u00fcstung zu klettern, \u201eum auf einen darunterliegenden Balkon zu fl\u00fcchten, wobei er sich jedoch nicht mehr halten konnte und abst\u00fcrzte\u201c, hatte die Polizei im April erkl\u00e4rt. Der 15-J\u00e4hrige lebte nach Angaben der Staatsanwaltschaft nicht in der Wohnung.<\/p>\n<p>Laut einem Bericht des \u201eHamburger Abendblatts\u201c, das als Quelle Mitsch\u00fclerinnen des 15-J\u00e4hrigen zitiert, lebte der Junge in Billstedt. Die beiden Hamburger Stadtteile liegen etwa 20 Minuten mit dem Auto auseinander. Der Junge soll die zehnte Klasse besucht haben. <\/p>\n","protected":false},"excerpt":{"rendered":"Einen Monat nach dem t\u00f6dlichen Sturz eines 15-J\u00e4hrigen aus einem Hamburger Hochhaus befinden sich f\u00fcnf Beschuldigte in Untersuchungshaft.&hellip;\n","protected":false},"author":2,"featured_media":107838,"comment_status":"","ping_status":"","sticky":false,"template":"","format":"standard","meta":{"footnotes":""},"categories":[1826],"tags":[29,30,692,2183,121,45,6148],"class_list":{"0":"post-107837","1":"post","2":"type-post","3":"status-publish","4":"format-standard","5":"has-post-thumbnail","7":"category-hamburg","8":"tag-deutschland","9":"tag-germany","10":"tag-hamburg","11":"tag-mord","12":"tag-polizei","13":"tag-texttospeech","14":"tag-totschlag"},"share_on_mastodon":{"url":"https:\/\/pubeurope.com\/@de\/114501648642004000","error":""},"_links":{"self":[{"href":"https:\/\/www.europesays.com\/de\/wp-json\/wp\/v2\/posts\/107837","targetHints":{"allow":["GET"]}}],"collection":[{"href":"https:\/\/www.europesays.com\/de\/wp-json\/wp\/v2\/posts"}],"about":[{"href":"https:\/\/www.europesays.com\/de\/wp-json\/wp\/v2\/types\/post"}],"author":[{"embeddable":true,"href":"https:\/\/www.europesays.com\/de\/wp-json\/wp\/v2\/users\/2"}],"replies":[{"embeddable":true,"href":"https:\/\/www.europesays.com\/de\/wp-json\/wp\/v2\/comments?post=107837"}],"version-history":[{"count":0,"href":"https:\/\/www.europesays.com\/de\/wp-json\/wp\/v2\/posts\/107837\/revisions"}],"wp:featuredmedia":[{"embeddable":true,"href":"https:\/\/www.europesays.com\/de\/wp-json\/wp\/v2\/media\/107838"}],"wp:attachment":[{"href":"https:\/\/www.europesays.com\/de\/wp-json\/wp\/v2\/media?parent=107837"}],"wp:term":[{"taxonomy":"category","embeddable":true,"href":"https:\/\/www.europesays.com\/de\/wp-json\/wp\/v2\/categories?post=107837"},{"taxonomy":"post_tag","embeddable":true,"href":"https:\/\/www.europesays.com\/de\/wp-json\/wp\/v2\/tags?post=107837"}],"curies":[{"name":"wp","href":"https:\/\/api.w.org\/{rel}","templated":true}]}}