{"id":1078387,"date":"2026-06-08T07:38:18","date_gmt":"2026-06-08T07:38:18","guid":{"rendered":"https:\/\/www.europesays.com\/de\/1078387\/"},"modified":"2026-06-08T07:38:18","modified_gmt":"2026-06-08T07:38:18","slug":"verkaufsoffene-sonntage-2026-karlsruhe-alle-termine-und-orte-im-ueberblick-2","status":"publish","type":"post","link":"https:\/\/www.europesays.com\/de\/1078387\/","title":{"rendered":"Verkaufsoffene Sonntage 2026 Karlsruhe: Alle Termine und Orte im \u00dcberblick"},"content":{"rendered":"<p class=\"mb-6 text-xs md:text-m lg:text-l font-serif group-[.font-sans]:font-sans \">\n    Der Fr\u00fchling steht vor der T\u00fcr, die Temperaturen steigen, die Menschen zieht es nach drau\u00dfen. Die Saison der <a href=\"https:\/\/www.ka-news.de\/karlsruhe\/freizeit-und-veranstaltungen\/karlsruhe-2026-kalender-mit-allen-festen-stadtteilfesten-kerwen-und-events-28-5-26-113082849\" target=\"_self\" class=\"underline \" rel=\"nofollow noopener\">Stra\u00dfenfeste in Karlsruhe<\/a> bahnt sich an und mit ihnen die verkaufsoffenen Sonntage in <a href=\"https:\/\/www.ka-news.de\/promis\/karlsruhe-kulturlandschaft-technologieregion-und-residenz-des-rechts-die-faecherstadt-im-ueberblick-art-2783253\" target=\"_self\" class=\"underline \" rel=\"nofollow noopener\">Karlsruhe<\/a>. Wann und welche 2026 stattfinden, sagen wir euch hier im \u00dcberblick.\n  <\/p>\n<p>            26. April: Fest der Sinne<\/p>\n<p class=\"mb-6 text-xs md:text-m lg:text-l font-serif group-[.font-sans]:font-sans \">\n    Das<strong class=\"font-bold\"> Fest der Sinne am 25. und 26. April <\/strong>bringt den Fr\u00fchling nach <a href=\"https:\/\/www.ka-news.de\/karlsruhe\" target=\"_self\" class=\"underline \" rel=\"nofollow noopener\">Karlsruhe<\/a> zur\u00fcck. Das Event bietet an zwei Tagen Gelegenheit, die Karlsruher Innenstadt entspannt zu entdecken \u2013 mit<strong class=\"font-bold\"> kulinarischen Angeboten, Einkaufsm\u00f6glichkeiten und Attraktionen<\/strong>. Besonders der <strong class=\"font-bold\">Genussmarkt am Marktplatz<\/strong> setzt dabei farbenfrohe Akzente. Auch ein verkaufsoffener Sonntag geh\u00f6rt traditionell zum Fest der Sinne.\n  <\/p>\n<ul rel=\"\" class=\"[&amp;&gt;li]:relative list-none  [&amp;&gt;li]:pl-[1.2em] [&amp;&gt;li]:marker:text-[0] [&amp;&gt;li]:relative [&amp;&gt;li]:before:absolute [&amp;&gt;li]:before:w-3 [&amp;&gt;li]:before:h-3 [&amp;&gt;li]:before:bg-brand [&amp;&gt;li]:before:left-0 [&amp;&gt;li]:before:top-[8px] [&amp;&gt;li]:before:rounded-full  my-5\">\n<li class=\" mb-3 text-xs md:text-m lg:text-l\">Wann: 25. und 26. April &#8211; verkaufsoffener Sonntag am 26. April von 13 bis 18 Uhr<\/li>\n<li class=\" mb-3 text-xs md:text-m lg:text-l\">Wo: Karlsruher Innenstadt<\/li>\n<\/ul>\n<p class=\"mb-6 text-xs md:text-m lg:text-l font-serif group-[.font-sans]:font-sans \">\n    Die sch\u00f6nsten Bilder zum Fest der Sinne 2025 finden Sie <a href=\"https:\/\/www.ka-news.de\/region\/karlsruhe\/fruehling-pur-das-karlsruher-fest-der-sinne-in-bildern-4-5-25-art-3315204\" target=\"_self\" class=\"underline \" rel=\"nofollow noopener\">hier<\/a>.\n  <\/p>\n<p>    <img decoding=\"async\" src=\"https:\/\/images.mgpd.de\/img\/109476033\/crop\/c16_9-w100\/1624750157\/707974462\/fest-der-sinne-tribut-carl-benz.jpg\" alt=\"Fest der Sinne 2025.\" title=\"Fest der Sinne 2025.\" loading=\"lazy\" class=\"h-full w-full object-cover\"\/><\/p>\n<p>      Icon vergr\u00f6\u00dfern<\/p>\n<p>    Fest der Sinne 2025.<br \/>\n    Foto: Thomas Riedel<\/p>\n<p>        Schlie\u00dfen <\/p>\n<p>      Icon Schlie\u00dfen<\/p>\n<p>        Icon vergr\u00f6\u00dfern<\/p>\n<p>        Icon verkleinern<\/p>\n<p>      Icon Pfeil bewegen<\/p>\n<p>    Fest der Sinne 2025.<br \/>\n    Foto: Thomas Riedel<\/p>\n<p>            26. April: Durlach bl\u00fcht auf<\/p>\n<p class=\"mb-6 text-xs md:text-m lg:text-l font-serif group-[.font-sans]:font-sans \">\n    Wie schon in den vergangenen Jahren findet auch in diesem Jahr<strong class=\"font-bold\"> parallel zum Fest der Sinne \u201eDurlach bl\u00fcht auf\u201c<\/strong> statt. Der verkaufsoffene Sonntag lockt mit Angeboten und Aktionen in die Durlacher Altstadt.\n  <\/p>\n<ul rel=\"\" class=\"[&amp;&gt;li]:relative list-none  [&amp;&gt;li]:pl-[1.2em] [&amp;&gt;li]:marker:text-[0] [&amp;&gt;li]:relative [&amp;&gt;li]:before:absolute [&amp;&gt;li]:before:w-3 [&amp;&gt;li]:before:h-3 [&amp;&gt;li]:before:bg-brand [&amp;&gt;li]:before:left-0 [&amp;&gt;li]:before:top-[8px] [&amp;&gt;li]:before:rounded-full  my-5\">\n<li class=\" mb-3 text-xs md:text-m lg:text-l\">Wann: 26. April, 13 bis 18 Uhr<\/li>\n<li class=\" mb-3 text-xs md:text-m lg:text-l\">Wo: Durlacher Innenstadt<\/li>\n<\/ul>\n<p>            13. September: M\u00fchlburger Kerwe<\/p>\n<p class=\"mb-6 text-xs md:text-m lg:text-l font-serif group-[.font-sans]:font-sans \">\n    In M\u00fchlburg startet die 48. Kerwe auf dem Fliederplatz traditionell schon am Donnerstag und findet ihren H\u00f6hepunkt am verkaufsoffenen Sonntag. Mit Livemusik und buntem Rahmenprogramm lockt das Stadtteilfest Jung und Alt nach M\u00fchlburg.\n  <\/p>\n<ul rel=\"\" class=\"[&amp;&gt;li]:relative list-none  [&amp;&gt;li]:pl-[1.2em] [&amp;&gt;li]:marker:text-[0] [&amp;&gt;li]:relative [&amp;&gt;li]:before:absolute [&amp;&gt;li]:before:w-3 [&amp;&gt;li]:before:h-3 [&amp;&gt;li]:before:bg-brand [&amp;&gt;li]:before:left-0 [&amp;&gt;li]:before:top-[8px] [&amp;&gt;li]:before:rounded-full  my-5\">\n<li class=\" mb-3 text-xs md:text-m lg:text-l\">Wann: 10. bis 14. September, verkaufsoffener Sonntag am 13. September von\u00a013 bis 18 Uhr<\/li>\n<li class=\" mb-3 text-xs md:text-m lg:text-l\">Wo: Fliederplatz M\u00fchlburg<\/li>\n<\/ul>\n<p>    <img decoding=\"async\" src=\"https:\/\/images.mgpd.de\/img\/110742593\/crop\/c16_9-w100\/725987237\/1605951555\/img9680-1.jpg\" alt=\"M\u00fchlburger Kerwe 2025.\" title=\"M\u00fchlburger Kerwe 2025.\" loading=\"lazy\" class=\"h-full w-full object-cover\"\/><\/p>\n<p>      Icon vergr\u00f6\u00dfern<\/p>\n<p>    M\u00fchlburger Kerwe 2025.<br \/>\n    Foto: Thomas Riedel<\/p>\n<p>        Schlie\u00dfen <\/p>\n<p>      Icon Schlie\u00dfen<\/p>\n<p>        Icon vergr\u00f6\u00dfern<\/p>\n<p>        Icon verkleinern<\/p>\n<p>      Icon Pfeil bewegen<\/p>\n<p>    M\u00fchlburger Kerwe 2025.<br \/>\n    Foto: Thomas Riedel<\/p>\n<p>            20. September: Durlacher Kerwe<\/p>\n<p class=\"mb-6 text-xs md:text-m lg:text-l font-serif group-[.font-sans]:font-sans \">\n    Die Durlacher Kerwe blickt auf eine rund <strong class=\"font-bold\">400-j\u00e4hrige Tradition<\/strong> zur\u00fcck. Wie jedes Jahr findet sie am dritten Sonntag im September statt und<strong class=\"font-bold\"> verbindet Tradition mit zeitgem\u00e4\u00dfen Elementen<\/strong>. An drei Tagen wird in Durlach gemeinsam getanzt, gefeiert &#8211; und geshoppt, denn auch hier geh\u00f6rt ein verkaufsoffener Sonntag zum Programm.\n  <\/p>\n<ul rel=\"\" class=\"[&amp;&gt;li]:relative list-none  [&amp;&gt;li]:pl-[1.2em] [&amp;&gt;li]:marker:text-[0] [&amp;&gt;li]:relative [&amp;&gt;li]:before:absolute [&amp;&gt;li]:before:w-3 [&amp;&gt;li]:before:h-3 [&amp;&gt;li]:before:bg-brand [&amp;&gt;li]:before:left-0 [&amp;&gt;li]:before:top-[8px] [&amp;&gt;li]:before:rounded-full  my-5\">\n<li class=\" mb-3 text-xs md:text-m lg:text-l\">Wann: 18. bis 21. September, verkaufsoffener Sonntag am 20. September von 13 bis 18 Uhr<\/li>\n<li class=\" mb-3 text-xs md:text-m lg:text-l\">Wo: Durlacher Innenstadt<\/li>\n<\/ul>\n<p>    <img decoding=\"async\" src=\"https:\/\/images.mgpd.de\/img\/111137367\/crop\/c16_9-w100\/74569338\/262612912\/img9961.jpg\" alt=\"Durlacher Kerwe 2025.\" title=\"Durlacher Kerwe 2025.\" loading=\"lazy\" class=\"h-full w-full object-cover\"\/><\/p>\n<p>      Icon vergr\u00f6\u00dfern<\/p>\n<p>    Durlacher Kerwe 2025.<br \/>\n    Foto: Thomas Riedel<\/p>\n<p>        Schlie\u00dfen <\/p>\n<p>      Icon Schlie\u00dfen<\/p>\n<p>        Icon vergr\u00f6\u00dfern<\/p>\n<p>        Icon verkleinern<\/p>\n<p>      Icon Pfeil bewegen<\/p>\n<p>    Durlacher Kerwe 2025.<br \/>\n    Foto: Thomas Riedel<\/p>\n<p>            11. Oktober: Stadtfest Karlsruhe<\/p>\n<p class=\"mb-6 text-xs md:text-m lg:text-l font-serif group-[.font-sans]:font-sans \">\n    Karlsruhe feiert traditionell in der zweiten Oktoberwoche den Herbstbeginn. Beim allj\u00e4hrlichen Stadtfest sorgen<strong class=\"font-bold\"> Livemusik, vielf\u00e4ltige Gastronomie, ein Familienprogramm <\/strong>und nat\u00fcrlich<strong class=\"font-bold\"> zahlreiche Einkaufsm\u00f6glichkeiten am verkaufsoffenen Sonntag <\/strong>f\u00fcr eine gute Unterhaltung.\n  <\/p>\n<ul rel=\"\" class=\"[&amp;&gt;li]:relative list-none  [&amp;&gt;li]:pl-[1.2em] [&amp;&gt;li]:marker:text-[0] [&amp;&gt;li]:relative [&amp;&gt;li]:before:absolute [&amp;&gt;li]:before:w-3 [&amp;&gt;li]:before:h-3 [&amp;&gt;li]:before:bg-brand [&amp;&gt;li]:before:left-0 [&amp;&gt;li]:before:top-[8px] [&amp;&gt;li]:before:rounded-full  my-5\">\n<li class=\" mb-3 text-xs md:text-m lg:text-l\">Wann: 10. bis 11. Oktober, verkaufsoffener Sonntag am 11. Oktober von 13 bis 18 Uhr<\/li>\n<li class=\" mb-3 text-xs md:text-m lg:text-l\">Wo: Karlsruher Innenstadt<\/li>\n<\/ul>\n<p>    <img decoding=\"async\" src=\"https:\/\/images.mgpd.de\/img\/112376186\/crop\/c16_9-w100\/190948768\/1879224373\/img6145.jpg\" alt=\"Das Karlsruher Stadtfest 2025.\" title=\"Das Karlsruher Stadtfest 2025.\" loading=\"lazy\" class=\"h-full w-full object-cover\"\/><\/p>\n<p>      Icon vergr\u00f6\u00dfern<\/p>\n<p>    Das Karlsruher Stadtfest 2025.<br \/>\n    Foto: Thomas Riedel<\/p>\n<p>        Schlie\u00dfen <\/p>\n<p>      Icon Schlie\u00dfen<\/p>\n<p>        Icon vergr\u00f6\u00dfern<\/p>\n<p>        Icon verkleinern<\/p>\n<p>      Icon Pfeil bewegen<\/p>\n<p>    Das Karlsruher Stadtfest 2025.<br \/>\n    Foto: Thomas Riedel<\/p>\n<p class=\"mb-6 text-xs md:text-m lg:text-l font-serif group-[.font-sans]:font-sans \">\n    Die sch\u00f6nsten Bilder vom Stadtfest 2025 finden Sie <a href=\"https:\/\/www.ka-news.de\/karlsruhe\/freizeit-und-veranstaltungen\/karlsruhe-shoppen-schlemmen-schnaeppchen-jagen-so-schoen-feierte-karlsruhe-am-sonntag-stadtfest-112176353\" target=\"_self\" class=\"underline \" rel=\"nofollow noopener\">hier<\/a>.\n  <\/p>\n<p>            8. November: Karlsruher Herbstmess\u2018<\/p>\n<p class=\"mb-6 text-xs md:text-m lg:text-l font-serif group-[.font-sans]:font-sans \">\n    Die Karlsruher Herbstmess\u2019 ist ein allj\u00e4hrliches Highlight im Karlsruher Veranstaltungskalender. Sie h\u00e4lt ein vielf\u00e4ltiges Angebot an <strong class=\"font-bold\">Attraktionen und Unterhaltung<\/strong> bereit. Vom Kinderkarussell bis zu actionreichen Fahrgesch\u00e4ften kommt hier jede und jeder auf seine Kosten. Sonntags locken die Gesch\u00e4fte mit Angeboten in die Innenstadt.\n  <\/p>\n<ul rel=\"\" class=\"[&amp;&gt;li]:relative list-none  [&amp;&gt;li]:pl-[1.2em] [&amp;&gt;li]:marker:text-[0] [&amp;&gt;li]:relative [&amp;&gt;li]:before:absolute [&amp;&gt;li]:before:w-3 [&amp;&gt;li]:before:h-3 [&amp;&gt;li]:before:bg-brand [&amp;&gt;li]:before:left-0 [&amp;&gt;li]:before:top-[8px] [&amp;&gt;li]:before:rounded-full  my-5\">\n<li class=\" mb-3 text-xs md:text-m lg:text-l\">Wann: 30. Oktober bis 9. November, verkaufsoffener Sonntag am 8. November von 13 bis 18 Uhr<\/li>\n<li class=\" mb-3 text-xs md:text-m lg:text-l\">Wo: Messplatz an der Durlacher Allee<\/li>\n<\/ul>\n<p>    <img decoding=\"async\" src=\"https:\/\/images.mgpd.de\/img\/112662848\/crop\/c16_9-w100\/888797760\/1280222327\/img8063-3.jpg\" alt=\"Aufbau Karlsruher Mess' 2025.\" title=\"Aufbau Karlsruher Mess' 2025.\" loading=\"lazy\" class=\"h-full w-full object-cover\"\/><\/p>\n<p>      Icon vergr\u00f6\u00dfern<\/p>\n<p>    Aufbau Karlsruher Mess&#8216; 2025.<br \/>\n    Foto: Thomas Riedel<\/p>\n<p>        Schlie\u00dfen <\/p>\n<p>      Icon Schlie\u00dfen<\/p>\n<p>        Icon vergr\u00f6\u00dfern<\/p>\n<p>        Icon verkleinern<\/p>\n<p>      Icon Pfeil bewegen<\/p>\n<p>    Aufbau Karlsruher Mess&#8216; 2025.<br \/>\n    Foto: Thomas Riedel<\/p>\n<p>            Noch mehr verkaufsoffene Sonntage in der Region<\/p>\n<p class=\"mb-6 text-xs md:text-m lg:text-l font-serif group-[.font-sans]:font-sans \">\n    Noch nicht genug geshoppt? Die verkaufsoffenen Sonntage in <strong class=\"font-bold\">Bruchsal, Rastatt, Baden-Baden <\/strong>und<strong class=\"font-bold\"> Pforzheim<\/strong> findet ihr hier:\n  <\/p>\n","protected":false},"excerpt":{"rendered":"Der Fr\u00fchling steht vor der T\u00fcr, die Temperaturen steigen, die Menschen zieht es nach drau\u00dfen. Die Saison der&hellip;\n","protected":false},"author":2,"featured_media":834637,"comment_status":"","ping_status":"","sticky":false,"template":"","format":"standard","meta":{"footnotes":"","_share_on_mastodon":"0"},"categories":[1844],"tags":[16418,1634,82877,55272,3364,29,20957,6763,30,8903,98037,10469,1429],"class_list":["post-1078387","post","type-post","status-publish","format-standard","has-post-thumbnail","category-karlsruhe","tag-baden-baden","tag-baden-wuerttemberg","tag-bruchsal","tag-das-fest","tag-de","tag-deutschland","tag-durlach","tag-gastronomie","tag-germany","tag-karlsruhe","tag-kerwe","tag-pforzheim","tag-rastatt"],"share_on_mastodon":{"url":"https:\/\/pubeurope.com\/@de\/116713352944558728","error":""},"_links":{"self":[{"href":"https:\/\/www.europesays.com\/de\/wp-json\/wp\/v2\/posts\/1078387","targetHints":{"allow":["GET"]}}],"collection":[{"href":"https:\/\/www.europesays.com\/de\/wp-json\/wp\/v2\/posts"}],"about":[{"href":"https:\/\/www.europesays.com\/de\/wp-json\/wp\/v2\/types\/post"}],"author":[{"embeddable":true,"href":"https:\/\/www.europesays.com\/de\/wp-json\/wp\/v2\/users\/2"}],"replies":[{"embeddable":true,"href":"https:\/\/www.europesays.com\/de\/wp-json\/wp\/v2\/comments?post=1078387"}],"version-history":[{"count":0,"href":"https:\/\/www.europesays.com\/de\/wp-json\/wp\/v2\/posts\/1078387\/revisions"}],"wp:featuredmedia":[{"embeddable":true,"href":"https:\/\/www.europesays.com\/de\/wp-json\/wp\/v2\/media\/834637"}],"wp:attachment":[{"href":"https:\/\/www.europesays.com\/de\/wp-json\/wp\/v2\/media?parent=1078387"}],"wp:term":[{"taxonomy":"category","embeddable":true,"href":"https:\/\/www.europesays.com\/de\/wp-json\/wp\/v2\/categories?post=1078387"},{"taxonomy":"post_tag","embeddable":true,"href":"https:\/\/www.europesays.com\/de\/wp-json\/wp\/v2\/tags?post=1078387"}],"curies":[{"name":"wp","href":"https:\/\/api.w.org\/{rel}","templated":true}]}}