{"id":1078480,"date":"2026-06-08T08:32:33","date_gmt":"2026-06-08T08:32:33","guid":{"rendered":"https:\/\/www.europesays.com\/de\/1078480\/"},"modified":"2026-06-08T08:32:33","modified_gmt":"2026-06-08T08:32:33","slug":"baustelle-in-koepenick-wie-lange-die-altstadt-noch-umgebaut-wird","status":"publish","type":"post","link":"https:\/\/www.europesays.com\/de\/1078480\/","title":{"rendered":"Baustelle in K\u00f6penick: Wie lange die Altstadt noch umgebaut wird"},"content":{"rendered":"<p><b>Die Baustelle in der Altstadt K\u00f6penick bleibt bis 2027. BVG und Berliner Wasserbetriebe erneuern Gleise, Haltestellen, Leitungen und Kan\u00e4le.<\/b><\/p>\n<p><a href=\"https:\/\/www.europesays.com\/de\/wp-content\/uploads\/2026\/06\/Koepenick-Altstadt-\u00a9-Foto-ENTWICKLUNGSSTADT-3.png\"><img loading=\"lazy\" decoding=\"async\" aria-describedby=\"caption-attachment-98128\" class=\"lazyload size-full wp-image-98128\" src=\"data:image\/svg+xml,%3Csvg%20xmlns%3D%27http%3A%2F%2Fwww.w3.org%2F2000%2Fsvg%27%20width%3D%271280%27%20height%3D%27720%27%20viewBox%3D%270%200%201280%20720%27%3E%3Crect%20width%3D%271280%27%20height%3D%27720%27%20fill-opacity%3D%220%22%2F%3E%3C%2Fsvg%3E\" data-orig-src=\"https:\/\/www.europesays.com\/de\/wp-content\/uploads\/2026\/06\/Koepenick-Altstadt-\u00a9-Foto-ENTWICKLUNGSSTADT-3.png\" alt=\"Die Baustelle in der Altstadt K\u00f6penick zeigt abgesperrte Gleisbereiche, einen gelben Bagger und die Kirche an der Kirchstra\u00dfe bei klarem Himmel.\" width=\"1280\" height=\"720\"\/><\/a><\/p>\n<p id=\"caption-attachment-98128\" class=\"wp-caption-text\">Baustelle in der Altstadt K\u00f6penick: Rund um die Kirchstra\u00dfe laufen Arbeiten an Gleisen, Leitungen und Stra\u00dfenraum. \/ \u00a9 Foto: ENTWICKLUNGSSTADT<\/p>\n<p>\u00a9 Titelbild: ENTWICKLUNGSSTADT<\/p>\n<p>In der <a href=\"https:\/\/www.entwicklungsstadt.de\/grossprojekt-altstadt-koepenick-umfangreiche-bauarbeiten-bis-2027\/\" target=\"_blank\" rel=\"noopener nofollow\">Altstadt K\u00f6penick l\u00e4uft eines der gr\u00f6\u00dften Infrastrukturprojekte im Bezirk Treptow-K\u00f6penick<\/a>. Die BVG erneuert Stra\u00dfenbahngleise, Weichen und Haltestellen. Parallel sanieren die Berliner Wasserbetriebe Trinkwasserleitungen sowie Schmutz- und Regenwasserkan\u00e4le. Aktuell pr\u00e4gen Bauz\u00e4une, ausgehobene Gleisbereiche, Baumaschinen und vorbereitete Betontr\u00e4ger das Bild rund um Alt-K\u00f6penick, Kirchstra\u00dfe und Lindenstra\u00dfe.<\/p>\n<ul>\n<li><b>Bezirk<\/b>: <a title=\"Treptow-K\u00f6penick\" href=\"https:\/\/www.entwicklungsstadt.de\/bezirke\/treptow-koepenick\/\" target=\"_blank\" rel=\"noopener nofollow\">Treptow-K\u00f6penick<\/a>\u00a0<\/li>\n<li><b>Adresse<\/b>: Alt-K\u00f6penick, Lindenstra\u00dfe, Kirchstra\u00dfe, Kietzer Stra\u00dfe, M\u00fcggelheimer Stra\u00dfe<\/li>\n<li><b>Fertigstellung<\/b>: September 2027<\/li>\n<\/ul>\n<p>Der Umbau betrifft nicht nur einzelne Gleise. Die BVG ersetzt auf rund zwei Kilometern Stra\u00dfenbahninfrastruktur alte Gleise und Weichen. Dazu kommen neue, barrierefreie Haltestellen. Am Rathaus K\u00f6penick und an der Bahnhofstra\u00dfe\/Lindenstra\u00dfe sind diese bereits umgesetzt.\u00a0<\/p>\n<p><a href=\"https:\/\/www.europesays.com\/de\/wp-content\/uploads\/2026\/06\/Koepenick-Altstadt-\u00a9-Foto-ENTWICKLUNGSSTADT-4.png\"><img loading=\"lazy\" decoding=\"async\" aria-describedby=\"caption-attachment-98129\" class=\"lazyload size-full wp-image-98129\" src=\"data:image\/svg+xml,%3Csvg%20xmlns%3D%27http%3A%2F%2Fwww.w3.org%2F2000%2Fsvg%27%20width%3D%271280%27%20height%3D%27720%27%20viewBox%3D%270%200%201280%20720%27%3E%3Crect%20width%3D%271280%27%20height%3D%27720%27%20fill-opacity%3D%220%22%2F%3E%3C%2Fsvg%3E\" data-orig-src=\"https:\/\/www.europesays.com\/de\/wp-content\/uploads\/2026\/06\/Koepenick-Altstadt-\u00a9-Foto-ENTWICKLUNGSSTADT-4.png\" alt=\"Entlang der Stra\u00dfe in Richtung Altstadt K\u00f6penick stehen Bauz\u00e4une an den Stra\u00dfenbahngleisen, im Hintergrund ist die Kirche der Altstadt zu sehen.\" width=\"1280\" height=\"720\"\/><\/a><\/p>\n<p id=\"caption-attachment-98129\" class=\"wp-caption-text\">Altstadt K\u00f6penick: Die Baustelle bleibt bis 2027 sichtbar, bis Gleise, Haltestellen und Leitungen erneuert sind.\/ \u00a9 Foto: ENTWICKLUNGSSTADT<\/p>\n<p>Dauerbaustelle in der Altstadt K\u00f6penick wegen BVG und BWB<\/p>\n<p>Eine sichtbare Ver\u00e4nderung wird es auch im Stra\u00dfenbahnnetz geben. Die bisherige Haltestelle Freiheit soll im Zuge des Umbaus entfallen und durch die neue Haltestelle Sch\u00fc\u00dflerplatz ersetzt werden. Nach Angaben der BVG entsteht dort eine moderne, barrierefreie Haltestelle mit besserer Erreichbarkeit f\u00fcr Fahrg\u00e4ste.\u00a0<\/p>\n<p>Die Verlegung ist Teil der umfassenden Neuordnung der Stra\u00dfenbahnstrecke in der Altstadt K\u00f6penick. Mit dem neuen Standort sollen die Verkehrsabl\u00e4ufe verbessert und die Haltestelleninfrastruktur an aktuelle Anforderungen angepasst werden. Der Bau der neuen Haltestelle ist f\u00fcr die kommenden Bauabschnitte bis 2027 vorgesehen.<\/p>\n<p>Parallel nutzen die\u00a0 Berliner Wasserbetriebe die Bauzeit, um rund 1,2 Kilometer Trinkwasserleitungen sowie Schmutz- und Regenwasserkan\u00e4le in der Altstadt K\u00f6penick zu erneuern oder zu sanieren. Dabei geht es nicht nur um den Austausch alter Leitungen. Ein Teil der Infrastruktur wird in neue Trassen neben den Stra\u00dfenbahngleisen verlegt. K\u00fcnftig sollen notwendige Reparaturen und Wartungsarbeiten dadurch einfacher m\u00f6glich sein, ohne den Stra\u00dfenbahnverkehr erneut gro\u00dffl\u00e4chig einschr\u00e4nken zu m\u00fcssen.\u00a0<\/p>\n<p><a href=\"https:\/\/www.europesays.com\/de\/wp-content\/uploads\/2026\/06\/Koepenick-Altstadt-\u00a9-Foto-ENTWICKLUNGSSTADT.png\"><img loading=\"lazy\" decoding=\"async\" aria-describedby=\"caption-attachment-98125\" class=\"lazyload size-full wp-image-98125\" src=\"data:image\/svg+xml,%3Csvg%20xmlns%3D%27http%3A%2F%2Fwww.w3.org%2F2000%2Fsvg%27%20width%3D%271280%27%20height%3D%27720%27%20viewBox%3D%270%200%201280%20720%27%3E%3Crect%20width%3D%271280%27%20height%3D%27720%27%20fill-opacity%3D%220%22%2F%3E%3C%2Fsvg%3E\" data-orig-src=\"https:\/\/www.europesays.com\/de\/wp-content\/uploads\/2026\/06\/Koepenick-Altstadt-\u00a9-Foto-ENTWICKLUNGSSTADT.png\" alt=\"Die Lindenstra\u00dfe in K\u00f6penick ist mit Bauz\u00e4unen abgesperrt, dar\u00fcber verlaufen Fahrleitungen der Stra\u00dfenbahn.\" width=\"1280\" height=\"720\"\/><\/a><\/p>\n<p id=\"caption-attachment-98125\" class=\"wp-caption-text\">Lindenstra\u00dfe in K\u00f6penick: Provisorien und Absperrungen sichern den Stra\u00dfenbahnbetrieb w\u00e4hrend der Bauarbeiten. \/ \u00a9 Foto: ENTWICKLUNGSSTADT<\/p>\n<p>Marode Infrastrukturen in der Altstadt K\u00f6penick werden ersetzt<\/p>\n<p>Nach Angaben der Wasserbetriebe erfolgen etwa die H\u00e4lfte der Arbeiten in grabenlosen Verfahren. Dabei k\u00f6nnen bestehende Leitungen saniert werden, ohne die Stra\u00dfe auf voller L\u00e4nge \u00f6ffnen zu m\u00fcssen. Die Arbeiten erfolgen abschnittsweise und eng abgestimmt mit dem Gleisbau der BVG.<\/p>\n<p>Die umfangreichen Arbeiten sind notwendig, weil in der Altstadt K\u00f6penick mehrere Infrastrukturen gleichzeitig das Ende ihrer technischen Lebensdauer erreichen. Neben den teilweise Jahrzehnte alten Stra\u00dfenbahngleisen m\u00fcssen auch Trinkwasserleitungen sowie Schmutz- und Regenwasserkan\u00e4le erneuert oder saniert werden. W\u00fcrden die Ma\u00dfnahmen getrennt voneinander durchgef\u00fchrt, m\u00fcssten Stra\u00dfen und Gleisanlagen in den kommenden Jahren mehrfach aufgebrochen werden.\u00a0<\/p>\n<p>Deshalb b\u00fcndeln die BVG und die Berliner Wasserbetriebe ihre Arbeiten. Nach Angaben der Projektpartner sollen durch die gemeinsame Bauausf\u00fchrung sowohl die Belastungen f\u00fcr Anwohner und Gewerbetreibende als auch die Gesamtkosten reduziert werden.<\/p>\n<p><a href=\"https:\/\/www.europesays.com\/de\/wp-content\/uploads\/2026\/06\/Koepenick-Altstadt-\u00a9-Foto-ENTWICKLUNGSSTADT-1.png\"><img loading=\"lazy\" decoding=\"async\" aria-describedby=\"caption-attachment-98126\" class=\"lazyload size-full wp-image-98126\" src=\"data:image\/svg+xml,%3Csvg%20xmlns%3D%27http%3A%2F%2Fwww.w3.org%2F2000%2Fsvg%27%20width%3D%271280%27%20height%3D%27720%27%20viewBox%3D%270%200%201280%20720%27%3E%3Crect%20width%3D%271280%27%20height%3D%27720%27%20fill-opacity%3D%220%22%2F%3E%3C%2Fsvg%3E\" data-orig-src=\"https:\/\/www.europesays.com\/de\/wp-content\/uploads\/2026\/06\/Koepenick-Altstadt-\u00a9-Foto-ENTWICKLUNGSSTADT-1.png\" alt=\"Eine ge\u00f6ffnete Gleistrasse in der Altstadt K\u00f6penick zeigt Betontr\u00e4ger, Bewehrung, Bagger und Baumaterial hinter Bauz\u00e4unen.\" width=\"1280\" height=\"720\"\/><\/a><\/p>\n<p id=\"caption-attachment-98126\" class=\"wp-caption-text\">Aktueller Baufortschritt in K\u00f6penick: In der Altstadt werden Gleise vorbereitet und Leitungsarbeiten koordiniert. \/ \u00a9 Foto: ENTWICKLUNGSSTADT<\/p>\n<p>Wie lange die Baustelle in der Altstadt K\u00f6penick noch dauert<\/p>\n<p>Der weitere Zeitplan reicht bis September 2027. F\u00fcr 2026 sind unter anderem Arbeiten in der Lindenstra\u00dfe, Kirchstra\u00dfe und Kietzer Stra\u00dfe vorgesehen. In der Kirchstra\u00dfe und am Sch\u00fc\u00dflerplatz sollen Leitungen erneuert und die neue barrierefreie Haltestelle gebaut werden. In der Kietzer Stra\u00dfe folgen Leitungs- und Gleisarbeiten.\u00a0<\/p>\n<p>F\u00fcr 2027 sieht der Plan weitere Arbeiten in der Kirchstra\u00dfe sowie in der M\u00fcggelheimer Stra\u00dfe vor. Dort sollen Weichen erneuert und anschlie\u00dfend provisorische Gleise zur\u00fcckgebaut werden. Danach sollen auch die Umleitungen \u00fcber Freiheit, L\u00fcderstra\u00dfe und Landj\u00e4gerstra\u00dfe zur\u00fcckgebaut und die verkehrsberuhigte Zone wiederhergestellt werden. Die Inbetriebnahme der Stra\u00dfenbahn in der Altstadt ist im Projektplan f\u00fcr September 2027 vorgesehen.\u00a0<\/p>\n<p><a href=\"https:\/\/www.europesays.com\/de\/wp-content\/uploads\/2026\/06\/Koepenick-S-Bahnhof-Regionalbahnhof-\u00a9-Foto-ENTWICKLUNGSSTADT-1.jpg\"><img loading=\"lazy\" decoding=\"async\" aria-describedby=\"caption-attachment-96306\" class=\"lazyload size-full wp-image-96306\" src=\"data:image\/svg+xml,%3Csvg%20xmlns%3D%27http%3A%2F%2Fwww.w3.org%2F2000%2Fsvg%27%20width%3D%271280%27%20height%3D%27720%27%20viewBox%3D%270%200%201280%20720%27%3E%3Crect%20width%3D%271280%27%20height%3D%27720%27%20fill-opacity%3D%220%22%2F%3E%3C%2Fsvg%3E\" data-orig-src=\"https:\/\/www.europesays.com\/de\/wp-content\/uploads\/2026\/06\/Koepenick-S-Bahnhof-Regionalbahnhof-\u00a9-Foto-ENTWICKLUNGSSTADT-1.jpg\" alt=\"Das Bild zeigt den S-Bahnhof K\u00f6penick von oben mit roter und grauer Schallschutzwand, neuer Gleistrasse und Baustelle f\u00fcr den Regionalbahnhof.\" width=\"1280\" height=\"720\"\/><\/a><\/p>\n<p id=\"caption-attachment-96306\" class=\"wp-caption-text\">Der neue Bahndamm mit Schallschutzwand w\u00e4chst entlang des S-Bahnhofs K\u00f6penick. \/ \u00a9 Foto: ENTWICKLUNGSSTADT<\/p>\n<p>Weitere Verkehrsprojekte in K\u00f6penick<\/p>\n<p>Die Baustelle in der Altstadt K\u00f6penick ist zudem nur eines von mehreren gro\u00dfen Verkehrsprojekten im Berliner S\u00fcdosten. Wenige hundert Meter entfernt <a href=\"https:\/\/www.entwicklungsstadt.de\/s-bahnhof-koepenick-regionalbahnhof-waechst-ueber-der-bahnhofstrasse\/\" target=\"_blank\" rel=\"noopener nofollow\">entsteht derzeit der neue Regionalbahnhof K\u00f6penick<\/a>. Am bisherigen S-Bahnhof werden ein rund 220 Meter langer Regionalbahnsteig, neue Gleise, zus\u00e4tzliche Zug\u00e4nge und Aufz\u00fcge gebaut. Nach aktuellem Stand soll der Regionalverkehr dort ab Dezember 2027 halten.<\/p>\n<p>Parallel dazu laufen Vorbereitungen f\u00fcr die sogenannte Westumfahrung der Bahnhofstra\u00dfe. Die geplante neue Stra\u00dfenverbindung soll die stark belastete Bahnhofstra\u00dfe und Teile der K\u00f6penicker Altstadt k\u00fcnftig entlasten. <a href=\"https:\/\/www.entwicklungsstadt.de\/neue-tunnel-in-koepenick-westumfahrung-fuer-bahnhofstrasse-wird-sichtbar\/\" target=\"_blank\" rel=\"noopener nofollow\">Erste Tunnelbauwerke im Bereich der H\u00e4mmerlingstra\u00dfe wurden bereits im Zusammenhang mit den Bahnarbeiten errichtet<\/a>, ein Baubeginn f\u00fcr die eigentliche Stra\u00dfe wird jedoch fr\u00fchestens ab 2027 erwartet.<\/p>\n<p>Hinzu kommt die geplante <a href=\"https:\/\/www.entwicklungsstadt.de\/pyramidenbruecke-in-koepenick-bauarbeiten-gehen-voran\/\" target=\"_blank\" rel=\"noopener nofollow\">Erneuerung der Pyramidenbr\u00fccke,<\/a> die als wichtige Verbindung zwischen der K\u00f6penicker Altstadt, dem Schlossplatz und der Bahnhofstra\u00dfe gilt. Damit wird deutlich, dass sich K\u00f6penick in den kommenden Jahren an mehreren zentralen Verkehrsknoten gleichzeitig ver\u00e4ndert.<\/p>\n<p>Quellen: BVG, Berliner Wasserbetriebe<\/p>\n","protected":false},"excerpt":{"rendered":"Die Baustelle in der Altstadt K\u00f6penick bleibt bis 2027. BVG und Berliner Wasserbetriebe erneuern Gleise, Haltestellen, Leitungen und&hellip;\n","protected":false},"author":2,"featured_media":1078481,"comment_status":"","ping_status":"","sticky":false,"template":"","format":"standard","meta":{"footnotes":"","_share_on_mastodon":"0"},"categories":[1825],"tags":[31723,296,17939,2236,29,30,31731,1466,34089],"class_list":["post-1078480","post","type-post","status-publish","format-standard","has-post-thumbnail","category-berlin","tag-bauprojekte-koepenick","tag-berlin","tag-berlin-koepenick","tag-bvg","tag-deutschland","tag-germany","tag-koepenick","tag-mobilitaet","tag-treptow-koepenick-verkehrsprojekte"],"share_on_mastodon":{"url":"https:\/\/pubeurope.com\/@de\/116713563662752885","error":""},"_links":{"self":[{"href":"https:\/\/www.europesays.com\/de\/wp-json\/wp\/v2\/posts\/1078480","targetHints":{"allow":["GET"]}}],"collection":[{"href":"https:\/\/www.europesays.com\/de\/wp-json\/wp\/v2\/posts"}],"about":[{"href":"https:\/\/www.europesays.com\/de\/wp-json\/wp\/v2\/types\/post"}],"author":[{"embeddable":true,"href":"https:\/\/www.europesays.com\/de\/wp-json\/wp\/v2\/users\/2"}],"replies":[{"embeddable":true,"href":"https:\/\/www.europesays.com\/de\/wp-json\/wp\/v2\/comments?post=1078480"}],"version-history":[{"count":0,"href":"https:\/\/www.europesays.com\/de\/wp-json\/wp\/v2\/posts\/1078480\/revisions"}],"wp:featuredmedia":[{"embeddable":true,"href":"https:\/\/www.europesays.com\/de\/wp-json\/wp\/v2\/media\/1078481"}],"wp:attachment":[{"href":"https:\/\/www.europesays.com\/de\/wp-json\/wp\/v2\/media?parent=1078480"}],"wp:term":[{"taxonomy":"category","embeddable":true,"href":"https:\/\/www.europesays.com\/de\/wp-json\/wp\/v2\/categories?post=1078480"},{"taxonomy":"post_tag","embeddable":true,"href":"https:\/\/www.europesays.com\/de\/wp-json\/wp\/v2\/tags?post=1078480"}],"curies":[{"name":"wp","href":"https:\/\/api.w.org\/{rel}","templated":true}]}}