{"id":1078594,"date":"2026-06-08T09:39:29","date_gmt":"2026-06-08T09:39:29","guid":{"rendered":"https:\/\/www.europesays.com\/de\/1078594\/"},"modified":"2026-06-08T09:39:29","modified_gmt":"2026-06-08T09:39:29","slug":"abschied-nach-16-jahren-sc-dhfk-leipzig-zieht-krzikallas-trikot-unters-hallendach","status":"publish","type":"post","link":"https:\/\/www.europesays.com\/de\/1078594\/","title":{"rendered":"Abschied nach 16 Jahren: SC DHfK Leipzig zieht Krzikallas Trikot unters Hallendach"},"content":{"rendered":"<p class=\"topline\">Handball | Bundesliga<\/p>\n<p>\n                Stand: 08.06.2026 10:27 Uhr<\/p>\n<p class=\"preface\">Mit einer besonderen Ehrung hat der SC DHfK Leipzig seinen langj\u00e4hrigen Profi Lucas Krzikalla verabschiedet. Der Verein zog sein Trikot mit der Nr. 8 unter das Dach der Arena und nahm es in die Hall of Fame auf.<\/p>\n<p class=\"\">Nach 16 Jahren verabschiedet sich Lucas Krzikalla, <a href=\"https:\/\/www.mdr.de\/sport\/handball\/sc-dhfk-lepzig-lucas-krizikalla-muss-gehen-100.html\" title=\"Handball: SC DHfK Leipzig - Krzikalla muss nach 16 Jahren gehen\" rel=\"nofollow noopener\" target=\"_blank\">dessen Vertrag nicht verl\u00e4ngert wurde<\/a>, vom SC DHfK Leipzig. Im Anschluss an das <a href=\"https:\/\/www.mdr.de\/sport\/handball\/hbl-sc-dhfk-leipzig-gwd-minden-bericht-100.html\" title=\"Handball | Bundesliga: SC DHfK Leipzig zieht GWD Minden mit runter in die 2. Bundesliga\" rel=\"nofollow noopener\" target=\"_blank\">letzte Saisonspiel am Sonntag gegen GWD Minden<\/a> zog der Verein symbolisch das Trikot seiner langj\u00e4hrigen Nummer acht unter das Hallendach. Er ist erst der sechste DHfK-Spieler \u00fcberhaupt, dem diese Ehre zuteil wird.<\/p>\n<p>                    <a href=\"https:\/\/www.europesays.com\/de\/wp-content\/uploads\/2026\/06\/lukas-krzikalla-abschied-sc-dhfk-leipzig-100.webp\" class=\"zoomimage\" title=\"Bild vergr\u00f6\u00dfern\"><\/p>\n<p>        <img decoding=\"async\" src=\"https:\/\/www.europesays.com\/de\/wp-content\/uploads\/2026\/06\/lukas-krzikalla-abschied-sc-dhfk-leipzig-100.webp\" alt=\"Ein Banner mit dem Trikot von Lukas Krzikalla h\u00e4ngt unter dem Dach der Arena Leipzig.\" title=\"Das Trikot mit der Nr. 8 von Lucas Krzikalla. | IMAGO \/ Beautiful Sports\" class=\"responsive\" loading=\"lazy\"\/><\/p>\n<p>                    <\/a><\/p>\n<p>                    Das Trikot mit der Nr. 8 von Lucas Krzikalla.<\/p>\n<p>    Krzikalla: &#8222;Das ist eine unglaubliche Ehre&#8220;<\/p>\n<p class=\"\"><a href=\"https:\/\/www.mdr.de\/sport\/sport-im-osten\/video-interview-lucas-krzikalla-sc-dhfk-leipzig-abschied-ehrung-100.html\" title=\"Lucas Krzikalla: &quot;Ich bin so dankbar f\u00fcr jeden einzelnen Moment&quot;\" rel=\"nofollow noopener\" target=\"_blank\">&#8222;Das bedeutet mir sehr, sehr viel. Das ist eine unglaubliche Ehre&#8220;<\/a>, sagte der hochemotionale Krzikalla kurz nach der Ehrung. Mehr als 300 Bundesliga-Spiele bestritt er f\u00fcr den SC DHfK und erzielte dabei 660 Tore. Das Wichtigste f\u00fcr ihn ist, was am l\u00e4ngsten zur\u00fcckliegt. &#8222;Das erste Bundesligator, das ich f\u00fcr den Verein werfen durfte. Das bleibt immer in Erinnerung und wird nie vergehen.&#8220;<\/p>\n<p class=\"\">Sichtlich bewegt von Krzikallas Abschied war auch DHfK-Gesch\u00e4ftsf\u00fchrer Karsten G\u00fcnther. &#8222;Er hat den Verein hier in den letzten Jahren ma\u00dfgeblich mitgepr\u00e4gt. Er ist mit uns aufgestiegen von der zweiten in die erste Liga. Er hat es mit ins Final Four geschafft.&#8220; Neben seinem ersten Bundesliga-Tor ist der Aufstieg 2015 auch f\u00fcr Krzikalla selbst das gro\u00dfe Highlight in seiner DHfK-Zeit.<\/p>\n<p>\n            <strong>Video:<\/strong><br \/>\n            DHfK-Gesch\u00e4fsf\u00fchrer Karsten G\u00fcnther: &#8222;Er war Vorbild f\u00fcr viele andere Sportler&#8220; (3 Min)\n        <\/p>\n<p>    Umzug nach M\u00fcnchen \u2013 noch kein neuer Verein<\/p>\n<p class=\"\">Dass es f\u00fcr ihn in Leipzig nicht weitergeht, war und ist f\u00fcr das Eigengew\u00e4chs nicht leicht. &#8222;Ich bin nat\u00fcrlich immer noch ein bisschen traurig&#8220;. Dennoch blickt er positiv auf die 16 Jahre in Gr\u00fcn und Wei\u00df zur\u00fcck: &#8222;Ich bin so dankbar f\u00fcr jeden einzelnen Moment.&#8220;<\/p>\n<p class=\"\">Die ersten Zukunftspl\u00e4ne sind auch bereits geschmiedet. Privat zieht es Krzikalla weg aus Leipzig. &#8222;Ich werde erstmal zu meinem Freund nach M\u00fcnchen ziehen&#8220;, sagt er. F\u00fcr welchen Verein der 32-J\u00e4hrige k\u00fcnftig aufl\u00e4uft, steht aber noch nicht fest.<\/p>\n<p class=\"\">mru<\/p>\n<p>        <a href=\"https:\/\/www.mdr.de\/sport\/handball\/sc-dhfk-leipzig-100.html\" aria-label=\"Aktuelle Meldungen zum SC DHfK Leipzig\" rel=\"nofollow noopener\" target=\"_blank\"><\/p>\n<p>        <img decoding=\"async\" src=\"https:\/\/www.europesays.com\/de\/wp-content\/uploads\/2026\/06\/dhfk-logo-100.webp\" alt=\"Logo SC DHfK Leipzig\" title=\"Logo SC DHfK Leipzig | Verein\" class=\"responsive\" loading=\"lazy\"\/><\/p>\n<p>        <\/a><\/p>\n","protected":false},"excerpt":{"rendered":"Handball | Bundesliga Stand: 08.06.2026 10:27 Uhr Mit einer besonderen Ehrung hat der SC DHfK Leipzig seinen langj\u00e4hrigen&hellip;\n","protected":false},"author":2,"featured_media":1078595,"comment_status":"","ping_status":"","sticky":false,"template":"","format":"standard","meta":{"footnotes":"","_share_on_mastodon":"0"},"categories":[1832],"tags":[7576,299,3364,29,11045,30,17227,1391,81889,71,122949,1030,859,9380,265,23919],"class_list":["post-1078594","post","type-post","status-publish","format-standard","has-post-thumbnail","category-leipzig","tag-abschied","tag-bundesliga","tag-de","tag-deutschland","tag-ehrung","tag-germany","tag-geschaeftsfuehrer","tag-handball","tag-karsten-guenther","tag-leipzig","tag-lucas-krzikalla","tag-manager","tag-sachsen","tag-sc-dhfk-leipzig","tag-sport","tag-wiederaufstieg"],"share_on_mastodon":{"url":"https:\/\/pubeurope.com\/@de\/116713828591315158","error":""},"_links":{"self":[{"href":"https:\/\/www.europesays.com\/de\/wp-json\/wp\/v2\/posts\/1078594","targetHints":{"allow":["GET"]}}],"collection":[{"href":"https:\/\/www.europesays.com\/de\/wp-json\/wp\/v2\/posts"}],"about":[{"href":"https:\/\/www.europesays.com\/de\/wp-json\/wp\/v2\/types\/post"}],"author":[{"embeddable":true,"href":"https:\/\/www.europesays.com\/de\/wp-json\/wp\/v2\/users\/2"}],"replies":[{"embeddable":true,"href":"https:\/\/www.europesays.com\/de\/wp-json\/wp\/v2\/comments?post=1078594"}],"version-history":[{"count":0,"href":"https:\/\/www.europesays.com\/de\/wp-json\/wp\/v2\/posts\/1078594\/revisions"}],"wp:featuredmedia":[{"embeddable":true,"href":"https:\/\/www.europesays.com\/de\/wp-json\/wp\/v2\/media\/1078595"}],"wp:attachment":[{"href":"https:\/\/www.europesays.com\/de\/wp-json\/wp\/v2\/media?parent=1078594"}],"wp:term":[{"taxonomy":"category","embeddable":true,"href":"https:\/\/www.europesays.com\/de\/wp-json\/wp\/v2\/categories?post=1078594"},{"taxonomy":"post_tag","embeddable":true,"href":"https:\/\/www.europesays.com\/de\/wp-json\/wp\/v2\/tags?post=1078594"}],"curies":[{"name":"wp","href":"https:\/\/api.w.org\/{rel}","templated":true}]}}