{"id":1078671,"date":"2026-06-08T10:21:14","date_gmt":"2026-06-08T10:21:14","guid":{"rendered":"https:\/\/www.europesays.com\/de\/1078671\/"},"modified":"2026-06-08T10:21:14","modified_gmt":"2026-06-08T10:21:14","slug":"gruene-keine-kuerzungen-bei-der-neckarrenaturierung-mannheim-braucht-eine-kuehle-gruene-und-gerechte-zukunft","status":"publish","type":"post","link":"https:\/\/www.europesays.com\/de\/1078671\/","title":{"rendered":"GR\u00dcNE: Keine K\u00fcrzungen bei der Neckarrenaturierung: Mannheim braucht eine k\u00fchle, gr\u00fcne und gerechte Zukunft"},"content":{"rendered":"<p>Mannheim \/ Metropolregion Rhein-Neckar \u2013 Aus Sicht der Mannheimer Gr\u00fcnen muss die Neckarrenaturierung auch in Zukunft verl\u00e4sslich finanziert sein. Zwar ist das Projekt derzeit noch im Haushalt der Stadt Mannheim vorgesehen. Doch die angespannte Finanzlage der Stadt wird in den kommenden Jahren weitere schwierige Entscheidungen erfordern. Die Mannheimer Gr\u00fcnen warnen deshalb davor, bei einem der wichtigsten Klima- und Naturschutzprojekte der Stadt den Rotstift anzusetzen.<\/p>\n<p>\u201eDie Neckarrenaturierung ist weit mehr als ein Umweltprojekt. Sie ist eine Investition in die Zukunft unserer Stadt\u201c, erkl\u00e4rt die Kreisvorsitzende Tamara Beckh. \u201eWenn wir wollen, dass Mannheim auch 2040 lebenswert bleibt, brauchen wir mehr Gr\u00fcn, mehr Wasser, mehr Schatten und eine Stadtentwicklung, die auf die Herausforderungen der Klimakrise vorbereitet ist.\u201c<\/p>\n<p>Die Forderung steht im Zusammenhang mit der Klimagerechtigkeitskampagne des Kreisverbandes der Mannheimer Gr\u00fcnen. Unter dem Motto \u201eKlima! Who cares? We care!\u201c machen sie in den kommenden Monaten deutlich, wie die Klimakrise das Leben in Mannheim ver\u00e4ndert und welche politischen Entscheidungen heute getroffen werden m\u00fcssen, damit die Stadt auch morgen lebenswert bleibt.<\/p>\n<p>\u201eUnsere Vision ist ein k\u00fchles, gr\u00fcnes und gerechtes Mannheim\u201c, erg\u00e4nzt Kreisvorsitzender Julian Maier. \u201eEine Stadt mit lebendigen Flussufern, mehr Aufenthaltsqualit\u00e4t, mehr Natur und wirksamen Ma\u00dfnahmen gegen zunehmende Hitze. Klimaanpassung darf kein Luxus sein. Sie geh\u00f6rt zur \u00f6ffentlichen Daseinsvorsorge.\u201c<\/p>\n<p>Die Neckarrenaturierung ist eines der gr\u00f6\u00dften \u00f6kologischen Projekte der Stadt. Durch neue Flachwasserzonen, naturnahe Ufer und zus\u00e4tzliche Lebensr\u00e4ume wird der Neckar als Natur- und Erholungsraum aufgewertet und die Artenvielfalt gest\u00e4rkt. Gleichzeitig leistet das Projekt einen wichtigen Beitrag zur Anpassung an die Folgen der Klimakrise \u2013 etwa durch die Abk\u00fchlung der besonders hitzebelasteten Innenstadt, einen verbesserten Hochwasserschutz, die F\u00f6rderung der Biodiversit\u00e4t sowie die Schaffung k\u00fchler, konsumfreier Aufenthaltsorte f\u00fcr die Anwohner*innen. <\/p>\n<p>Die Stadt Mannheim beziffert die Gesamtkosten des Projekts auf rund 26 Millionen Euro. Das Land Baden-W\u00fcrttemberg beteiligt sich mit rund 11,5 Millionen Euro an der Finanzierung. Dar\u00fcber hinaus wird die Ma\u00dfnahme im Rahmen der Umsetzung der europ\u00e4ischen Wasserrahmenrichtlinie durch erhebliche F\u00f6rdermittel unterst\u00fctzt.<\/p>\n<p>F\u00fcr die Gr\u00fcnen ist deshalb nicht nur der \u00f6kologische Nutzen entscheidend, sondern auch die wirtschaftliche Vernunft.<\/p>\n<p>\u201eDie Stadt muss jetzt Planungssicherheit schaffen\u201c, erkl\u00e4rt Julian Maier. \u201eDie Neckarrenaturierung sollte auch bei notwendigen Haushaltskonsolidierungen verl\u00e4sslich finanziert werden. Sollte die Finanzierung k\u00fcnftig infrage gestellt oder das Projekt erneut verschoben werden, riskiert die Stadt nicht nur Verz\u00f6gerungen, sondern auch den Verlust wichtiger F\u00f6rdermittel. Wenn wir die \u00f6kologischen Ziele erreichen wollen, braucht dieses Projekt einen verl\u00e4sslichen Kurs bis ins Ziel.\u201c<\/p>\n<p>\u201eWer Klimaanpassung nur als Kostenfaktor betrachtet, denkt zu kurz\u201c, sagt Tamara Beckh. \u201eEine erfolgreiche Neckarrenaturierung verbessert die Lebensqualit\u00e4t, st\u00e4rkt die Biodiversit\u00e4t, macht die Stadt widerstandsf\u00e4higer gegen Extremwetter und sichert gleichzeitig wichtige F\u00f6rdermittel. Wer heute an der Finanzierung spart, riskiert morgen h\u00f6here Kosten, Verz\u00f6gerungen und den Verlust von F\u00f6rdermitteln.\u201c<\/p>\n<p>Die Mannheimer Gr\u00fcnen fordern deshalb Oberb\u00fcrgermeister und Verwaltung auf, die Finanzierung der Neckarrenaturierung langfristig abzusichern und das Projekt konsequent weiterzuf\u00fchren.<\/p>\n<p>\u201eEine k\u00fchle, gr\u00fcne und gerechte Stadt entsteht nicht von allein\u201c, betont Julian Maier. \u201eSie entsteht durch politische Entscheidungen. Die Neckarrenaturierung ist eine dieser Entscheidungen \u2013 und sie darf nicht infrage gestellt werden.\u201c<\/p>\n<p>Quelle:<br \/>B\u00dcNDNIS 90\/DIE GR\u00dcNEN Kreisverband Mannheim<\/p>\n<p class=\"post-modified-info\">Zuletzt aktualisiert am 8. Juni 2026, 12:09<\/p>\n","protected":false},"excerpt":{"rendered":"Mannheim \/ Metropolregion Rhein-Neckar \u2013 Aus Sicht der Mannheimer Gr\u00fcnen muss die Neckarrenaturierung auch in Zukunft verl\u00e4sslich finanziert&hellip;\n","protected":false},"author":2,"featured_media":609818,"comment_status":"","ping_status":"","sticky":false,"template":"","format":"standard","meta":{"footnotes":"","_share_on_mastodon":"0"},"categories":[1845],"tags":[14769,5587,1634,10242,3364,29,548,663,3934,9838,37215,6586,30,2013,1109,13,11607,11618,1563,10083,5998,23936,2096,25488,25489,14,6237,14480,15,3748,2202,13883,5206,28951,12,3041,64611,1106,17545,17075,4106,1889],"class_list":["post-1078671","post","type-post","status-publish","format-standard","has-post-thumbnail","category-mannheim","tag-anwohner","tag-baden","tag-baden-wuerttemberg","tag-biodiversitaet","tag-de","tag-deutschland","tag-eu","tag-europa","tag-europe","tag-finanzierung","tag-foerdermittel","tag-forderung","tag-germany","tag-gruene","tag-haushalt","tag-headlines","tag-hitze","tag-investition","tag-klima","tag-kurs","tag-leben","tag-lebensqualitaet","tag-mannheim","tag-metropolregion","tag-metropolregion-rhein-neckar","tag-nachrichten","tag-natur","tag-neckar","tag-news","tag-oberbuergermeister","tag-projekt","tag-projekte","tag-rhein","tag-rhein-neckar","tag-schlagzeilen","tag-stadt","tag-stadt-mannheim","tag-umsetzung","tag-verlust","tag-verwaltung","tag-wasser","tag-zukunft"],"share_on_mastodon":{"url":"","error":"Validation failed: Text character limit of 500 exceeded"},"_links":{"self":[{"href":"https:\/\/www.europesays.com\/de\/wp-json\/wp\/v2\/posts\/1078671","targetHints":{"allow":["GET"]}}],"collection":[{"href":"https:\/\/www.europesays.com\/de\/wp-json\/wp\/v2\/posts"}],"about":[{"href":"https:\/\/www.europesays.com\/de\/wp-json\/wp\/v2\/types\/post"}],"author":[{"embeddable":true,"href":"https:\/\/www.europesays.com\/de\/wp-json\/wp\/v2\/users\/2"}],"replies":[{"embeddable":true,"href":"https:\/\/www.europesays.com\/de\/wp-json\/wp\/v2\/comments?post=1078671"}],"version-history":[{"count":0,"href":"https:\/\/www.europesays.com\/de\/wp-json\/wp\/v2\/posts\/1078671\/revisions"}],"wp:featuredmedia":[{"embeddable":true,"href":"https:\/\/www.europesays.com\/de\/wp-json\/wp\/v2\/media\/609818"}],"wp:attachment":[{"href":"https:\/\/www.europesays.com\/de\/wp-json\/wp\/v2\/media?parent=1078671"}],"wp:term":[{"taxonomy":"category","embeddable":true,"href":"https:\/\/www.europesays.com\/de\/wp-json\/wp\/v2\/categories?post=1078671"},{"taxonomy":"post_tag","embeddable":true,"href":"https:\/\/www.europesays.com\/de\/wp-json\/wp\/v2\/tags?post=1078671"}],"curies":[{"name":"wp","href":"https:\/\/api.w.org\/{rel}","templated":true}]}}