{"id":1078700,"date":"2026-06-08T10:37:17","date_gmt":"2026-06-08T10:37:17","guid":{"rendered":"https:\/\/www.europesays.com\/de\/1078700\/"},"modified":"2026-06-08T10:37:17","modified_gmt":"2026-06-08T10:37:17","slug":"lufthansa-group-und-ana-werden-ita-airways-in-das-europe-japan-joint-venture-aufnehmen","status":"publish","type":"post","link":"https:\/\/www.europesays.com\/de\/1078700\/","title":{"rendered":"Lufthansa Group und ANA werden ITA Airways in das Europe Japan Joint Venture aufnehmen"},"content":{"rendered":"<p>ITA Airways r\u00fcckt einen weiteren Schritt unter das Dach der Lufthansa Group. Das strategische Europa Japan Joint Venture zwischen der Lufthansa Group (LHG) und All Nippon Airways (ANA) wird seitens der Lufthansa Group zum Herbst dieses Jahres um ITA Airways erweitert. Ein entsprechender Vertrag wurde gestern auf der IATA-Jahrestagung in Rio de Janeiro unterzeichnet.<\/p>\n<p>Der Beitritt von ITA Airways in das gr\u00f6\u00dfte Joint Venture zwischen Europa und Japan erm\u00f6glicht eine engere Kooperation in vielen Kernbereichen. Diese Zusammenarbeit wird um die Europa-Verbindungen von ITA Airways, ihre italienischen Inlandsfl\u00fcge, ihre Ziele im Maghreb sowie um ihren Langstreckenflug zwischen Rom-Fiumicino und Tokio-Haneda erweitert. Dies erg\u00e4nzt den aktuellen Umfang des Joint Ventures in Italien um die bestehende ANA-Verbindung von Tokio-Haneda nach Mailand-Malpensa.<\/p>\n<p>Im Mittelpunkt steht das Drehkreuz von ITA Airways, der Flughafen Rom-Fiumicino. Von dort aus bietet Italiens nationale Fluggesellschaft einen t\u00e4glichen Nonstop-Flug nach Tokio-Haneda an. Beide Flugh\u00e4fen wurden von Skytrax mit h\u00f6chstm\u00f6glichen f\u00fcnf Sternen ausgezeichnet. Ab dem kommenden Herbst kann dieser Interkontinentalflug von Kunden der ANA, Lufthansa, Austrian Airlines und SWISS gebucht und beliebig mit ihren eigenen Zubringerfl\u00fcgen kombiniert werden. Zudem wird die Einf\u00fchrung eines gemeinsamen Angebots ab Herbst 2026 schrittweise beginnen. Die Kunden werden informiert, sobald dieses verf\u00fcgbar ist.<\/p>\n<p>Da das Joint Venture auch die Zubringerfl\u00fcge von ITA Airways nach Rom umfasst, bieten sich f\u00fcr Japan-Reisende zus\u00e4tzliche Umsteigeverbindungen. Vor allem bei Zielen im s\u00fcdlichen Europa bzw. im Mittelmeerraum, wie auch in Nordafrika, wird sich die Flugzeit von und nach Japan \u00fcber das s\u00fcdliche Hub in Rom verk\u00fcrzen. \u00dcber Tokio-Haneda hinaus bietet ANA den Passagieren von ITA Airways zahlreiche Anschlussfl\u00fcge \u00fcber ihr Inlandsnetz in Japan an. Alle Flugg\u00e4ste k\u00f6nnen au\u00dferdem die jeweiligen Lounges in Rom und Tokio nutzen. Tickets wie auch die Loyalit\u00e4tsprogramme beider Airlines werden gegenseitig anerkannt.<\/p>\n<p>Das Europa Japan Joint Venture wurde im Jahr 2012 zwischen Lufthansa und ANA gegr\u00fcndet. In den Folgejahren traten SWISS und Austrian Airlines bei. Dieses Gemeinschaftsprojekt erm\u00f6glicht eine vertiefte Zusammenarbeit und eine gemeinsame Produktplanung. Die notwendige kartellrechtliche Freigabe (Anti Trust Immunity) wurde seitens der japanischen Beh\u00f6rden bereits vor einigen Wochen erteilt. Im Rahmen dieses Joint Ventures k\u00f6nnen die beteiligten Fluggesellschaften beispielweise ihre Flugpl\u00e4ne gemeinsam abstimmen und somit die Abflugzeiten besser \u00fcber die Tageszeit verteilen. Die Kunden aller f\u00fcnf beteiligten Airlines finden auf Ihren Fl\u00fcgen zwischen Japan und Europa ein vergleichbares Produkt- und Serviceangebot vor. Durch die M\u00f6glichkeit, s\u00e4mtliche Langstreckenfl\u00fcge flexibel kombinieren zu k\u00f6nnen, mitsamt der regionalen Zubringerfl\u00fcge sowohl in Tokio-Haneda als auch an f\u00fcnf Drehkreuzen der Lufthansa Group, haben die Passagiere deutlich mehr Reise- und Anschlussm\u00f6glichkeiten. Allein zwischen Europa und Japan stehen im Rahmen dieses Joint Ventures 160 w\u00f6chentliche Langstreckenfl\u00fcge zur Auswahl.<\/p>\n<p><strong>Juichi Hirasawa, Pr\u00e4sident und CEO von All Nippon Airways, sagte:<\/strong> \u201eDa wir uns dem 15-j\u00e4hrigen Jubil\u00e4um unseres Joint Ventures im n\u00e4chsten Jahr n\u00e4hern, erm\u00f6glicht uns unsere langj\u00e4hrige Partnerschaft mit der Lufthansa Group, ein nahtloses und hochwertiges Reiseerlebnis f\u00fcr unsere Passagieren zwischen Japan und Europa. Mit dem Beitritt von ITA Airways, der uns den Zugang nach Rom er\u00f6ffnet, werden sich unsere Reisenden \u00fcber einen au\u00dfergew\u00f6hnlichen Service und eine noch bequemere Reise nach Italien, S\u00fcdeuropa, den Mittelmeerraum und dar\u00fcber hinaus freuen.\u201c<\/p>\n<p><strong>J\u00f6rg Eberhart, Chief Executive Officer und General Manager von ITA Airways,<\/strong> <strong>sagte <\/strong>\u201eWir sind sehr stolz, gemeinsam mit ANA und der Lufthansa Group dem Europa Japan Joint Venture beizutreten. Diese Vereinbarung stellt einen wichtigen Meilenstein in der internationalen Entwicklung von ITA Airways dar. Au\u00dferdem st\u00e4rkt sie die Anbindung der Fluggesellschaft an den asiatisch-pazifischen Raum, einer Region von gro\u00dfer strategischer Bedeutung. Wir danken unseren Partnern, der Lufthansa Group und ANA, f\u00fcr diese wichtige Vereinbarung, die es uns erm\u00f6glicht, unseren Kunden mehr Reiseoptionen, effizientere Verbindungen und ein zunehmend integriertes Reiseerlebnis zu bieten.\u201c<\/p>\n<p>\u00a0<\/p>\n<p><strong>Hinweis an die Redaktion: <\/strong>Bildunterschrift: Vertragsunterzeichnung am 07.06.2026 auf dem Annual General Meeting der IATA in Rio de Janeiro (v.l.n.r.): Juichi Hirasawa (CEO und Pr\u00e4sident All Nippon Airways), Carsten Spohr (CEO Lufthansa Group) und J\u00f6rg Eberhart (CEO ITA Airways).<\/p>\n<p>                    &#8218;;<\/p>\n","protected":false},"excerpt":{"rendered":"ITA Airways r\u00fcckt einen weiteren Schritt unter das Dach der Lufthansa Group. Das strategische Europa Japan Joint Venture&hellip;\n","protected":false},"author":2,"featured_media":1078701,"comment_status":"","ping_status":"","sticky":false,"template":"","format":"standard","meta":{"footnotes":"","_share_on_mastodon":"0"},"categories":[3933],"tags":[3411,331,332,74771,548,663,158,3934,3935,13,14,15,14154,12],"class_list":["post-1078700","post","type-post","status-publish","format-standard","has-post-thumbnail","category-eu","tag-airlines","tag-aktuelle-nachrichten","tag-aktuelle-news","tag-deutsche-lufthansa-ag","tag-eu","tag-europa","tag-europaeische-union","tag-europe","tag-european-union","tag-headlines","tag-nachrichten","tag-news","tag-produkt","tag-schlagzeilen"],"share_on_mastodon":{"url":"https:\/\/pubeurope.com\/@de\/116714055006477670","error":""},"_links":{"self":[{"href":"https:\/\/www.europesays.com\/de\/wp-json\/wp\/v2\/posts\/1078700","targetHints":{"allow":["GET"]}}],"collection":[{"href":"https:\/\/www.europesays.com\/de\/wp-json\/wp\/v2\/posts"}],"about":[{"href":"https:\/\/www.europesays.com\/de\/wp-json\/wp\/v2\/types\/post"}],"author":[{"embeddable":true,"href":"https:\/\/www.europesays.com\/de\/wp-json\/wp\/v2\/users\/2"}],"replies":[{"embeddable":true,"href":"https:\/\/www.europesays.com\/de\/wp-json\/wp\/v2\/comments?post=1078700"}],"version-history":[{"count":0,"href":"https:\/\/www.europesays.com\/de\/wp-json\/wp\/v2\/posts\/1078700\/revisions"}],"wp:featuredmedia":[{"embeddable":true,"href":"https:\/\/www.europesays.com\/de\/wp-json\/wp\/v2\/media\/1078701"}],"wp:attachment":[{"href":"https:\/\/www.europesays.com\/de\/wp-json\/wp\/v2\/media?parent=1078700"}],"wp:term":[{"taxonomy":"category","embeddable":true,"href":"https:\/\/www.europesays.com\/de\/wp-json\/wp\/v2\/categories?post=1078700"},{"taxonomy":"post_tag","embeddable":true,"href":"https:\/\/www.europesays.com\/de\/wp-json\/wp\/v2\/tags?post=1078700"}],"curies":[{"name":"wp","href":"https:\/\/api.w.org\/{rel}","templated":true}]}}