{"id":1078742,"date":"2026-06-08T11:02:15","date_gmt":"2026-06-08T11:02:15","guid":{"rendered":"https:\/\/www.europesays.com\/de\/1078742\/"},"modified":"2026-06-08T11:02:15","modified_gmt":"2026-06-08T11:02:15","slug":"duesseldorf-start-fuer-wohnquartier-im-herzen-von-benrath","status":"publish","type":"post","link":"https:\/\/www.europesays.com\/de\/1078742\/","title":{"rendered":"D\u00fcsseldorf: Start f\u00fcr Wohnquartier im Herzen von Benrath"},"content":{"rendered":"<p class=\"text_ohne_einzug richtext text-em-55 !leading-serif mx-6 desktop:mx-0\">  Mit dem offiziellen Spatenstich hat die Rheinwohnungsbau GmbH (RWB) den Bau des neuen Wohnquartiers \u201eQuartier am Schlosspark\u201c an der Regerstra\u00dfe in Benrath begonnen. Auf dem Gel\u00e4nde des ehemaligen Hallenbads sowie der ehemaligen Turnhalle des Annette-Gymnasiums entsteht bis 2029 ein Wohnquartier mit Mietwohnungen und Einfamilienh\u00e4usern.<\/p>\n<p class=\"richtext text-em-55 !leading-serif mx-6 desktop:mx-0\">Insgesamt realisiert die Rheinwohnungsbau dort 100 Wohneinheiten f\u00fcr den eigenen Bestand sowie acht Einfamilienh\u00e4user zum Verkauf. Gro\u00dfz\u00fcgige Gr\u00fcnfl\u00e4chen, eine neue \u00f6ffentliche Wohnstra\u00dfe \u2013 die k\u00fcnftige Fanny-Hensel-Stra\u00dfe \u2013 und der Umbau der Regerstra\u00dfe erg\u00e4nzen das Projekt. Ziel sei ein lebendiges, sozial durchmischtes Quartier mit hoher Aufenthaltsqualit\u00e4t, guter Anbindung und einem klaren Fokus auf Nachhaltigkeit und langfristige Stadtentwicklung, hei\u00dft es in einer Pressemitteilung des Wohnungsunternehmens. Zu den Kosten des Projektes will das Unternehmen nichts sagen.<\/p>\n<p class=\"richtext text-em-55 !leading-serif mx-6 desktop:mx-0\">Das Wohnangebot ist vielf\u00e4ltig: Es entstehen zwei Riegelgeb\u00e4ude in Massivbauweise und drei frei stehende Mehrfamilienh\u00e4user in Holz-Hybrid-Bauweise. Davon werden 49 Wohnungen und Gruppenwohnen f\u00fcr zw\u00f6lf Personen durch das Land NRW sowie 23 Wohnungen durch die Stadt <a href=\"https:\/\/rp-online.de\/thema\/duesseldorf\/\" rel=\"nofollow noopener\" target=\"_blank\">D\u00fcsseldorf<\/a> gef\u00f6rdert, 16 Wohnungen werden frei finanziert realisiert. Erg\u00e4nzt wird das Quartier durch acht Einfamilienh\u00e4user, die zum Verkauf stehen. <\/p>\n<p class=\"richtext text-em-55 !leading-serif mx-6 desktop:mx-0\">Dem Baubeginn ging ein mehrj\u00e4hriger Planungs- und Entwicklungsprozess voraus. Den Ausgangspunkt bildete ein st\u00e4dtebaulicher Wettbewerb in den Jahren 2018\/2019, den die Planungsgemeinschaft Wienstroer Architekten Stadtplaner aus <a href=\"https:\/\/rp-online.de\/thema\/neuss\/\" rel=\"nofollow noopener\" target=\"_blank\">Neuss<\/a> gemeinsam mit den Hamburger Freianlagenplanern Bruun &amp; M\u00f6llers f\u00fcr sich entscheiden konnte. In enger Abstimmung mit der Landeshauptstadt wurden die Planungen in den folgenden Jahren konkretisiert.  Auf Grundlage der im Jahr 2021 gestellten Bauvoranfrage, die den konkreten Projektrahmen definiert, wurde die Planung der Neubauten und der neu- sowie umzubauenden \u00f6ffentlichen Stra\u00dfenr\u00e4ume intensiv vorangetrieben. Den Auftakt der Bauma\u00dfnahme bilden die Erd- und Verbauarbeiten.<\/p>\n<p class=\"richtext text-em-55 !leading-serif mx-6 desktop:mx-0\">Thomas Hummelsbeck, Gesch\u00e4ftsf\u00fchrer der Rheinwohnungsbau GmbH, betonte die Bedeutung des Projekts: \u201eMit dem Quartier am Schlosspark schaffen wir nicht nur dringend ben\u00f6tigten Wohnraum, sondern ein vielf\u00e4ltiges und ausgewogenes Quartier mit nachhaltiger Bauweise und hoher st\u00e4dtebaulicher Qualit\u00e4t. Die Kombination aus frei finanzierten und gef\u00f6rderten Wohnungen, Einfamilienh\u00e4usern und der N\u00e4he zum Schlosspark macht dieses Projekt zu einem wichtigen Impuls f\u00fcr die Entwicklung von D\u00fcsseldorf-Benrath.\u201c<\/p>\n","protected":false},"excerpt":{"rendered":"Mit dem offiziellen Spatenstich hat die Rheinwohnungsbau GmbH (RWB) den Bau des neuen Wohnquartiers \u201eQuartier am Schlosspark\u201c an&hellip;\n","protected":false},"author":2,"featured_media":1078743,"comment_status":"","ping_status":"","sticky":false,"template":"","format":"standard","meta":{"footnotes":"","_share_on_mastodon":"0"},"categories":[1831],"tags":[12180,3364,29,3405,19019,194718,30,9353,1209,11737,82379,85906,229222,33714,524,44549,220640,5337,2192],"class_list":["post-1078742","post","type-post","status-publish","format-standard","has-post-thumbnail","category-duesseldorf","tag-benrath","tag-de","tag-deutschland","tag-duesseldorf","tag-einfamilienhaeuser","tag-einfamilienhaeusern","tag-germany","tag-mietwohnungen","tag-nordrhein-westfalen","tag-quartier","tag-realisiert","tag-regerstrasse","tag-rheinwohnungsbau","tag-schlosspark","tag-strasse","tag-wohnquartier","tag-wohnquartiers","tag-wohnungen","tag-wohnungsbau"],"share_on_mastodon":{"url":"https:\/\/pubeurope.com\/@de\/116714153559315887","error":""},"_links":{"self":[{"href":"https:\/\/www.europesays.com\/de\/wp-json\/wp\/v2\/posts\/1078742","targetHints":{"allow":["GET"]}}],"collection":[{"href":"https:\/\/www.europesays.com\/de\/wp-json\/wp\/v2\/posts"}],"about":[{"href":"https:\/\/www.europesays.com\/de\/wp-json\/wp\/v2\/types\/post"}],"author":[{"embeddable":true,"href":"https:\/\/www.europesays.com\/de\/wp-json\/wp\/v2\/users\/2"}],"replies":[{"embeddable":true,"href":"https:\/\/www.europesays.com\/de\/wp-json\/wp\/v2\/comments?post=1078742"}],"version-history":[{"count":0,"href":"https:\/\/www.europesays.com\/de\/wp-json\/wp\/v2\/posts\/1078742\/revisions"}],"wp:featuredmedia":[{"embeddable":true,"href":"https:\/\/www.europesays.com\/de\/wp-json\/wp\/v2\/media\/1078743"}],"wp:attachment":[{"href":"https:\/\/www.europesays.com\/de\/wp-json\/wp\/v2\/media?parent=1078742"}],"wp:term":[{"taxonomy":"category","embeddable":true,"href":"https:\/\/www.europesays.com\/de\/wp-json\/wp\/v2\/categories?post=1078742"},{"taxonomy":"post_tag","embeddable":true,"href":"https:\/\/www.europesays.com\/de\/wp-json\/wp\/v2\/tags?post=1078742"}],"curies":[{"name":"wp","href":"https:\/\/api.w.org\/{rel}","templated":true}]}}