{"id":1078794,"date":"2026-06-08T11:31:38","date_gmt":"2026-06-08T11:31:38","guid":{"rendered":"https:\/\/www.europesays.com\/de\/1078794\/"},"modified":"2026-06-08T11:31:38","modified_gmt":"2026-06-08T11:31:38","slug":"ein-hauch-von-letzter-generation-greenpeace-klebt-tempo-100-schilder-an-26-autobahn-abschnitte","status":"publish","type":"post","link":"https:\/\/www.europesays.com\/de\/1078794\/","title":{"rendered":"Ein Hauch von Letzter Generation: Greenpeace klebt Tempo-100-Schilder an 26 Autobahn-Abschnitte"},"content":{"rendered":"<p>Ein Hauch von Letzter GenerationGreenpeace klebt Tempo-100-Schilder an 26 Autobahn-Abschnitte<\/p>\n<p>08.06.2026, 09:38 Uhr <\/p>\n<p>Artikel anh\u00f6ren(02:10 min)<\/p>\n<p><img decoding=\"async\" class=\"Image_img__fQCi0 Image_Img_16_9__4BLfH widget-picture-inline_maximizable__t_E7h\" loading=\"eager\" fetchpriority=\"high\" src=\"https:\/\/www.europesays.com\/de\/wp-content\/uploads\/2026\/06\/Aktivisten-von-Greenpeace-ueberkleben-an-der-Autobahn-93-A93-ein-Hinweisschild-mit-den-Tempolimits-a.webp\" alt=\"Aktivisten-von-Greenpeace-ueberkleben-an-der-Autobahn-93-A93-ein-Hinweisschild-mit-den-Tempolimits-auf-deutschen-Strassen-die-Angabe-fuer-Richtgeschwindigkeit-130-auf-Autobahnen-mit-einem-Tempolimit\"\/>Aktivisten von Greenpeace \u00fcberklebten an der A93 ein Verkehrsschild. (Foto: picture alliance\/dpa)TeilenFolgen auf:<a href=\"https:\/\/www.whatsapp.com\/channel\/0029Va5cdVJD8SDp5YZgYF01\" title=\"Auf WhatsApp folgen\" target=\"_blank\" rel=\"nofollow noopener\"><img decoding=\"async\" src=\"https:\/\/www.n-tv.de\/socialIcons\/whatsapp.svg\" alt=\"whatsapp\" class=\"ArticleShare_icon__FsrC2\"\/><\/a><a href=\"https:\/\/www.google.com\/preferences\/source?q=n-tv.de\" title=\"ntv als bevorzugte Quelle auf Google hinzuf\u00fcgen\" target=\"_blank\" rel=\"nofollow noopener\"><img decoding=\"async\" src=\"https:\/\/www.n-tv.de\/socialIcons\/google.svg\" alt=\"whatsapp\" class=\"ArticleShare_icon__FsrC2\"\/><\/a><\/p>\n<p class=\"Typography_text-m__XI0da Typography_weight-bold__uT6mq storyline_lead_text_leadtext__q_wg8\">Greenpeace setzt sich f\u00fcr ein Tempolimit auf Autobahnen ein. Auf Dutzenden Verbindungen schaffen die Umweltaktivisten Fakten. Sie sehen darin eine L\u00f6sung f\u00fcr die aktuelle Treibstoffkrise.  <\/p>\n<p class=\"Typography_text-default__P3otY Typography_weight-normal__pqUbH storyline_paragraph_p__qSR5N\">Aktivistinnen und Aktivisten der Umweltschutzorganisation Greenpeace haben Verkehrsschilder an Autobahnen \u00fcberklebt, um ihrer Forderung nach einem generellen Tempolimit Nachdruck zu verleihen. Am fr\u00fchen Morgen kletterten Aktivistinnen zu einer Stelle der Autobahn 4 bei Aachen und brachten einen &#8222;Tempo 100&#8220;-Aufkleber dort an, wo zuvor 130 Kilometer pro Stunde als Richtgeschwindigkeit empfohlen wurde. Man habe dies auch an den anderen 25 Autobahn-Grenz\u00fcberg\u00e4ngen gemacht, hei\u00dft es von Greenpeace.<\/p>\n<p class=\"Typography_text-default__P3otY Typography_weight-normal__pqUbH storyline_paragraph_p__qSR5N\">Die Umweltschutzorganisation bezeichnet ein generelles Tempolimit von 100 Kilometern pro Stunde auf den deutschen Autobahnen als \u00fcberf\u00e4llig. &#8222;Die Bundesregierung blockiert eine kostenlose, supereffektive Ma\u00dfnahme, um Sprit zu sparen, das Klima zu sch\u00fctzen und die Stra\u00dfen sicherer zu machen&#8220;, sagt Greenpeace-Mobilit\u00e4tsexpertin Marissa Reiserer. &#8222;Daher haben Aktivistinnen das selbst in die Hand genommen und Tempo 100 eingef\u00fchrt.&#8220;<\/p>\n<p><img decoding=\"async\" class=\"Image_img__fQCi0 Image_Img_16_9__4BLfH widget-picture-inline_maximizable__t_E7h\" loading=\"lazy\" src=\"https:\/\/www.n-tv.de\/logo_grey.svg\" alt=\"Greenpeace-Aktion-fuer-ein-Tempolimit-auf-deutschen-Autobahnen-Auf-der-A4-bei-Aachen-ueberkleben-zwei-Aktivistinnen-von-Greenpeace-die-Richtgeschwindigkeit-von-130-mit-einem-Tempo-100-Geschwindigkeitsgebot-Die-Aktion-wurde-an-mehreren-deutschen-Grenzuebergaengen-gleichzeitig-durchgefuehrt\"\/>Auf Autobahnen gilt eine Richtgeschwindigkeit von 130 Kilometern pro Stunde. Den Mitgliedern von Greenpeace ist dies zu schnell. (Foto: picture alliance\/dpa)<\/p>\n<p class=\"Typography_text-default__P3otY Typography_weight-normal__pqUbH storyline_paragraph_p__qSR5N\">Die Aktion sei ein Signal gewesen, um endlich unabh\u00e4ngiger vom \u00d6l zu werden. &#8222;Wer in der fossilen Krise auf fossile Scheinl\u00f6sungen wie den Tankrabatt setzt, vertagt die Bew\u00e4ltigung des Problems, statt es anzugehen.&#8220;<\/p>\n<p>Keine Reaktion von Autofahrern erkennbar<\/p>\n<p class=\"Typography_text-default__P3otY Typography_weight-normal__pqUbH storyline_paragraph_p__qSR5N\">Am Aachener Grenz\u00fcbergang Ventschau reagierten die Autofahrer augenscheinlich nicht auf die Aktion. Der Verkehr lief normal weiter, nachdem die Aktivistinnen den Aufkleber mit &#8222;Tempo 100&#8220; angebracht hatten. Reaktionen von Autofahrern waren nicht erkennbar.<\/p>\n<p class=\"Typography_text-default__P3otY Typography_weight-normal__pqUbH storyline_paragraph_p__qSR5N\">Auf deutschen Autobahnen gilt kein generelles Tempolimit. Auf gro\u00dfen Teilen der Strecken sind aber unterschiedliche H\u00f6chstgeschwindigkeiten vorgeschrieben.<\/p>\n<p class=\"Typography_text-s__wu_cm Typography_weight-normal__pqUbH Typography_color-darkgrey__sZEnP article-detail-footer_source__KslPc\">Quelle: ntv.de, chr\/dpa<\/p>\n","protected":false},"excerpt":{"rendered":"Ein Hauch von Letzter GenerationGreenpeace klebt Tempo-100-Schilder an 26 Autobahn-Abschnitte 08.06.2026, 09:38 Uhr Artikel anh\u00f6ren(02:10 min) Aktivisten von&hellip;\n","protected":false},"author":2,"featured_media":1078795,"comment_status":"","ping_status":"","sticky":false,"template":"","format":"standard","meta":{"footnotes":"","_share_on_mastodon":"0"},"categories":[2],"tags":[5543,29,30,57820,13,14,15,16,12,6201,10,8,9,11],"class_list":["post-1078794","post","type-post","status-publish","format-standard","has-post-thumbnail","category-deutschland","tag-autobahn","tag-deutschland","tag-germany","tag-greenpeace","tag-headlines","tag-nachrichten","tag-news","tag-politik","tag-schlagzeilen","tag-tempolimit","tag-top-news","tag-top-meldungen","tag-topmeldungen","tag-topnews"],"share_on_mastodon":{"url":"https:\/\/pubeurope.com\/@de\/116714267679461990","error":""},"_links":{"self":[{"href":"https:\/\/www.europesays.com\/de\/wp-json\/wp\/v2\/posts\/1078794","targetHints":{"allow":["GET"]}}],"collection":[{"href":"https:\/\/www.europesays.com\/de\/wp-json\/wp\/v2\/posts"}],"about":[{"href":"https:\/\/www.europesays.com\/de\/wp-json\/wp\/v2\/types\/post"}],"author":[{"embeddable":true,"href":"https:\/\/www.europesays.com\/de\/wp-json\/wp\/v2\/users\/2"}],"replies":[{"embeddable":true,"href":"https:\/\/www.europesays.com\/de\/wp-json\/wp\/v2\/comments?post=1078794"}],"version-history":[{"count":0,"href":"https:\/\/www.europesays.com\/de\/wp-json\/wp\/v2\/posts\/1078794\/revisions"}],"wp:featuredmedia":[{"embeddable":true,"href":"https:\/\/www.europesays.com\/de\/wp-json\/wp\/v2\/media\/1078795"}],"wp:attachment":[{"href":"https:\/\/www.europesays.com\/de\/wp-json\/wp\/v2\/media?parent=1078794"}],"wp:term":[{"taxonomy":"category","embeddable":true,"href":"https:\/\/www.europesays.com\/de\/wp-json\/wp\/v2\/categories?post=1078794"},{"taxonomy":"post_tag","embeddable":true,"href":"https:\/\/www.europesays.com\/de\/wp-json\/wp\/v2\/tags?post=1078794"}],"curies":[{"name":"wp","href":"https:\/\/api.w.org\/{rel}","templated":true}]}}