{"id":1078819,"date":"2026-06-08T11:47:15","date_gmt":"2026-06-08T11:47:15","guid":{"rendered":"https:\/\/www.europesays.com\/de\/1078819\/"},"modified":"2026-06-08T11:47:15","modified_gmt":"2026-06-08T11:47:15","slug":"strasse-zwischen-alverskirchen-und-telgte-wird-gesperrt","status":"publish","type":"post","link":"https:\/\/www.europesays.com\/de\/1078819\/","title":{"rendered":"Stra\u00dfe zwischen Alverskirchen und Telgte wird gesperrt"},"content":{"rendered":"<p>Die Alverskirchener Stra\u00dfe zwischen Alverskirchen und Telgte wird ab n\u00e4chste Woche Dienstag (16. Juni) voll gesperrt.<\/p>\n<p>Sanierungsma\u00dfnahmen auf der L811<\/p>\n<p>Stra\u00dfen NRW saniert dort die Fahrbahndecke der L811 in zwei Bauabschnitten. Die Bauma\u00dfnahmen sollen den Bereich verkehrssicherer machen.<\/p>\n<p>Geplante Dauer und Umleitung<\/p>\n<p>Die Bauarbeiten dauern etwa sieben Wochen. Dabei gibt es eine Umleitung \u00fcber die Wolbecker Stra\u00dfe.<\/p>\n","protected":false},"excerpt":{"rendered":"Die Alverskirchener Stra\u00dfe zwischen Alverskirchen und Telgte wird ab n\u00e4chste Woche Dienstag (16. Juni) voll gesperrt. Sanierungsma\u00dfnahmen auf&hellip;\n","protected":false},"author":2,"featured_media":1078820,"comment_status":"","ping_status":"","sticky":false,"template":"","format":"standard","meta":{"footnotes":"","_share_on_mastodon":"0"},"categories":[1843],"tags":[179943,3364,29,30,8970,1209,56668,42740,55998,4253],"class_list":["post-1078819","post","type-post","status-publish","format-standard","has-post-thumbnail","category-muenster","tag-alverskirchen","tag-de","tag-deutschland","tag-germany","tag-muenster","tag-nordrhein-westfalen","tag-strassen-nrw","tag-strassensanierung","tag-telgte","tag-verkehrssicherheit"],"share_on_mastodon":{"url":"https:\/\/pubeurope.com\/@de\/116714330414986386","error":""},"_links":{"self":[{"href":"https:\/\/www.europesays.com\/de\/wp-json\/wp\/v2\/posts\/1078819","targetHints":{"allow":["GET"]}}],"collection":[{"href":"https:\/\/www.europesays.com\/de\/wp-json\/wp\/v2\/posts"}],"about":[{"href":"https:\/\/www.europesays.com\/de\/wp-json\/wp\/v2\/types\/post"}],"author":[{"embeddable":true,"href":"https:\/\/www.europesays.com\/de\/wp-json\/wp\/v2\/users\/2"}],"replies":[{"embeddable":true,"href":"https:\/\/www.europesays.com\/de\/wp-json\/wp\/v2\/comments?post=1078819"}],"version-history":[{"count":0,"href":"https:\/\/www.europesays.com\/de\/wp-json\/wp\/v2\/posts\/1078819\/revisions"}],"wp:featuredmedia":[{"embeddable":true,"href":"https:\/\/www.europesays.com\/de\/wp-json\/wp\/v2\/media\/1078820"}],"wp:attachment":[{"href":"https:\/\/www.europesays.com\/de\/wp-json\/wp\/v2\/media?parent=1078819"}],"wp:term":[{"taxonomy":"category","embeddable":true,"href":"https:\/\/www.europesays.com\/de\/wp-json\/wp\/v2\/categories?post=1078819"},{"taxonomy":"post_tag","embeddable":true,"href":"https:\/\/www.europesays.com\/de\/wp-json\/wp\/v2\/tags?post=1078819"}],"curies":[{"name":"wp","href":"https:\/\/api.w.org\/{rel}","templated":true}]}}