{"id":1078823,"date":"2026-06-08T11:49:16","date_gmt":"2026-06-08T11:49:16","guid":{"rendered":"https:\/\/www.europesays.com\/de\/1078823\/"},"modified":"2026-06-08T11:49:16","modified_gmt":"2026-06-08T11:49:16","slug":"bielefelder-polizei-sucht-guetersloher-unfallfahrer","status":"publish","type":"post","link":"https:\/\/www.europesays.com\/de\/1078823\/","title":{"rendered":"Bielefelder Polizei sucht G\u00fctersloher Unfallfahrer"},"content":{"rendered":"<p>Ein Mini Cooper mit G\u00fctersloher Kennzeichen steht im Mittelpunkt einer Unfallflucht in Bielefeld. Zwei Menschen wurden dabei leicht verletzt.<\/p>\n<p>Unfallhergang<\/p>\n<p>Ein Fahrer eines Mini Coopers mit G\u00fctersloher Kennzeichen ist am Samstagabend (06.06.2026) nach einem Unfall in Bielefeld gefl\u00fcchtet. Nach Angaben der Polizei war der Wagen auf der Alfred-Bozi-Stra\u00dfe zun\u00e4chst sehr dicht auf einen Audi aufgefahren. An einer roten Fu\u00dfg\u00e4ngerampel stie\u00df der Mini gegen das Heck des Autos. Beim Vorbeifahren wurde anschlie\u00dfend auch die rechte Fahrzeugseite besch\u00e4digt.<\/p>\n<p>Folgen des Vorfalls<\/p>\n<p>Zwei Insassen des Audis wurden leicht verletzt. Die Polizei sucht jetzt nach dem Fahrer des Mini Coopers.<\/p>\n","protected":false},"excerpt":{"rendered":"Ein Mini Cooper mit G\u00fctersloher Kennzeichen steht im Mittelpunkt einer Unfallflucht in Bielefeld. Zwei Menschen wurden dabei leicht&hellip;\n","protected":false},"author":2,"featured_media":1078824,"comment_status":"","ping_status":"","sticky":false,"template":"","format":"standard","meta":{"footnotes":"","_share_on_mastodon":"0"},"categories":[1841],"tags":[1605,3364,29,30,23744,15158,1209,121,3260],"class_list":["post-1078823","post","type-post","status-publish","format-standard","has-post-thumbnail","category-bielefeld","tag-bielefeld","tag-de","tag-deutschland","tag-germany","tag-guetersloh","tag-mini-cooper","tag-nordrhein-westfalen","tag-polizei","tag-verkehrsunfall"],"share_on_mastodon":{"url":"https:\/\/pubeurope.com\/@de\/116714338247182699","error":""},"_links":{"self":[{"href":"https:\/\/www.europesays.com\/de\/wp-json\/wp\/v2\/posts\/1078823","targetHints":{"allow":["GET"]}}],"collection":[{"href":"https:\/\/www.europesays.com\/de\/wp-json\/wp\/v2\/posts"}],"about":[{"href":"https:\/\/www.europesays.com\/de\/wp-json\/wp\/v2\/types\/post"}],"author":[{"embeddable":true,"href":"https:\/\/www.europesays.com\/de\/wp-json\/wp\/v2\/users\/2"}],"replies":[{"embeddable":true,"href":"https:\/\/www.europesays.com\/de\/wp-json\/wp\/v2\/comments?post=1078823"}],"version-history":[{"count":0,"href":"https:\/\/www.europesays.com\/de\/wp-json\/wp\/v2\/posts\/1078823\/revisions"}],"wp:featuredmedia":[{"embeddable":true,"href":"https:\/\/www.europesays.com\/de\/wp-json\/wp\/v2\/media\/1078824"}],"wp:attachment":[{"href":"https:\/\/www.europesays.com\/de\/wp-json\/wp\/v2\/media?parent=1078823"}],"wp:term":[{"taxonomy":"category","embeddable":true,"href":"https:\/\/www.europesays.com\/de\/wp-json\/wp\/v2\/categories?post=1078823"},{"taxonomy":"post_tag","embeddable":true,"href":"https:\/\/www.europesays.com\/de\/wp-json\/wp\/v2\/tags?post=1078823"}],"curies":[{"name":"wp","href":"https:\/\/api.w.org\/{rel}","templated":true}]}}