{"id":1078836,"date":"2026-06-08T11:56:29","date_gmt":"2026-06-08T11:56:29","guid":{"rendered":"https:\/\/www.europesays.com\/de\/1078836\/"},"modified":"2026-06-08T11:56:29","modified_gmt":"2026-06-08T11:56:29","slug":"samstag-russen-melden-erfolg-in-region-charkiw-heftige-kaempfe-um-huljajpole","status":"publish","type":"post","link":"https:\/\/www.europesays.com\/de\/1078836\/","title":{"rendered":"Samstag: Russen melden Erfolg in Region Charkiw \u2013 Heftige K\u00e4mpfe um Huljajpole"},"content":{"rendered":"<p>        <img decoding=\"async\" src=\"https:\/\/www.europesays.com\/de\/wp-content\/uploads\/2026\/06\/panzer-kampftraining-100.webp\" alt=\"Russischer T-80BVM Panzer w\u00e4hrend eines Kampftrainings in Region Lugansk, 4. Juni 2026\" title=\"Russischer T-80BVM Panzer w\u00e4hrend eines Kampftrainings in Region Lugansk, 4. Juni 2026 | IMAGO \/ SNA \/ Evgenyx Biyatov\" class=\"responsive\"\/><\/p>\n<p class=\"topline\">Ukraine-News I 06. Juni<\/p>\n<p>\n                Stand: 07.06.2026 05:15 Uhr<\/p>\n<p class=\"preface\">Diese Ukraine-News von Samstag, den 06. Juni 2026, sind beendet.<\/p>\n<p class=\"textauthor\">von MDR AKTUELL<\/p>\n<p>        <img decoding=\"async\" src=\"https:\/\/www.europesays.com\/de\/wp-content\/uploads\/2026\/06\/nato-kampfjet-lettland-100.webp\" alt=\"Eurofighter, Kampfflugzeug der deutschen Luftwaffe, und die dazugeh\u00f6rige Ausr\u00fcstung auf dem Rollfeld der lettischen Luftwaffenbasis Lielvarde.\" title=\"Eurofighter, Kampfflugzeug der deutschen Luftwaffe, und die dazugeh\u00f6rige Ausr\u00fcstung auf dem Rollfeld der lettischen Luftwaffenbasis Lielvarde. | picture alliance\/dpa | Alexander Welscher\" class=\"responsive\" loading=\"lazy\"\/><\/p>\n<p>Ukraine-News<\/p>\n<p>Nato-Kampfjets haben \u00fcber Lettland eine Drohne abgeschossen, die in den Luftraum des baltischen EU- und Nato-Landes eingedrungen war. Die Ukraine meldet mehrere Angriffe gegen Ziele auf der Krim und in Russland.<\/p>\n<p>\n        07.06.2026 05:13 Uhr\n    <\/p>\n<p>    Ukraine-News von Samstag, 06 Juni 2026<\/p>\n<p>\n        06.06.2026 22:11 Uhr\n    <\/p>\n<p>    Nato-Verb\u00fcndete diskutieren weitere 70 Milliarden Euro Milit\u00e4rhilfe<\/p>\n<p class=\"\">Die Nato-Verb\u00fcndeten pr\u00fcfen ein 70 Milliarden Euro schweres Milit\u00e4rhilfepaket f\u00fcr die Ukraine. Das hat das <a href=\"https:\/\/www.politico.eu\/article\/nato-allies-weigh-new-e70b-military-aid-pledge-for-ukraine\/\" title=\"Politico: Ukraine-Hilfe 70 Milliarden\" class=\"extlink-preface\" data-type=\"external\" rel=\"nofollow noopener\" target=\"_blank\">US-Nachrichtenportal Politico<\/a> unter Berufung auf vier nicht namentlich genannte Nato-Diplomaten berichtet. Das neue Hilfspaket soll im kommenden Monat auf dem Nato-Gipfel in der t\u00fcrkischen Hauptstadt Ankara vorgestellt werden. Dem Bericht zufolge wurde der Vorschlag von Deutschland ausgearbeitet. Er sieht nicht nur eine weitere Finanzierung der ukrainischen Kriegskosten, sondern einen neuen Mechanismus f\u00fcr eine erh\u00f6hte Transparenz der Ukraine-Hilfen vor. Hintergrund sind demnach die Beschwerden einiger L\u00e4nder dar\u00fcber, die Kosten f\u00fcr die Unterst\u00fctzung Kiews \u00fcberproportional zu tragen. (Quelle: Politico)<\/p>\n<p>\n        06.06.2026 21:27 Uhr\n    <\/p>\n<p>    Merz, Starmer und Macron treffen Selenskyj zu Ukraine-Gespr\u00e4chen in London<\/p>\n<p class=\"\">Bundeskanzler Friedrich Merz, Frankreichs Pr\u00e4sident Emmanuel Macron und der britische Premierminister Keir Starmer kommen am Sonntagabend in London mit dem ukrainischen Pr\u00e4sidenten Wolodymyr Selenskyj zusammen. Bei dem Treffen soll es nach Angaben aus Paris um die weitere Unterst\u00fctzung der Ukraine und den verst\u00e4rkten Druck auf Russland gehen. Zudem solle es eine Bestandsaufnahme der Arbeiten der sogenannten Koalition der Willigen geben. Zu dieser Gruppe z\u00e4hlen etwa 35 \u00fcberwiegend europ\u00e4ische L\u00e4nder, darunter Deutschland. (Quelle: AFP)<\/p>\n<p>\n        06.06.2026 16:52 Uhr\n    <\/p>\n<p>    Russen melden Erfolg in Region Charkiw \u2013 Heftige K\u00e4mpfe um Huljajpole<\/p>\n<p class=\"\">Russische Truppen haben nach Angaben des Verteidigungsministeriums in Moskau den Ort Schewtschenko in der Region Charkiw eingenommen. Demnach h\u00e4tten Einheiten der Truppengrupe Nord die Kontrolle \u00fcber die Siedlung \u00fcbernommen, hei\u00dft es in einem <a href=\"https:\/\/t.me\/mod_russia\/64315\" title=\"Telegram: Schewtschenko\" class=\"extlink-preface\" data-type=\"external\" rel=\"nofollow\">Telegram-Post des Ministeriums<\/a>. Die Online-Karte des ukrainischen <a href=\"https:\/\/deepstatemap.live\/#14\/50.3633000\/36.2087512\" title=\"Deepstate: Shevchenka\" class=\"extlink-preface\" data-type=\"external\" rel=\"nofollow noopener\" target=\"_blank\">Milit\u00e4r-Analyseprojekts Deepstate<\/a> weist keine russische Pr\u00e4senz in dem Dorf etwa 30 Kilometer n\u00f6rdlich von Charkiw aus. Auch der <a href=\"https:\/\/www.facebook.com\/GeneralStaff.ua\/posts\/pfbid02qqGaaEAWsgjyiL8Pjztg5QFLY6SvkhUkiDHtay5QP8EXkUbAu5np95MyKVD1waaRl\" title=\"Facebook: Ukrainischer Generalstab\" class=\"extlink-preface\" data-type=\"external\" rel=\"nofollow noopener\" target=\"_blank\">ukrainische Generalstab<\/a> meldet keine gr\u00f6\u00dferen Gefechte in dem Gebiet. Schwerpunkt der K\u00e4mpfe ist demnach mit zuletzt 40 Gefechten der Frontabschnitt Huljajpole in der s\u00fcdukrainischen Region Saporischschja. (Quellen: Telegram, <a href=\"https:\/\/tass.com\/defense\/2143471\" title=\"Tass: Schewtschenko\" class=\"extlink-preface\" data-type=\"external\" rel=\"nofollow noopener\" target=\"_blank\">Tass<\/a>, Deepstate, <a href=\"https:\/\/www.ukrinform.net\/rubric-ato\/4131057-war-update-269-frontline-clashes-over-past-day-heaviest-fighting-in-huliaipole-sector.html\" title=\"Ukrinform: Einsatzinformation 6. Juni 2026\" class=\"extlink-preface\" data-type=\"external\" rel=\"nofollow noopener\" target=\"_blank\">Ukrinform<\/a>, Facebook)<\/p>\n<p>\n        06.06.2026 14:45 Uhr\n    <\/p>\n<p>    Ukraine meldet Treffer auf \u00d6ldepots in Regionen Leningrad und Krasnodar<\/p>\n<p class=\"\">Das ukrainische Milit\u00e4r hat nach eigenen Angaben in der vergangenen Nacht ein \u00d6lterminal in der russischen Region Leningrad getroffen. Der ukrainische Pr\u00e4sident Wolodymyr Selenskyj hatte zuvor erkl\u00e4rt, das Milit\u00e4r habe au\u00dferdem eine Milit\u00e4rbasis nahe St. Petersburg sowie ein weiteres russisches \u00d6ldepot in der s\u00fcdrussischen Region Krasnodar getroffen. (Quelle: Reuters)<\/p>\n<p>\n        06.06.2026 08:35 Uhr\n    <\/p>\n<p>    Moskau: Hunderte ukrainische Drohnen abgefangen<\/p>\n<p class=\"\">Russland hat eigenen Angaben zufolge in der Nacht hunderte ukrainische Drohnen abgefangen, darunter dutzende in der N\u00e4he der Stadt St. Petersburg, die derzeit ein internationales Wirtschaftsforum ausrichtet.<\/p>\n<p class=\"\">Das russische Verteidigungsministerium teilte mit, die Luftabwehr habe insgesamt 376 ukrainische Drohnen &#8222;\u00fcber den Regionen Belgorod, Brjansk, Kaluga, Kursk, Leningrad, Nowgorod, Orjol, Pskow, Rostow, Rjasan, Smolensk, Twer und Tula, der Region Moskau, der Republik Krim, der Republik Abchasien&#8220; sowie \u00fcber dem Asowschen und dem Schwarzen Meer abgeschossen. Der B\u00fcrgermeister von Moskau, Sergej Sobjanin, erkl\u00e4rte, neun Drohnen, die in Richtung der Hauptstadt unterwegs waren, seien abgefangen worden. (Quelle: AFP)<\/p>\n<p>\n        06.06.2026 03:04 Uhr\n    <\/p>\n<p>    Ukraine entschuldigt sich nach Fund von Seedrohne vor Griechenland<\/p>\n<p class=\"\">Die Ukraine hat sich nach dem Fund einer sprengstoffbeladenen Seedrohne vor der griechischen Insel Lefkada offiziell entschuldigt. Das Au\u00dfenministerium in Kiew erkl\u00e4rte, der Vorfall stehe im Zusammenhang mit den Folgen des russischen Angriffskriegs und bedauerte die Gef\u00e4hrdung der maritimen Sicherheit.<\/p>\n<p class=\"\">Das unbemannte Boot war bereits im Mai entdeckt worden. An Bord befanden sich nach griechischen Angaben rund 100 Kilogramm Sprengstoff, die sp\u00e4ter kontrolliert gesprengt wurden. Griechenland hatte daraufhin eine Protestnote an Kiew \u00fcbermittelt und eine offizielle Erkl\u00e4rung verlangt. (Quelle: dpa)<\/p>\n<p>\n        06.06.2026 02:38 Uhr\n    <\/p>\n<p>    Putin und Schr\u00f6der treffen sich im Kreml<\/p>\n<p>                    <a href=\"https:\/\/www.europesays.com\/de\/wp-content\/uploads\/2026\/06\/putin-schroeder-108.webp\" class=\"zoomimage\" title=\"Bild vergr\u00f6\u00dfern\"><\/p>\n<p>        <img decoding=\"async\" src=\"https:\/\/www.europesays.com\/de\/wp-content\/uploads\/2026\/06\/putin-schroeder-108.webp\" alt=\"Archivbild: Wladimir Putin, Pr\u00e4sident von Russland, begr\u00fc\u00dft Gerhard Schr\u00f6der, ehemaliger Bundeskanzler, nach seiner Wiederwahl zum russischen Pr\u00e4sidenten. \" title=\"Archivbild: Wladimir Putin, Pr\u00e4sident von Russland, begr\u00fc\u00dft Gerhard Schr\u00f6der, ehemaliger Bundeskanzler, nach seiner Wiederwahl zum russischen Pr\u00e4sidenten.  | picture alliance\/dpa | Alexei Druzhinin\" class=\"responsive\" loading=\"lazy\"\/><\/p>\n<p>                    <\/a><\/p>\n<p>                    Archivbild: Wladimir Putin, Pr\u00e4sident von Russland, begr\u00fc\u00dft Gerhard Schr\u00f6der, ehemaliger Bundeskanzler, nach seiner Wiederwahl zum russischen Pr\u00e4sidenten. <\/p>\n<p class=\"\">Russlands Pr\u00e4sident Wladimir Putin hat sich in Moskau mit Ex-Bundeskanzler Gerhard Schr\u00f6der getroffen. Nach Angaben des Kremls handelte es sich um ein \u201egutes\u201c und freundschaftliches Vieraugengespr\u00e4ch, \u00fcber dessen Inhalt nichts bekannt wurde.<\/p>\n<p>Putin hatte Schr\u00f6der zuletzt als m\u00f6glichen Vermittler f\u00fcr Gespr\u00e4che zwischen Russland und Europa ins Spiel gebracht. Der Vorschlag st\u00f6\u00dft in der EU und in Deutschland jedoch auf Skepsis. EU-Au\u00dfenbeauftragte Kaja Kallas und Bundeskanzler Friedrich Merz wiesen die Idee zur\u00fcck. (Quellen: dpa, AFP, Reuters)<\/p>\n<p>\n        06.06.2026 02:07 Uhr\n    <\/p>\n<p>    Wadephul bekr\u00e4ftigt Unterst\u00fctzung f\u00fcr die Ukraine<\/p>\n<p class=\"\">Bundesau\u00dfenminister Johann Wadephul hat der Ukraine nach der Ablehnung eines direkten Treffens durch Russlands Pr\u00e4sidenten Wladimir Putin weitere Unterst\u00fctzung zugesichert. Deutschlands Hilfe f\u00fcr die Ukraine bleibe unersch\u00fctterlich, sagte Wadephul bei einem Besuch in Mexiko-Stadt. Zugleich forderte er Putin erneut auf, Verhandlungen \u00fcber ein Ende des Krieges aufzunehmen. Europa m\u00fcsse dabei mit am Tisch sitzen und eine aktive Rolle spielen. (Quelle: dpa)<\/p>\n<p>\n        06.06.2026 01:46 Uhr\n    <\/p>\n<p>    Selenskyj kritisiert Putins Absage an direkte Gespr\u00e4che<\/p>\n<p class=\"\">Der ukrainische Pr\u00e4sident Wolodymyr Selenskyj hat die Ablehnung direkter Friedensgespr\u00e4che durch Russlands Pr\u00e4sidenten Vladimir Putin bedauert. Moskau entscheide sich erneut f\u00fcr den Krieg, sagte Selenskyj und forderte zugleich st\u00e4rkeren internationalen Druck auf Russland.<\/p>\n<p class=\"\">Zuvor hatte Selenskyj Putin direkte Verhandlungen in einem Drittstaat angeboten. Der Kreml wies dies als verfr\u00fcht zur\u00fcck und erneuerte stattdessen die Einladung zu Gespr\u00e4chen in Moskau. Putins Berater Yuri Ushakov bezeichnete den Brief des ukrainischen Pr\u00e4sidenten als unangemessen. (Quelle: dpa)<\/p>\n<p>\n        06.06.2026 01:13 Uhr\n    <\/p>\n<p>    IAEA meldet Verletzte bei Zwischenfall nahe AKW Saporischschja<\/p>\n<p class=\"\">Bei einem Zwischenfall nahe dem von Russland kontrollierten Zaporizhzhia Nuclear Power Plant sind nach Angaben der Internationalen Atomenergiebeh\u00f6rde (IAEA) russische Soldaten verletzt worden. Der Vorfall ereignete sich demnach w\u00e4hrend einer Minenr\u00e4umung im Rahmen einer lokalen Waffenruhe.<\/p>\n<p class=\"\">Russland wirft der Ukraine vor, die von der IAEA vermittelte Feuerpause gebrochen zu haben. Kiew weist dies zur\u00fcck und erkl\u00e4rt, die Vereinbarung weiterhin einzuhalten. IAEA-Chef Rafael Grossi rief beide Seiten zu gr\u00f6\u00dftm\u00f6glicher Zur\u00fcckhaltung und zur Einhaltung der Waffenruhe auf. (Quelle: Reuters)<\/p>\n<p>\n        06.06.2026 00:46 Uhr\n    <\/p>\n<p>    EU-Kommissar lehnt Lockerung der Russland-Sanktionen ab<\/p>\n<p class=\"\">EU-Wirtschaftskommissar Valdis Dombrovskis hat sich gegen eine Lockerung der Sanktionen gegen Russland ausgesprochen. Es sei nicht die Zeit, den Druck auf Moskau zu verringern, sondern weitere Strafma\u00dfnahmen zu pr\u00fcfen, sagte er am Rande des Jahrestreffens der European Bank for Reconstruction and Development in Riga. Dombrovskis verwies auf neue Initiativen einzelner EU-Staaten f\u00fcr zus\u00e4tzliche Handels- und Visa-Beschr\u00e4nkungen. Die Europ\u00e4ische Union hat seit Beginn des Ukraine-Kriegs bereits 20 Sanktionspakete gegen Russland beschlossen. (Quelle: dpa)<\/p>\n<p>\n        06.06.2026 00:22 Uhr\n    <\/p>\n<p>    EU und EBRD mobilisieren weitere Ukraine-Hilfen<\/p>\n<p class=\"\">Die European Bank for Reconstruction and Development und die Europ\u00e4ische Union stellen der Ukraine zus\u00e4tzliche Finanzhilfen zur Verf\u00fcgung. Mit neuen Garantien \u00fcber 200 Millionen Euro sowie weiteren Zusch\u00fcssen und technischer Hilfe sollen \u00fcber Partnerbanken Kredite von bis zu zwei Milliarden Euro f\u00fcr ukrainische Unternehmen erm\u00f6glicht werden. Ziel ist es, die Wirtschaft des Landes trotz des andauernden Krieges zu st\u00fctzen und Investitionen zu erleichtern. (Quelle: dpa)<\/p>\n<p>\n        06.06.2026 00:05 Uhr\n    <\/p>\n<p>    Die Ereignisse gestern \u2013 5. Juni 2026<\/p>\n<p class=\"\">Russlands Pr\u00e4sident Wladimir Putin hat beim Wirtschaftsforum in St. Petersburg einger\u00e4umt, dass sich das Wirtschaftswachstum seines Landes abgeschw\u00e4cht hat. Es liege inzwischen auf dem Niveau der Euro-Staaten. Zugleich zeigte er sich optimistisch f\u00fcr die weitere Entwicklung, r\u00e4umte aber ein, dass das Haushaltsdefizit 2026 steigen k\u00f6nnte. Zum Krieg gegen die Ukraine bekr\u00e4ftigte Putin seine Forderung nach vollst\u00e4ndiger Kontrolle des Donbass und lehnte erneut ein Treffen mit dem ukrainischen Pr\u00e4sidenten Wolodymyr Selenskyj ab.<\/p>\n<p>\n            <strong>Video:<\/strong><br \/>\n            Selenskyj bietet Putin Friedensgespr\u00e4che an (2 Min)\n        <\/p>\n<p class=\"\">In der Ukraine kamen bei russischen Drohnenangriffen nach Beh\u00f6rdenangaben mindestens f\u00fcnf Menschen ums Leben. Vier Mitarbeiter eines Lebensmittelbetriebs wurden im Kreis Browary bei Kiew get\u00f6tet, eine weitere Person starb in Saporischschja. Insgesamt wurden mehr als 20 Menschen verletzt. Das ukrainische Milit\u00e4r meldete seinerseits Drohnenangriffe auf mehrere Schiffe in den von Russland besetzten H\u00e4fen Mariupol und Berdjansk.<\/p>\n<p>\n            <strong>Video:<\/strong><br \/>\n            Mehrere Tote bei russischen Angriffen auf die Ukraine (1 Min)\n        <\/p>\n<p class=\"\">F\u00fcr Aufsehen sorgte eine Explosion einer Seedrohne im rum\u00e4nischen Schwarzmeerhafen Constan\u021ba. Nach Angaben der ukrainischen Marine handelte es sich um eine ukrainische Drohne, die durch russische elektronische St\u00f6rma\u00dfnahmen vom Kurs abgebracht worden sei. Verletzt wurde niemand. Sp\u00e4ter wurden vor der rum\u00e4nischen K\u00fcste drei weitere unbemannte Boote entdeckt. EU-Kommissionspr\u00e4sidentin Ursula von der Leyen warnte vor den Sicherheitsrisiken f\u00fcr die EU-Ostgrenze und sicherte Rum\u00e4nien Solidarit\u00e4t zu.<\/p>\n<p>\n            <strong>Video:<\/strong><br \/>\n            Seedrohne in rum\u00e4nischem Hafen explodiert (1 Min)\n        <\/p>\n<p class=\"\">Zudem tauschten Russland und die Ukraine erneut Kriegsgefangene aus. Nach russischen Angaben wurden auf beiden Seiten jeweils 185 Gefangene freigelassen.<\/p>\n<p>\n        06.06.2026 00:00 Uhr\n    <\/p>\n<p>    Ukraine-News von Samstag, 6. Juni 2026<\/p>\n<p class=\"\">Guten Tag! In unseren Ukraine-News halten wir Sie weiterhin \u00fcber die Entwicklungen im Krieg gegen die Ukraine auf dem aktuellen Stand. Alle wichtigen Nachrichten dazu erscheinen hier im Lauf des Tages.<\/p>\n<p class=\"\">Die Berichterstattung \u00fcber den Russland-Ukraine-Krieg ist komplex. Angaben zu Kriegsverlauf, Beschuss und Opfern durch offizielle Stellen der russischen und der ukrainischen Konfliktparteien k\u00f6nnen in der aktuellen Lage nicht unmittelbar von unabh\u00e4ngiger Stelle \u00fcberpr\u00fcft werden. Es gibt eine Vielzahl von Medienvertretern vor Ort, darunter auch unabh\u00e4ngige Journalisten aus verschiedenen L\u00e4ndern. Bei der Bewertung von Informationen sind verschiedene Quellen und eine kritische Haltung unerl\u00e4sslich, um ein m\u00f6glichst umfassendes Bild zu erhalten. Alles das ber\u00fccksichtigt der MDR in seinen Berichten \u00fcber den Russland-Ukraine-<a name=\"Krieg\">Krieg<\/a>.<\/p>\n<p>        <img decoding=\"async\" src=\"https:\/\/www.europesays.com\/de\/wp-content\/uploads\/2026\/06\/ukraine-276.webp\" alt=\"Rettungskr\u00e4fte beseitigen Tr\u00fcmmer und suchen nach Menschen in einem Wohnblock, der von einer Rakete getroffen wurde.\" title=\"Rettungskr\u00e4fte beseitigen Tr\u00fcmmer und suchen nach Menschen in einem Wohnblock, der von einer Rakete getroffen wurde. | picture alliance\/dpa\/Ukrinform | -\" class=\"responsive\" loading=\"lazy\"\/><\/p>\n<p>Nachrichten und Hintergr\u00fcnde<\/p>\n<p>Am 24. Februar 2022 hat Russland die Ukraine \u00fcberfallen. Doch die ukrainische Armee kann sich halten und konnte Gebiete zur\u00fcckerobern, der Westen unterst\u00fctzt sie. Aktuelle Nachrichten und Hintergr\u00fcnde zum Krieg.<\/p>\n<p>        <a href=\"https:\/\/www.mdr.de\/nachrichten\/podcast\/general\" aria-label=\"Zum Podcast: Was tun, Herr General? \u2013 Der Podcast zum Ukraine-Krieg\" rel=\"nofollow noopener\" target=\"_blank\"><\/p>\n<p>        <img decoding=\"async\" src=\"https:\/\/www.europesays.com\/de\/wp-content\/uploads\/2026\/06\/podcast-cover-was-tun-herr-general-100.webp\" alt=\"Der fr\u00fchere NATO-General und Generalleutnant a.D. Erhard B\u00fchler\" title=\"Der fr\u00fchere NATO-General und Generalleutnant a.D. Erhard B\u00fchler | MDR \/ Erhard B\u00fchler \" class=\"responsive\" loading=\"lazy\"\/><\/p>\n<p>        <\/a><\/p>\n<p>Krieg in Europa. Welche Strategie verfolgt die russische Armee, wie stehen die Chancen der ukrainischen Verteidiger? Einsch\u00e4tzungen der milit\u00e4rischen Lage und der Kriegsfolgen vom fr\u00fcheren NATO-General Erhard B\u00fchler.<\/p>\n<p>        <a href=\"https:\/\/www.mdr.de\/nachrichten\/podcast\/ukrainekrieg\" aria-label=\"Zum Podcast: Putins Krieg - Interviews und Hintergr\u00fcnde\" rel=\"nofollow noopener\" target=\"_blank\"><\/p>\n<p>        <img decoding=\"async\" src=\"https:\/\/www.europesays.com\/de\/wp-content\/uploads\/2026\/06\/podcast-putins-krieg-100.webp\" alt=\"Podcast Putins Krieg\" title=\"Podcast Putins Krieg | dpa\/MDR\" class=\"responsive\" loading=\"lazy\"\/><\/p>\n<p>        <\/a><\/p>\n<p>Russland f\u00fchrt Krieg gegen die Ukraine &#8211; Zerst\u00f6rung, Leid und Flucht. In diesem Podcast b\u00fcndeln wir Interviews und Berichte rund um den Krieg, seine Folgen f\u00fcr die Welt, Europa und in Deutschland.<\/p>\n","protected":false},"excerpt":{"rendered":"Ukraine-News I 06. Juni Stand: 07.06.2026 05:15 Uhr Diese Ukraine-News von Samstag, den 06. Juni 2026, sind beendet.&hellip;\n","protected":false},"author":2,"featured_media":1074576,"comment_status":"","ping_status":"","sticky":false,"template":"","format":"standard","meta":{"footnotes":"","_share_on_mastodon":"0"},"categories":[4012],"tags":[331,332,29,228420,548,663,17094,18799,1565,13,30012,5020,4046,308,14,15,111,307,1155,25102,12,36941,228419,116,317,30616],"class_list":["post-1078836","post","type-post","status-publish","format-standard","has-post-thumbnail","category-ukraine","tag-aktuelle-nachrichten","tag-aktuelle-news","tag-deutschland","tag-ebrd","tag-eu","tag-europa","tag-finanzhilfen","tag-friedensgespraeche","tag-griechenland","tag-headlines","tag-iaea","tag-kreml","tag-krieg","tag-moskau","tag-nachrichten","tag-news","tag-putin","tag-russland","tag-sanktionen","tag-saporischschja","tag-schlagzeilen","tag-schroeder","tag-seedrohne","tag-selenskyj","tag-ukraine","tag-wadephul"],"share_on_mastodon":{"url":"https:\/\/pubeurope.com\/@de\/116714367146267203","error":""},"_links":{"self":[{"href":"https:\/\/www.europesays.com\/de\/wp-json\/wp\/v2\/posts\/1078836","targetHints":{"allow":["GET"]}}],"collection":[{"href":"https:\/\/www.europesays.com\/de\/wp-json\/wp\/v2\/posts"}],"about":[{"href":"https:\/\/www.europesays.com\/de\/wp-json\/wp\/v2\/types\/post"}],"author":[{"embeddable":true,"href":"https:\/\/www.europesays.com\/de\/wp-json\/wp\/v2\/users\/2"}],"replies":[{"embeddable":true,"href":"https:\/\/www.europesays.com\/de\/wp-json\/wp\/v2\/comments?post=1078836"}],"version-history":[{"count":0,"href":"https:\/\/www.europesays.com\/de\/wp-json\/wp\/v2\/posts\/1078836\/revisions"}],"wp:featuredmedia":[{"embeddable":true,"href":"https:\/\/www.europesays.com\/de\/wp-json\/wp\/v2\/media\/1074576"}],"wp:attachment":[{"href":"https:\/\/www.europesays.com\/de\/wp-json\/wp\/v2\/media?parent=1078836"}],"wp:term":[{"taxonomy":"category","embeddable":true,"href":"https:\/\/www.europesays.com\/de\/wp-json\/wp\/v2\/categories?post=1078836"},{"taxonomy":"post_tag","embeddable":true,"href":"https:\/\/www.europesays.com\/de\/wp-json\/wp\/v2\/tags?post=1078836"}],"curies":[{"name":"wp","href":"https:\/\/api.w.org\/{rel}","templated":true}]}}