{"id":1079115,"date":"2026-06-08T14:34:17","date_gmt":"2026-06-08T14:34:17","guid":{"rendered":"https:\/\/www.europesays.com\/de\/1079115\/"},"modified":"2026-06-08T14:34:17","modified_gmt":"2026-06-08T14:34:17","slug":"spannender-neuzugang-illertissen-holt-talent-von-preussen-muenster","status":"publish","type":"post","link":"https:\/\/www.europesays.com\/de\/1079115\/","title":{"rendered":"Spannender Neuzugang: Illertissen holt Talent von Preu\u00dfen M\u00fcnster"},"content":{"rendered":"<p>Der 21-j\u00e4hrige Ben Kronenberg verl\u00e4sst Nordrhein-Westfalen, um k\u00fcnftig in der Regionalliga Bayern aufzulaufen<\/p>\n<p>von PM \/ ts \u00b7 Heute, 15:45 Uhr \u00b7 0 Leser<\/p>\n<p><img fetchpriority=\"high\" decoding=\"async\" loading=\"eager\" src=\"https:\/\/www.europesays.com\/de\/wp-content\/uploads\/2026\/06\/1780929257_7_960x640.jpeg\" alt=\"Illertissens Sportlicher Leiter Jochen Schmitt (li.) begr\u00fc\u00dft Ben Kronenberg\" title=\"Illertissens Sportlicher Leiter Jochen Schmitt (li.) begr\u00fc\u00dft Ben Kronenberg\" width=\"960\" height=\"640\" class=\"sc-wadapo-3 klmthQ\"\/>Illertissens Sportlicher Leiter Jochen Schmitt (li.) begr\u00fc\u00dft Ben Kronenberg \u2013 Foto: VereinVerlinkte Inhaltepr\u00e4sentiert von<a data-google-interstitial=\"false\" target=\"_blank\" href=\"https:\/\/www.zfbkk.de\/leistungen\/leistungen-nach-themen\/topleistungen\" rel=\"nofollow noopener\"><img decoding=\"async\" src=\"https:\/\/www.fupa.net\/sponsoring\/niederbayern_zf_bkk.svg\" width=\"auto\" height=\"auto\" alt=\"ZF BKK\" class=\"sc-1ql518l-0 cYxfXR\"\/><\/a><\/p>\n<p>Der schw\u00e4bische Regionalligist FV Illertissen hat den 21-j\u00e4hrigen Mittelfeldspieler <a href=\"https:\/\/www.fupa.net\/player\/ben-kronenberg-1957352\" target=\"_blank\" rel=\"noopener nofollow\">Ben Kronenberg<\/a> von Preu\u00dfen M\u00fcnster II aus der Oberliga Westfalen verpflichtet. Der 1,92 Meter gro\u00dfe Spieler gilt als gro\u00dfes Talent, trainierte in der Vergangenheit regelm\u00e4\u00dfig in der Profi-Mannschaft des Zweitliga-Absteigers mit und will sich jetzt bei einem etablierten Klub der Regionalliga Bayern beweisen<\/p>\n<p>&#8222;Ich habe den Ehrgeiz, mich bei einem spielstarken Regionalligisten durchzubei\u00dfen und traue mir das zu. Der FV Illertissen ist daf\u00fcr bekannt, junge Spieler zu entwickeln und ich freue mich auf die Aufgabe&#8220;, l\u00e4sst der Neuzugang der Schwaben verlauten. <\/p>\n<p>Vergangene Saison erzielte der Jungspund in der f\u00fcnften Liga in 31 Eins\u00e4tzen respektable sieben Tore. In den Jahren zuvor war Kronenberg in der U17 und U19 Bundesliga Stammspieler bei den Nordrhein-Westfalen. &#8222;Auch wenn Ben noch ein relativ junger Spieler ist, der aber gro\u00dfes Entwicklungspotenzial hat, trauen wir ihm den Sprung in die Regionalliga zu\u201c, kommentiert Illertissens Urgestein und Sportvorstand Karl Heinz Bachthaler den hoffnungsvollen Transfer.<\/p>\n<p>Die bisherigen Transferbewegungen in der Sommer-Wechselperiode beim FV Illertissen: <\/p>\n<p>Zug\u00e4nge: Constantin Pauly (FC Gie\u00dfen), Odin Redier (TSV Schwaben Augsburg), Jan-Luca Fink (FC Gundelfingen), Ilkan Atak (FC Ismaning), Nino Cassaniti (SV Viktoria Aschaffenburg), Ben Kronenberg (FC Preu\u00dfen M\u00fcnster II) <\/p>\n<p>Abg\u00e4nge: Malik Sama (SV Stuttgarter Kickers), Lukas Petrovic (FC Memmingen), Nico Helbock (SCR Alltach II \/ \u00d6sterreich), Max Zeller (FC Memmingen), Marco G\u00f6lz (SSV Ulm), Uros Micic (FC Memmingen), Yannick Glessing (SV Stuttgarter Kickers), Luis Pfaumann (FC Memmingen), Tobias R\u00fchle (Spielertrainer FV Bellenberg)<\/p>\n<p>Trainer: Walid Khaled (SV Waldhof Mannheim II) f\u00fcr Holger Bachthaler (SV Stuttgarter Kickers) <\/p>\n","protected":false},"excerpt":{"rendered":"Der 21-j\u00e4hrige Ben Kronenberg verl\u00e4sst Nordrhein-Westfalen, um k\u00fcnftig in der Regionalliga Bayern aufzulaufen von PM \/ ts \u00b7&hellip;\n","protected":false},"author":2,"featured_media":1079116,"comment_status":"","ping_status":"","sticky":false,"template":"","format":"standard","meta":{"footnotes":"","_share_on_mastodon":"0"},"categories":[1843],"tags":[29577,3364,29,68782,30,8970,1209,22673],"class_list":["post-1079115","post","type-post","status-publish","format-standard","has-post-thumbnail","category-muenster","tag-ben-kronenberg","tag-de","tag-deutschland","tag-fv-illertissen","tag-germany","tag-muenster","tag-nordrhein-westfalen","tag-regionalliga-bayern"],"share_on_mastodon":{"url":"https:\/\/pubeurope.com\/@de\/116714988600132107","error":""},"_links":{"self":[{"href":"https:\/\/www.europesays.com\/de\/wp-json\/wp\/v2\/posts\/1079115","targetHints":{"allow":["GET"]}}],"collection":[{"href":"https:\/\/www.europesays.com\/de\/wp-json\/wp\/v2\/posts"}],"about":[{"href":"https:\/\/www.europesays.com\/de\/wp-json\/wp\/v2\/types\/post"}],"author":[{"embeddable":true,"href":"https:\/\/www.europesays.com\/de\/wp-json\/wp\/v2\/users\/2"}],"replies":[{"embeddable":true,"href":"https:\/\/www.europesays.com\/de\/wp-json\/wp\/v2\/comments?post=1079115"}],"version-history":[{"count":0,"href":"https:\/\/www.europesays.com\/de\/wp-json\/wp\/v2\/posts\/1079115\/revisions"}],"wp:featuredmedia":[{"embeddable":true,"href":"https:\/\/www.europesays.com\/de\/wp-json\/wp\/v2\/media\/1079116"}],"wp:attachment":[{"href":"https:\/\/www.europesays.com\/de\/wp-json\/wp\/v2\/media?parent=1079115"}],"wp:term":[{"taxonomy":"category","embeddable":true,"href":"https:\/\/www.europesays.com\/de\/wp-json\/wp\/v2\/categories?post=1079115"},{"taxonomy":"post_tag","embeddable":true,"href":"https:\/\/www.europesays.com\/de\/wp-json\/wp\/v2\/tags?post=1079115"}],"curies":[{"name":"wp","href":"https:\/\/api.w.org\/{rel}","templated":true}]}}