{"id":1079284,"date":"2026-06-08T16:31:25","date_gmt":"2026-06-08T16:31:25","guid":{"rendered":"https:\/\/www.europesays.com\/de\/1079284\/"},"modified":"2026-06-08T16:31:25","modified_gmt":"2026-06-08T16:31:25","slug":"iran-und-israel-trump-verliert-die-kontrolle","status":"publish","type":"post","link":"https:\/\/www.europesays.com\/de\/1079284\/","title":{"rendered":"Iran und Israel: Trump verliert die Kontrolle"},"content":{"rendered":"<p class=\"text-18 leading-17 user-text-lg:text-22 user-text-xl:text-24\">Lange galten die Vereinigten Staaten als Ordnungsmacht im Nahen Osten. Das bedeutete nicht, dass <a class=\"transition-colors duration-200 cursor-pointer text-inherit no-underline text-salemsfur md:hover:text-magenta md:hover:border-magenta md:focus:text-magenta border-current border-b border-solid break-words\" data-tracking=\"{&quot;action&quot;:&quot;click&quot;,&quot;category&quot;:&quot;intextLink&quot;,&quot;label&quot;:&quot;\/themen\/washington\/&quot;}\" href=\"https:\/\/www.t-online.de\/themen\/washington\/\" data-sctrack=\"BodyAnchor\" rel=\"nofollow noopener\" target=\"_blank\">Washington<\/a> jeden Krieg verhindern konnte. Die Region war schon immer von Konflikten, Machtk\u00e4mpfen und ideologischen Gegens\u00e4tzen gepr\u00e4gt. Doch die <a class=\"transition-colors duration-200 cursor-pointer text-inherit no-underline text-salemsfur md:hover:text-magenta md:hover:border-magenta md:focus:text-magenta border-current border-b border-solid break-words\" data-tracking=\"{&quot;action&quot;:&quot;click&quot;,&quot;category&quot;:&quot;intextLink&quot;,&quot;label&quot;:&quot;\/themen\/usa\/&quot;}\" href=\"https:\/\/www.t-online.de\/themen\/usa\/\" data-sctrack=\"BodyAnchor\" rel=\"nofollow noopener\" target=\"_blank\">USA<\/a> verf\u00fcgten \u00fcber etwas, das heute zunehmend verloren geht: die F\u00e4higkeit, Macht auszu\u00fcben \u2013 und damit die wichtigsten Akteure an einen Tisch zu zwingen sowie die Richtung der Ereignisse ma\u00dfgeblich zu beeinflussen.<\/p>\n<p class=\"text-18 leading-17 user-text-lg:text-22 user-text-xl:text-24\">Diese F\u00e4higkeit zerbricht unter Trump zwar schneller, aber die Risse sind schon l\u00e4nger zu beobachten. Seit Jahren verschiebt sich das Machtgef\u00fcge im Nahen Osten. Die USA bleiben milit\u00e4risch dominant, doch regionale Akteure handeln zunehmend eigenst\u00e4ndig. Israel verfolgt seine Sicherheitsinteressen kompromissloser als fr\u00fcher. Die Golfstaaten versuchen, zwischen den Machtzentren zu balancieren. Der Iran setzt auf ein Netzwerk aus Verb\u00fcndeten und Stellvertreterorganisationen. Gleichzeitig sind die Vereinigten Staaten nach den Erfahrungen im <a class=\"transition-colors duration-200 cursor-pointer text-inherit no-underline text-salemsfur md:hover:text-magenta md:hover:border-magenta md:focus:text-magenta border-current border-b border-solid break-words\" data-tracking=\"{&quot;action&quot;:&quot;click&quot;,&quot;category&quot;:&quot;intextLink&quot;,&quot;label&quot;:&quot;\/themen\/irak\/&quot;}\" href=\"https:\/\/www.t-online.de\/themen\/irak\/\" data-sctrack=\"BodyAnchor\" rel=\"nofollow noopener\" target=\"_blank\">Irak<\/a> und in <a class=\"transition-colors duration-200 cursor-pointer text-inherit no-underline text-salemsfur md:hover:text-magenta md:hover:border-magenta md:focus:text-magenta border-current border-b border-solid break-words\" data-tracking=\"{&quot;action&quot;:&quot;click&quot;,&quot;category&quot;:&quot;intextLink&quot;,&quot;label&quot;:&quot;\/themen\/afghanistan\/&quot;}\" href=\"https:\/\/www.t-online.de\/themen\/afghanistan\/\" data-sctrack=\"BodyAnchor\" rel=\"nofollow noopener\" target=\"_blank\">Afghanistan<\/a> deutlich zur\u00fcckhaltender geworden, wenn es um langfristige milit\u00e4rische Engagements geht.<\/p>\n<p class=\"text-18 leading-17 user-text-lg:text-22 user-text-xl:text-24\">Dadurch entsteht ein Vakuum. Nicht weil Washington insgesamt schwach geworden w\u00e4re, sondern weil milit\u00e4rische St\u00e4rke allein keine politische Ordnung garantiert. Genau in diesem Spannungsfeld bewegt sich die aktuelle Krise.<\/p>\n<p><a href=\"#focus-3\" class=\"transition-colors duration-200 block text-current relative\" data-sctrack=\"FocusGalleryImage.Reference\"><img   loading=\"lazy\" src=\"https:\/\/www.europesays.com\/de\/wp-content\/uploads\/2026\/06\/der-us-flugzeugtraeger-abraham-lincoln-ein-kampfflugzeug-startet-fuer-einen-einsatz-gegen-den-iran.j.jpeg\" alt=\"Der US-Flugzeugtr\u00e4ger &quot;Abraham Lincoln&quot;: Ein Kampfflugzeug startet f\u00fcr einen Einsatz gegen den Iran.\" title=\"Der US-Flugzeugtr\u00e4ger &quot;Abraham Lincoln&quot;: Ein Kampfflugzeug startet f\u00fcr einen Einsatz gegen den Iran.\" width=\"4000\" height=\"2250\" class=\"h-full w-full max-w-full rounded-8\" decoding=\"async\"\/><img loading=\"lazy\" src=\"https:\/\/www.t-online.de\/s\/paper\/_next\/static\/media\/zoom-in.f7dae02f.svg\" alt=\"Vergr\u00f6\u00dfern des Bildes\" title=\"Vergr\u00f6\u00dfern des Bildes\" class=\"block h-[calc(var(--height)_\/_16_*_1rem)] w-[calc(var(--width)_\/_16_*_1rem)] max-w-none absolute bottom-8 right-8 rounded-4 bg-snow p-8\" style=\"--width:32;--height:32\" decoding=\"async\"\/>Der US-Flugzeugtr\u00e4ger &#8222;Abraham Lincoln&#8220;: Ein Kampfflugzeug startet zu einem Einsatz gegen den Iran. (Quelle: US Navy\/reuters)<\/a><\/p>\n<p>Trumps Strategie geht nicht auf<\/p>\n<p class=\"text-18 leading-17 user-text-lg:text-22 user-text-xl:text-24\">Dabei wollte Trump die US-amerikanische Dominanz wiederherstellen. Schon w\u00e4hrend des Wahlkampfs versprach er, Kriege zu beenden, statt neue zu beginnen. Nach dem Beginn des amerikanisch-israelischen Krieges gegen den Iran Ende Februar setzte seine Regierung zun\u00e4chst auf maximale H\u00e4rte. Die USA beteiligten sich an milit\u00e4rischen Operationen gegen iranische Ziele und erh\u00f6hten gleichzeitig den wirtschaftlichen Druck auf Teheran. Daraufhin wurden \u00fcberwiegend US-Basen und -Verb\u00fcndete am Golf vom iranischen Regime angegriffen, und seitdem wird die <a class=\"transition-colors duration-200 cursor-pointer text-inherit no-underline text-salemsfur md:hover:text-magenta md:hover:border-magenta md:focus:text-magenta border-current border-b border-solid break-words\" data-tracking=\"{&quot;action&quot;:&quot;click&quot;,&quot;category&quot;:&quot;intextLink&quot;,&quot;label&quot;:&quot;\/themen\/strasse-von-hormus\/&quot;}\" href=\"https:\/\/www.t-online.de\/themen\/strasse-von-hormus\/\" data-sctrack=\"BodyAnchor\" rel=\"nofollow noopener\" target=\"_blank\">Stra\u00dfe von Hormus<\/a> von Teheran und Washington blockiert.<\/p>\n<p class=\"text-18 leading-17 user-text-lg:text-22 user-text-xl:text-24\">Parallel zu diesen Entwicklungen begann Washington jedoch Verhandlungen mit dem Regime. Und genau hier liegt das strategische Kernproblem der US-Politik.<\/p>\n<p class=\"text-18 leading-17 user-text-lg:text-22 user-text-xl:text-24\">Trump verfolgt zwei Ziele, die sich zunehmend gegenseitig blockieren. Er will den Iran mit maximalem Druck zu Zugest\u00e4ndnissen zwingen und gleichzeitig ein historisches Abkommen mit genau diesem Regime schlie\u00dfen. Je st\u00e4rker die Drohkulisse wird, desto schwieriger werden jedoch die Verhandlungen. Dieser Widerspruch pr\u00e4gt Trumps Politik seit Monaten.<\/p>\n<p>Loading&#8230;<\/p>\n<p>Loading&#8230;<\/p>\n<p>Loading&#8230;<\/p>\n","protected":false},"excerpt":{"rendered":"Lange galten die Vereinigten Staaten als Ordnungsmacht im Nahen Osten. Das bedeutete nicht, dass Washington jeden Krieg verhindern&hellip;\n","protected":false},"author":2,"featured_media":1079285,"comment_status":"","ping_status":"","sticky":false,"template":"","format":"standard","meta":{"footnotes":"","_share_on_mastodon":"0"},"categories":[3977],"tags":[326,331,332,499,106,2026,23012,13,18544,345,67736,411,30730,4045,669,7296,14,15,12,29839,229342,9976,143,4017,4018,4016,64,4019,4020],"class_list":["post-1079284","post","type-post","status-publish","format-standard","has-post-thumbnail","category-usa","tag-326","tag-aktuelle-nachrichten","tag-aktuelle-news","tag-benjamin-netanjahu","tag-donald-trump","tag-eskalation","tag-financial-times","tag-headlines","tag-hisbollah","tag-iran","tag-isfahan","tag-israel","tag-jerusalem","tag-konflikt","tag-krise","tag-libanon","tag-nachrichten","tag-news","tag-schlagzeilen","tag-strasse-von-hormus","tag-taebris","tag-teheran","tag-tuerkei","tag-united-states","tag-united-states-of-america","tag-us","tag-usa","tag-vereinigte-staaten","tag-vereinigte-staaten-von-amerika"],"share_on_mastodon":{"url":"https:\/\/pubeurope.com\/@de\/116715448590886478","error":""},"_links":{"self":[{"href":"https:\/\/www.europesays.com\/de\/wp-json\/wp\/v2\/posts\/1079284","targetHints":{"allow":["GET"]}}],"collection":[{"href":"https:\/\/www.europesays.com\/de\/wp-json\/wp\/v2\/posts"}],"about":[{"href":"https:\/\/www.europesays.com\/de\/wp-json\/wp\/v2\/types\/post"}],"author":[{"embeddable":true,"href":"https:\/\/www.europesays.com\/de\/wp-json\/wp\/v2\/users\/2"}],"replies":[{"embeddable":true,"href":"https:\/\/www.europesays.com\/de\/wp-json\/wp\/v2\/comments?post=1079284"}],"version-history":[{"count":0,"href":"https:\/\/www.europesays.com\/de\/wp-json\/wp\/v2\/posts\/1079284\/revisions"}],"wp:featuredmedia":[{"embeddable":true,"href":"https:\/\/www.europesays.com\/de\/wp-json\/wp\/v2\/media\/1079285"}],"wp:attachment":[{"href":"https:\/\/www.europesays.com\/de\/wp-json\/wp\/v2\/media?parent=1079284"}],"wp:term":[{"taxonomy":"category","embeddable":true,"href":"https:\/\/www.europesays.com\/de\/wp-json\/wp\/v2\/categories?post=1079284"},{"taxonomy":"post_tag","embeddable":true,"href":"https:\/\/www.europesays.com\/de\/wp-json\/wp\/v2\/tags?post=1079284"}],"curies":[{"name":"wp","href":"https:\/\/api.w.org\/{rel}","templated":true}]}}