{"id":1079288,"date":"2026-06-08T16:33:33","date_gmt":"2026-06-08T16:33:33","guid":{"rendered":"https:\/\/www.europesays.com\/de\/1079288\/"},"modified":"2026-06-08T16:33:33","modified_gmt":"2026-06-08T16:33:33","slug":"am-winterbergtunnel-in-frankreich-soll-erde-ausgewechselt-werden-um-gedenken-zu-ermoeglichen","status":"publish","type":"post","link":"https:\/\/www.europesays.com\/de\/1079288\/","title":{"rendered":"Am Winterbergtunnel in Frankreich soll Erde ausgewechselt werden, um Gedenken zu erm\u00f6glichen"},"content":{"rendered":"<p class=\"mb-6 text-xs md:text-m lg:text-l font-serif group-[.font-sans]:font-sans \">\n    Die Bem\u00fchungen um ein angemessenes Gedenken an die rund 200 toten badischen Soldaten, die im Fr\u00fchjahr 1917 im Winterbergtunnel in der franz\u00f6sischen Picardie erstickt sind, dauern bereits l\u00e4nger als der ganze Erste Weltkrieg (1914-1918). Nachdem vor mehr als f\u00fcnf Jahren, also Anfang 2021, die Frage im Raum stand, ob der Volksbund Deutsche Kriegsgr\u00e4berf\u00fcrsorge die Leichname der M\u00e4nner des einstigen Konstanzer Reserve-Infanterieregiments (RIR) 111 aus dem Stollensystem bergen soll und kann, <a href=\"https:\/\/www.suedkurier.de\/ueberregional\/wissenschaft\/winterbergtunnel-neuer-versuch-fuer-bergung-badischer-soldaten;art1350069,11131364\" target=\"_self\" class=\"underline \" rel=\"nofollow noopener\">wurde im Sommer 2022  nur eine Kamera-Erkundung des Stollens vorgenommen<\/a>, nach der der Plan einer Bergung verworfen wurde. Stattdessen sollte am Winterberg eine Gedenkst\u00e4tte f\u00fcr die Gefallenen entstehen.  Der Baubeginn l\u00e4sst immer noch auf sich warten.\n  <\/p>\n","protected":false},"excerpt":{"rendered":"Die Bem\u00fchungen um ein angemessenes Gedenken an die rund 200 toten badischen Soldaten, die im Fr\u00fchjahr 1917 im&hellip;\n","protected":false},"author":2,"featured_media":1079289,"comment_status":"","ping_status":"","sticky":false,"template":"","format":"standard","meta":{"footnotes":"","_share_on_mastodon":"0"},"categories":[3974],"tags":[331,332,100622,15850,548,663,3934,3980,156,2416,13,3523,14,15,146940,12,11187,226983,15194,81407,146938],"class_list":["post-1079288","post","type-post","status-publish","format-standard","has-post-thumbnail","category-frankreich","tag-aktuelle-nachrichten","tag-aktuelle-news","tag-badener","tag-erster-weltkrieg","tag-eu","tag-europa","tag-europe","tag-france","tag-frankreich","tag-gedenkstaette","tag-headlines","tag-kamera","tag-nachrichten","tag-news","tag-picardie","tag-schlagzeilen","tag-sprengstoff","tag-volksbund","tag-volksbund-deutsche-kriegsgraeberfuersorge","tag-winterberg","tag-winterbergtunnel"],"share_on_mastodon":{"url":"https:\/\/pubeurope.com\/@de\/116715455086478062","error":""},"_links":{"self":[{"href":"https:\/\/www.europesays.com\/de\/wp-json\/wp\/v2\/posts\/1079288","targetHints":{"allow":["GET"]}}],"collection":[{"href":"https:\/\/www.europesays.com\/de\/wp-json\/wp\/v2\/posts"}],"about":[{"href":"https:\/\/www.europesays.com\/de\/wp-json\/wp\/v2\/types\/post"}],"author":[{"embeddable":true,"href":"https:\/\/www.europesays.com\/de\/wp-json\/wp\/v2\/users\/2"}],"replies":[{"embeddable":true,"href":"https:\/\/www.europesays.com\/de\/wp-json\/wp\/v2\/comments?post=1079288"}],"version-history":[{"count":0,"href":"https:\/\/www.europesays.com\/de\/wp-json\/wp\/v2\/posts\/1079288\/revisions"}],"wp:featuredmedia":[{"embeddable":true,"href":"https:\/\/www.europesays.com\/de\/wp-json\/wp\/v2\/media\/1079289"}],"wp:attachment":[{"href":"https:\/\/www.europesays.com\/de\/wp-json\/wp\/v2\/media?parent=1079288"}],"wp:term":[{"taxonomy":"category","embeddable":true,"href":"https:\/\/www.europesays.com\/de\/wp-json\/wp\/v2\/categories?post=1079288"},{"taxonomy":"post_tag","embeddable":true,"href":"https:\/\/www.europesays.com\/de\/wp-json\/wp\/v2\/tags?post=1079288"}],"curies":[{"name":"wp","href":"https:\/\/api.w.org\/{rel}","templated":true}]}}