{"id":1079329,"date":"2026-06-08T16:56:24","date_gmt":"2026-06-08T16:56:24","guid":{"rendered":"https:\/\/www.europesays.com\/de\/1079329\/"},"modified":"2026-06-08T16:56:24","modified_gmt":"2026-06-08T16:56:24","slug":"ueberraschung-auf-instagram-min-gi-kang-gibt-abschied-von-lok-leipzig-bekannt-sport","status":"publish","type":"post","link":"https:\/\/www.europesays.com\/de\/1079329\/","title":{"rendered":"\u00dcberraschung auf Instagram: Min-gi Kang gibt Abschied von Lok Leipzig bekannt | Sport"},"content":{"rendered":"<p><a class=\"skip-content skip-content--link\" href=\"#in-content-skip-link-target-v-0-0\">TTS-Player \u00fcberspringen\u21b5<\/a><a id=\"in-content-skip-link-target-v-0-0\" class=\"skip-content--target-link-hidden skip-content skip-content--target-link\" href=\"#in-content-skip-link-target-v-0-0\">Artikel weiterlesen<\/a><\/p>\n<p data-21134c99=\"0-1684\"><b>N\u00e4chster Abgang bei <\/b><a href=\"https:\/\/www.bild.de\/sport\/fussball\/lok-leipzig\/home-80643548.bild.html\" class=\"text-link\" rel=\"nofollow noopener\" target=\"_blank\"><b>Lok Leipzig<\/b><\/a><b>. Nach Stefan Maderer (nach Sandhausen), Laurin von Piechowski und Niclas M\u00fcller (beide Babelsberg) verabschiedet sich nun auch Min-gi Kang.<\/b><\/p>\n<p data-21134c99=\"0-1684\">Ziemlich ungew\u00f6hnlich: Der S\u00fcdkoreaner gab sogar selbst bekannt, dass sein auslaufender Vertrag bei Lok Leipzig nicht verl\u00e4ngert wird. Er schrieb auf seinem Instagram-Account: \u201eLiebe Lok-Familie, ich m\u00f6chte mich bei allen bedanken und nun m\u00f6chte ich mich von euch verabschieden, mit denen ich eine wunderbare Zeit verbringen durfte. Die gemeinsame Zeit war f\u00fcr mich ein unvergessliches Geschenk. Noch einmal herzlichen Dank f\u00fcr eure Unterst\u00fctzung und die unz\u00e4hligen sch\u00f6nen Momente, die wir gemeinsam erleben durften.\u201c <\/p>\n<p data-21134c99=\"0-1684\">Auf seinen Post gab es zahlreiche Antworten, die zeigten, wie beliebt der Au\u00dfenbahnspieler in der Mannschaft war. \u201eToller Mensch\u201c, schrieb Mitspieler Laurin von Piechowski. \u201eMein Bruder\u201c, schrieb Malik McLemore.<\/p>\n<p>Mehr zum ThemaMin-gi Kang verl\u00e4sst Lok Leipzig<\/p>\n<p data-21134c99=\"0-1684\">Kang spielte eine starke erste Saison beim FC Lok, erzielte in 26 Spielen f\u00fcnf Tore und drei Vorlagen. Sein Vertrag wurde um ein Jahr verl\u00e4ngert. In der abgelaufenen Saison konnte Kang allerdings nicht mehr an seine starken Leistungen ankn\u00fcpfen. Neuzugang Ayodele Adetula schnappte ihm seinen Stammplatz weg, sodass er nur noch zu Minuteneins\u00e4tzen kam. Kang spielt k\u00fcnftig f\u00fcr den Regionalliga-Rivalen SV Babelsberg, wo er einen Vertrag bis 2028 bekommt. \u201eMin-gi bringt sehr viel mit, was wir uns von einem Spieler w\u00fcnschen: eine hohe Laufbereitschaft, Schnelligkeit, dazu ist er dribbelstark, flei\u00dfig und kann flexibel in unterschiedlichen Offensivrollen zum Einsatz kommen\u201c, sagt Paul Bachmeyer, Vorstandsvorsitzender des SVB.<\/p>\n","protected":false},"excerpt":{"rendered":"TTS-Player \u00fcberspringen\u21b5Artikel weiterlesen N\u00e4chster Abgang bei Lok Leipzig. Nach Stefan Maderer (nach Sandhausen), Laurin von Piechowski und Niclas&hellip;\n","protected":false},"author":2,"featured_media":1079330,"comment_status":"","ping_status":"","sticky":false,"template":"","format":"standard","meta":{"footnotes":"","_share_on_mastodon":"0"},"categories":[1832],"tags":[3364,29,30,71,3457,3459,3458,859,4580,3460,4581],"class_list":["post-1079329","post","type-post","status-publish","format-standard","has-post-thumbnail","category-leipzig","tag-de","tag-deutschland","tag-germany","tag-leipzig","tag-lok-leipzig","tag-regionalliga","tag-regionalliga-nordost","tag-sachsen","tag-schmidt-andre","tag-sport-leuchtturm-leipzig","tag-sport-tag-im-ticker"],"share_on_mastodon":{"url":"https:\/\/pubeurope.com\/@de\/116715545481977375","error":""},"_links":{"self":[{"href":"https:\/\/www.europesays.com\/de\/wp-json\/wp\/v2\/posts\/1079329","targetHints":{"allow":["GET"]}}],"collection":[{"href":"https:\/\/www.europesays.com\/de\/wp-json\/wp\/v2\/posts"}],"about":[{"href":"https:\/\/www.europesays.com\/de\/wp-json\/wp\/v2\/types\/post"}],"author":[{"embeddable":true,"href":"https:\/\/www.europesays.com\/de\/wp-json\/wp\/v2\/users\/2"}],"replies":[{"embeddable":true,"href":"https:\/\/www.europesays.com\/de\/wp-json\/wp\/v2\/comments?post=1079329"}],"version-history":[{"count":0,"href":"https:\/\/www.europesays.com\/de\/wp-json\/wp\/v2\/posts\/1079329\/revisions"}],"wp:featuredmedia":[{"embeddable":true,"href":"https:\/\/www.europesays.com\/de\/wp-json\/wp\/v2\/media\/1079330"}],"wp:attachment":[{"href":"https:\/\/www.europesays.com\/de\/wp-json\/wp\/v2\/media?parent=1079329"}],"wp:term":[{"taxonomy":"category","embeddable":true,"href":"https:\/\/www.europesays.com\/de\/wp-json\/wp\/v2\/categories?post=1079329"},{"taxonomy":"post_tag","embeddable":true,"href":"https:\/\/www.europesays.com\/de\/wp-json\/wp\/v2\/tags?post=1079329"}],"curies":[{"name":"wp","href":"https:\/\/api.w.org\/{rel}","templated":true}]}}