{"id":1079496,"date":"2026-06-08T18:23:15","date_gmt":"2026-06-08T18:23:15","guid":{"rendered":"https:\/\/www.europesays.com\/de\/1079496\/"},"modified":"2026-06-08T18:23:15","modified_gmt":"2026-06-08T18:23:15","slug":"musiker-wolfgang-niedecken-beklagt-vor-wm-ueberkommerzialisierung-des-fussballs","status":"publish","type":"post","link":"https:\/\/www.europesays.com\/de\/1079496\/","title":{"rendered":"Musiker Wolfgang Niedecken beklagt vor WM \u00dcberkommerzialisierung des Fu\u00dfballs &#8230;"},"content":{"rendered":"<p class=\"date\">08.06.2026 \u2013 19:09<\/p>\n<p class=\"customer\">\n                        <a class=\"story-customer\" title=\"weiter zum newsroom von K\u00f6lner Stadt-Anzeiger\" href=\"https:\/\/www.presseportal.de\/nr\/66749\" rel=\"nofollow noopener\" target=\"_blank\">K\u00f6lner Stadt-Anzeiger<\/a>\n                    <\/p>\n<p><a data-category=\"citylink-story-view\" data-action=\"click\" data-label=\"Citylink in Meldungsansicht\" class=\"story-city event-trigger\" href=\"https:\/\/www.presseportal.de\/regional\/K%F6ln\" title=\"News aus K\u00f6ln \" rel=\"nofollow noopener\" target=\"_blank\">K\u00f6ln<\/a> (ots)<\/p>\n<p>Vor dem Start der Weltmeisterschaft in Nordamerika macht sich der K\u00f6lner Musiker Wolfgang Niedecken Sorgen um den Fu\u00dfball: &#8222;Ich liebe Fu\u00dfball. Hier kommen Menschen zusammen und erleben etwas, was auch verbindend ist. Aber ich sehe die Gefahr, dass der Fu\u00dfball \u00fcberkommerzialisiert wird, wie es momentan in Amerika stattfindet. Es ist alles \u00fcberteuert bis dort hinaus&#8220;, sagte der Gr\u00fcnder und Frontmann der Band Bap bei einem Tal von &#8222;K\u00f6lner Stadt-Anzeiger&#8220; und &#8222;K\u00f6lnische Rundschau&#8220;. Das Publikum in den Stadien verkomme zu Statisten, &#8222;da das eigentliche Geld mit dem Fernsehen gemacht wird&#8220;, so der bekennende Fan des 1. FC K\u00f6ln. &#8222;Ich wei\u00df nicht, ob es irgendwann so weit ist, dass ich sage: Den ganzen Schei\u00df will ich nicht mehr mitmachen.&#8220; Fu\u00dfball sei ein Schatz. &#8222;Den darf man doch nicht aufs Spiel setzen mit diesen ganzen Infantinos&#8220;, sagte Niedecken.<\/p>\n<p class=\"contact-headline\">Pressekontakt:<\/p>\n<p class=\"contact-text\">K\u00f6lner Stadt-Anzeiger<br \/>Newsdesk<br \/>Telefon: 0221 224 2080<\/p>\n<p class=\"originator\">Original-Content von: K\u00f6lner Stadt-Anzeiger, \u00fcbermittelt durch news aktuell<\/p>\n","protected":false},"excerpt":{"rendered":"08.06.2026 \u2013 19:09 K\u00f6lner Stadt-Anzeiger K\u00f6ln (ots) Vor dem Start der Weltmeisterschaft in Nordamerika macht sich der K\u00f6lner&hellip;\n","protected":false},"author":2,"featured_media":386213,"comment_status":"","ping_status":"","sticky":false,"template":"","format":"standard","meta":{"footnotes":"","_share_on_mastodon":"0"},"categories":[1828],"tags":[29,30,1420,1209,16,178,180,179,181,21905],"class_list":["post-1079496","post","type-post","status-publish","format-standard","has-post-thumbnail","category-koeln","tag-deutschland","tag-germany","tag-koeln","tag-nordrhein-westfalen","tag-politik","tag-presse","tag-pressemeldung","tag-pressemitteilung","tag-pressemitteilungen","tag-presseschau"],"share_on_mastodon":{"url":"https:\/\/pubeurope.com\/@de\/116715887821483645","error":""},"_links":{"self":[{"href":"https:\/\/www.europesays.com\/de\/wp-json\/wp\/v2\/posts\/1079496","targetHints":{"allow":["GET"]}}],"collection":[{"href":"https:\/\/www.europesays.com\/de\/wp-json\/wp\/v2\/posts"}],"about":[{"href":"https:\/\/www.europesays.com\/de\/wp-json\/wp\/v2\/types\/post"}],"author":[{"embeddable":true,"href":"https:\/\/www.europesays.com\/de\/wp-json\/wp\/v2\/users\/2"}],"replies":[{"embeddable":true,"href":"https:\/\/www.europesays.com\/de\/wp-json\/wp\/v2\/comments?post=1079496"}],"version-history":[{"count":0,"href":"https:\/\/www.europesays.com\/de\/wp-json\/wp\/v2\/posts\/1079496\/revisions"}],"wp:featuredmedia":[{"embeddable":true,"href":"https:\/\/www.europesays.com\/de\/wp-json\/wp\/v2\/media\/386213"}],"wp:attachment":[{"href":"https:\/\/www.europesays.com\/de\/wp-json\/wp\/v2\/media?parent=1079496"}],"wp:term":[{"taxonomy":"category","embeddable":true,"href":"https:\/\/www.europesays.com\/de\/wp-json\/wp\/v2\/categories?post=1079496"},{"taxonomy":"post_tag","embeddable":true,"href":"https:\/\/www.europesays.com\/de\/wp-json\/wp\/v2\/tags?post=1079496"}],"curies":[{"name":"wp","href":"https:\/\/api.w.org\/{rel}","templated":true}]}}