{"id":1079568,"date":"2026-06-08T19:10:40","date_gmt":"2026-06-08T19:10:40","guid":{"rendered":"https:\/\/www.europesays.com\/de\/1079568\/"},"modified":"2026-06-08T19:10:40","modified_gmt":"2026-06-08T19:10:40","slug":"wuelfrather-orchesterverein-mallorca-party-gefeiert","status":"publish","type":"post","link":"https:\/\/www.europesays.com\/de\/1079568\/","title":{"rendered":"W\u00fclfrather Orchesterverein: Mallorca-Party gefeiert"},"content":{"rendered":"<p class=\"text_ohne_einzug richtext text-em-55 !leading-serif mx-6 desktop:mx-0\">Das Einzige, was sich der typische Malle-Urlauber normalerweise nass machen m\u00f6chte, sind die F\u00fc\u00dfe im Meer und die Kehle mit Sangria. Meer gab es nicht bei der ersten <a href=\"https:\/\/rp-online.de\/thema\/mallorca-party\/\" rel=\"nofollow noopener\" target=\"_blank\">Mallorca-Party<\/a> der Kalkst\u00e4dter, daf\u00fcr aber jede Menge Regen, der den Besuchern nicht nur die F\u00fc\u00dfe nass machte. Doch davon lie\u00dfen sich die W\u00fclfrather Mallorca-Urlauber f\u00fcr einen Abend nicht die gute Laune verderben. Denn alles, was menschenm\u00f6glich war, haben die Mitglieder des W\u00fclfrather Orchestervereins unternommen, um ihre Malle-Party zu einem kleinen Sommerurlaub werden zu lassen.<\/p>\n","protected":false},"excerpt":{"rendered":"Das Einzige, was sich der typische Malle-Urlauber normalerweise nass machen m\u00f6chte, sind die F\u00fc\u00dfe im Meer und die&hellip;\n","protected":false},"author":2,"featured_media":1079569,"comment_status":"","ping_status":"","sticky":false,"template":"","format":"standard","meta":{"footnotes":"","_share_on_mastodon":"0"},"categories":[1840],"tags":[3364,29,30,34881,229392,34883,63413,474,56076,1209,2450,94474,229391,18776,55154,4418],"class_list":["post-1079568","post","type-post","status-publish","format-standard","has-post-thumbnail","category-wuppertal","tag-de","tag-deutschland","tag-germany","tag-kalkstaedter","tag-kehle","tag-koester","tag-malle","tag-mallorca","tag-nass","tag-nordrhein-westfalen","tag-party","tag-partygaeste","tag-sangria","tag-sascha","tag-verraet","tag-wuppertal"],"share_on_mastodon":{"url":"https:\/\/pubeurope.com\/@de\/116716072389225853","error":""},"_links":{"self":[{"href":"https:\/\/www.europesays.com\/de\/wp-json\/wp\/v2\/posts\/1079568","targetHints":{"allow":["GET"]}}],"collection":[{"href":"https:\/\/www.europesays.com\/de\/wp-json\/wp\/v2\/posts"}],"about":[{"href":"https:\/\/www.europesays.com\/de\/wp-json\/wp\/v2\/types\/post"}],"author":[{"embeddable":true,"href":"https:\/\/www.europesays.com\/de\/wp-json\/wp\/v2\/users\/2"}],"replies":[{"embeddable":true,"href":"https:\/\/www.europesays.com\/de\/wp-json\/wp\/v2\/comments?post=1079568"}],"version-history":[{"count":0,"href":"https:\/\/www.europesays.com\/de\/wp-json\/wp\/v2\/posts\/1079568\/revisions"}],"wp:featuredmedia":[{"embeddable":true,"href":"https:\/\/www.europesays.com\/de\/wp-json\/wp\/v2\/media\/1079569"}],"wp:attachment":[{"href":"https:\/\/www.europesays.com\/de\/wp-json\/wp\/v2\/media?parent=1079568"}],"wp:term":[{"taxonomy":"category","embeddable":true,"href":"https:\/\/www.europesays.com\/de\/wp-json\/wp\/v2\/categories?post=1079568"},{"taxonomy":"post_tag","embeddable":true,"href":"https:\/\/www.europesays.com\/de\/wp-json\/wp\/v2\/tags?post=1079568"}],"curies":[{"name":"wp","href":"https:\/\/api.w.org\/{rel}","templated":true}]}}