{"id":1079640,"date":"2026-06-08T19:50:38","date_gmt":"2026-06-08T19:50:38","guid":{"rendered":"https:\/\/www.europesays.com\/de\/1079640\/"},"modified":"2026-06-08T19:50:38","modified_gmt":"2026-06-08T19:50:38","slug":"koeln-drueckt-den-preis-und-sichert-sich-diesen-city-innenverteidiger","status":"publish","type":"post","link":"https:\/\/www.europesays.com\/de\/1079640\/","title":{"rendered":"K\u00f6ln dr\u00fcckt den Preis und sichert sich diesen City-Innenverteidiger"},"content":{"rendered":"<p>Celtic-Leihe geplatzt und K\u00f6ln profitiert<\/p>\n<p>Wie der kicker berichtet, haben die K\u00f6lner Verantwortlichen in den Verhandlungen mit <a href=\"https:\/\/www.fussballdaten.de\/vereine\/manchester-city\/\" target=\"_blank\" rel=\"nofollow noopener\">Manchester City<\/a> eine Einigung erzielt, die deutlich unter der urspr\u00fcnglichen Kaufoption liegt. Simpson-Pusey war im Januar 2026 auf Leihbasis zum Effzeh gekommen, nachdem seine Leihe beim schottischen Erstligisten Celtic Glasgow vorzeitig aufgel\u00f6st worden war.<\/p>\n<p class=\"mb20 mt30\">Beim schottischen Rekordmeister hatte er lediglich eine Ligapartie absolviert. Beim <a href=\"https:\/\/www.fussballdaten.de\/vereine\/1-fc-koeln\/\" target=\"_blank\" rel=\"nofollow noopener\">1. FC K\u00f6ln<\/a> hingegen empfahl er sich in elf Eins\u00e4tzen f\u00fcr einen Verbleib und \u00fcberzeugte die Vereinsverantwortlichen so sehr, dass die feste Verpflichtung nun kurz bevorsteht.<\/p>\n<p>Spielerprofil mit City-DNA und Ramos als Vorbild<\/p>\n<p class=\"mb20 mt30\"><a href=\"https:\/\/www.fussballdaten.de\/person\/jahmal-simpson-pussey\/\" target=\"_blank\" rel=\"nofollow noopener\">Simpson-Pusey<\/a> gilt als spielstarker Innenverteidiger mit ruhigem Aufbaus und hoher Zweikampfbereitschaft. Als Vorbild nannte der 20-J\u00e4hrige einst Sergio Ramos. Sein aktueller Marktwert liegt bei knapp vier Millionen Euro, was den kolportierten Preis f\u00fcr K\u00f6ln als gute Investition erscheinen l\u00e4sst.<\/p>\n<p class=\"mb20 mt30\">Ob Manchester City bei einem sp\u00e4teren Weiterverkauf eine Beteiligung eingebaut hat, ist nicht bekannt. F\u00fcr den 1. FC K\u00f6ln w\u00e4re die Verpflichtung nach den Abg\u00e4ngen in der Hintermannschaft eine gute Verst\u00e4rkung f\u00fcr die Bundesliga-Saison 2026\/27.<\/p>\n","protected":false},"excerpt":{"rendered":"Celtic-Leihe geplatzt und K\u00f6ln profitiert Wie der kicker berichtet, haben die K\u00f6lner Verantwortlichen in den Verhandlungen mit Manchester&hellip;\n","protected":false},"author":2,"featured_media":1079641,"comment_status":"","ping_status":"","sticky":false,"template":"","format":"standard","meta":{"footnotes":"","_share_on_mastodon":"0"},"categories":[1828],"tags":[299,229400,29,25544,119903,7847,347,30,1420,1209,828,25963,113818],"class_list":["post-1079640","post","type-post","status-publish","format-standard","has-post-thumbnail","category-koeln","tag-bundesliga","tag-city-innenverteidiger","tag-deutschland","tag-diesen","tag-druckt","tag-football","tag-fussball","tag-germany","tag-koeln","tag-nordrhein-westfalen","tag-preis","tag-sich","tag-sichert"],"share_on_mastodon":{"url":"https:\/\/pubeurope.com\/@de\/116716229723298753","error":""},"_links":{"self":[{"href":"https:\/\/www.europesays.com\/de\/wp-json\/wp\/v2\/posts\/1079640","targetHints":{"allow":["GET"]}}],"collection":[{"href":"https:\/\/www.europesays.com\/de\/wp-json\/wp\/v2\/posts"}],"about":[{"href":"https:\/\/www.europesays.com\/de\/wp-json\/wp\/v2\/types\/post"}],"author":[{"embeddable":true,"href":"https:\/\/www.europesays.com\/de\/wp-json\/wp\/v2\/users\/2"}],"replies":[{"embeddable":true,"href":"https:\/\/www.europesays.com\/de\/wp-json\/wp\/v2\/comments?post=1079640"}],"version-history":[{"count":0,"href":"https:\/\/www.europesays.com\/de\/wp-json\/wp\/v2\/posts\/1079640\/revisions"}],"wp:featuredmedia":[{"embeddable":true,"href":"https:\/\/www.europesays.com\/de\/wp-json\/wp\/v2\/media\/1079641"}],"wp:attachment":[{"href":"https:\/\/www.europesays.com\/de\/wp-json\/wp\/v2\/media?parent=1079640"}],"wp:term":[{"taxonomy":"category","embeddable":true,"href":"https:\/\/www.europesays.com\/de\/wp-json\/wp\/v2\/categories?post=1079640"},{"taxonomy":"post_tag","embeddable":true,"href":"https:\/\/www.europesays.com\/de\/wp-json\/wp\/v2\/tags?post=1079640"}],"curies":[{"name":"wp","href":"https:\/\/api.w.org\/{rel}","templated":true}]}}