{"id":1079695,"date":"2026-06-08T20:23:18","date_gmt":"2026-06-08T20:23:18","guid":{"rendered":"https:\/\/www.europesays.com\/de\/1079695\/"},"modified":"2026-06-08T20:23:18","modified_gmt":"2026-06-08T20:23:18","slug":"gladbach-neue-chef-rolle-fuer-jens-castrop-fussball","status":"publish","type":"post","link":"https:\/\/www.europesays.com\/de\/1079695\/","title":{"rendered":"Gladbach: Neue Chef-Rolle f\u00fcr Jens Castrop | Fu\u00dfball"},"content":{"rendered":"<p><a class=\"skip-content skip-content--link\" href=\"#in-content-skip-link-target-v-0-0\">TTS-Player \u00fcberspringen\u21b5<\/a><a id=\"in-content-skip-link-target-v-0-0\" class=\"skip-content--target-link-hidden skip-content skip-content--target-link\" href=\"#in-content-skip-link-target-v-0-0\">Artikel weiterlesen<\/a><\/p>\n<p><b>Die gro\u00dfen Emotionen blieben aus. \u00dcber den letzten Spieltag lag Rocco Reitz (24) wegen eines schweren Infekts im Krankenhaus. Eigentlich h\u00e4tte er rund um das 4:0 gegen Hoffenheim offiziell bei Borussia M\u00f6nchengladbach verabschiedet werden sollen \u2013 dies soll kommende Saison nachgeholt werden. Reitz wechselt nach 17 Jahren Vereinszugeh\u00f6rigkeit f\u00fcr \u00fcber 20 Mio. Euro zu Liga-Konkurrent Leipzig.<\/b><\/p>\n<p>Die gro\u00dfe Reitz-Baustelle hat Gladbach fr\u00fchzeitig geschlossen. Der Plan f\u00fcr die Nachfolge steht: Jens Castrop (22) soll zum neuen Mittelfeld-Chef aufgebaut werden. Den D\u00fcsseldorfer hatte Ex-Boss Roland Virkus (59) bereits vergangenen Sommer vorsorglich f\u00fcr 4,5 Mio. Euro vom 1. FC N\u00fcrnberg verpflichtet. Klub und Spielerseite f\u00fchrten in den vergangenen Wochen viele Gespr\u00e4che, sind sich einig dar\u00fcber, dass Castrop jetzt eine noch tragendere Rolle einnehmen soll. Seinen Marktwert steigerte er mit drei Saisontreffern und einer Vorlage zuletzt von sechs auf zehn Millionen Euro.<\/p>\n<p>Der Profi selbst erkl\u00e4rt in SPORT BILD: \u201eMein Ziel ist es, noch deutlich mehr Verantwortung zu \u00fcbernehmen.\u201c<\/p>\n<p>Dies betrifft zum einen die Position: Vergangene Spielzeit wurde Castrop hin- und hergeschoben, spielte im zentralen und offensiven Mittelfeld, auf beiden Au\u00dfenpositionen im Mittelfeld sowie als rechter und linker Schienenspieler. Langfristig soll er zur zentralen Figur werden. Castrop: \u201eAktuell f\u00fchle ich mich ganz wohl auf der Seite. Ich warte ab, was der Coach in Zukunft plant. Ich glaube, langfristig liegt mir die Position im Mittelfeld noch etwas besser, weil ich dort am meisten Einfluss nehmen kann.\u201c<\/p>\n<p><img decoding=\"async\" width=\"992\" height=\"558\" alt=\"Castrop tritt mit S\u00fcdkorea bei der WM an\" src=\"https:\/\/www.europesays.com\/de\/wp-content\/uploads\/2026\/06\/b6d3fcd31c144d1d888137e643d84d9b,1b3e0d06.jpeg\"   class=\"landscape\" loading=\"lazy\"\/><\/p>\n<p class=\"fig__caption__text\">Castrop tritt mit S\u00fcdkorea bei der WM an<\/p>\n<p>Foto: IMAGN IMAGES via Reuters Connect<\/p>\n<p>Zum anderen geht es um seine F\u00fchrungsrolle in der Kabine. Das Thema Verantwortung sch\u00e4rfte ihm bereits Ex-Trainer Miroslav Klose (48) in N\u00fcrnberg ein. Er und Reitz verk\u00f6rpern \u00e4hnliche Werte: Flei\u00df, Aggressivit\u00e4t, Bissigkeit. Castrop: \u201eWir stecken oft die K\u00f6pfe zusammen und sind \u00e4hnlicher Meinung.\u201c \u00dcber seinen F\u00fchrungsstil sagt er: \u201eTeilweise sind wir eine sehr liebe Mannschaft. Wir brauchen vielleicht den einen oder anderen Spieler mehr, der die anderen auch in schlechten Phasen mal mitziehen kann. Das ist eine Rolle, die ich k\u00fcnftig gerne mehr einnehmen w\u00fcrde. Ich selbst ziehe aus R\u00fcckschl\u00e4gen die gr\u00f6\u00dfte Kraft. Und wenn jemand im Training vielleicht mal etwas Larifari macht, dann sage ich auch klar meine Meinung.\u201c<\/p>\n<p>Um die Reitz-Nachfolge auf mehrere Schultern zu verlagern und den Konkurrenzkampf hochzuhalten, holte Sport-Boss Rouven Schr\u00f6der (50) mit Hannover-\u00adKapit\u00e4n Enzo Leopold (25\/abl\u00f6sefrei) zudem einen weiteren Zentrumsspieler mit Leader-Qualit\u00e4ten.<\/p>\n<p>Sein neues Standing kann Castrop auch \u00fcber die WM-Teilnahme mit S\u00fcdkorea (seine Mutter ist S\u00fcdkoreanerin) unterstreichen: \u201eUnser Anspruch ist es, mindestens die K.o.-Phase zu erreichen.\u201c<\/p>\n","protected":false},"excerpt":{"rendered":"TTS-Player \u00fcberspringen\u21b5Artikel weiterlesen Die gro\u00dfen Emotionen blieben aus. \u00dcber den letzten Spieltag lag Rocco Reitz (24) wegen eines&hellip;\n","protected":false},"author":2,"featured_media":1079696,"comment_status":"","ping_status":"","sticky":false,"template":"","format":"standard","meta":{"footnotes":"","_share_on_mastodon":"0"},"categories":[1849],"tags":[815,3364,29,538,548,663,3934,30,13,5133,4455,14,15,1209,18893,12,817,819,10735],"class_list":["post-1079695","post","type-post","status-publish","format-standard","has-post-thumbnail","category-moenchengladbach","tag-borussia-moenchengladbach","tag-de","tag-deutschland","tag-erste-bundesliga","tag-eu","tag-europa","tag-europe","tag-germany","tag-headlines","tag-hueber-yannick","tag-moenchengladbach","tag-nachrichten","tag-news","tag-nordrhein-westfalen","tag-reitz-rocco","tag-schlagzeilen","tag-seoane-gerardo","tag-sport-leuchtturm-essen","tag-virkus-roland"],"share_on_mastodon":{"url":"https:\/\/pubeurope.com\/@de\/116716359473406063","error":""},"_links":{"self":[{"href":"https:\/\/www.europesays.com\/de\/wp-json\/wp\/v2\/posts\/1079695","targetHints":{"allow":["GET"]}}],"collection":[{"href":"https:\/\/www.europesays.com\/de\/wp-json\/wp\/v2\/posts"}],"about":[{"href":"https:\/\/www.europesays.com\/de\/wp-json\/wp\/v2\/types\/post"}],"author":[{"embeddable":true,"href":"https:\/\/www.europesays.com\/de\/wp-json\/wp\/v2\/users\/2"}],"replies":[{"embeddable":true,"href":"https:\/\/www.europesays.com\/de\/wp-json\/wp\/v2\/comments?post=1079695"}],"version-history":[{"count":0,"href":"https:\/\/www.europesays.com\/de\/wp-json\/wp\/v2\/posts\/1079695\/revisions"}],"wp:featuredmedia":[{"embeddable":true,"href":"https:\/\/www.europesays.com\/de\/wp-json\/wp\/v2\/media\/1079696"}],"wp:attachment":[{"href":"https:\/\/www.europesays.com\/de\/wp-json\/wp\/v2\/media?parent=1079695"}],"wp:term":[{"taxonomy":"category","embeddable":true,"href":"https:\/\/www.europesays.com\/de\/wp-json\/wp\/v2\/categories?post=1079695"},{"taxonomy":"post_tag","embeddable":true,"href":"https:\/\/www.europesays.com\/de\/wp-json\/wp\/v2\/tags?post=1079695"}],"curies":[{"name":"wp","href":"https:\/\/api.w.org\/{rel}","templated":true}]}}