{"id":1079828,"date":"2026-06-08T21:38:13","date_gmt":"2026-06-08T21:38:13","guid":{"rendered":"https:\/\/www.europesays.com\/de\/1079828\/"},"modified":"2026-06-08T21:38:13","modified_gmt":"2026-06-08T21:38:13","slug":"finanzminister-in-der-ard-arena-was-brachte-klingbeil-so-sehr-ins-schwitzen-politik","status":"publish","type":"post","link":"https:\/\/www.europesays.com\/de\/1079828\/","title":{"rendered":"Finanzminister in der ARD-Arena: Was brachte Klingbeil so sehr ins Schwitzen? | Politik"},"content":{"rendered":"<p><a class=\"skip-content skip-content--link\" href=\"#in-content-skip-link-target-v-0-0\">TTS-Player \u00fcberspringen\u21b5<\/a><a id=\"in-content-skip-link-target-v-0-0\" class=\"skip-content--target-link-hidden skip-content skip-content--target-link\" href=\"#in-content-skip-link-target-v-0-0\">Artikel weiterlesen<\/a><\/p>\n<p data-83f060b9=\"0-2205\">Berlin \u2013 <b>Bundesfinanzminister Lars Klingbeil (48, SPD) beantwortet in der ARD-Arena B\u00fcrgerfragen \u2013 und k\u00e4mpft sichtlich mit der Hitze im Studio. Der Schwei\u00df rinnt ihm \u00fcber die Stirn, tropft von den Ohren auf das Sakko. Immer wieder wischt sich Klingbeil den Schwei\u00df aus dem Gesicht. \u201eVerdammt hei\u00df hier\u201c, sagt Moderatorin Jessy Wellmer (45) w\u00e4hrend der Sendung. Hat die ARD etwa vergessen, die Klimaanlage anzustellen? <\/b><\/p>\n<p data-83f060b9=\"0-2205\">Co-Moderator Louis Klamroth (35) sagt am Ende fast entschuldigend: \u201eWir schalten aus diesem hei\u00dfen Studio zu den Tagesthemen.\u201c Klingbeil l\u00e4chelt erleichtert, den Saunagang im Berliner ARD-Studio \u00fcber die B\u00fchne gebracht zu haben.<\/p>\n<p data-83f060b9=\"0-2205\">Auch inhaltlich ging es zur Sache: B\u00fcrger konnten Klingbeil Fragen zu hitzigen Themen wie Migration, <a href=\"https:\/\/www.bild.de\/themen\/specials\/wohnen\/immobilien-haus-garten-news-fotos-videos-18957382.bild.html\" class=\"text-link\" rel=\"nofollow noopener\" target=\"_blank\">Wohnen<\/a>, Rente, und L\u00f6hne stellen. Themen, die Millionen direkt betreffen. Klingbeil spricht von Herausforderungen, r\u00e4umt Probleme ein. Dabei warnt er aber stets davor, das Land schlechtzureden, und bem\u00fcht sich um Zuversicht. Doch die Antworten sind oft vage.<\/p>\n<p>Seitenhieb auf die Auto-Industrie<\/p>\n<p data-83f060b9=\"0-2205\">Eine Zuschauerin meldet sich zu Wort. Sie fragt nach der Behauptung von Arbeitsministerin B\u00e4rbel Bas (58, <a href=\"https:\/\/www.bild.de\/politik\/inland\/spd\/spd-alle-infos-76661710.bild.html\" class=\"text-link\" rel=\"nofollow noopener\" target=\"_blank\">SPD<\/a>), dass es keine Einwanderung ins Sozialsystem gibt: \u201eAlle B\u00fcrgermeister erz\u00e4hlen etwas anders.\u201c <a href=\"https:\/\/www.bild.de\/politik\/leute\/lars-klingbeil\/thema-lars-klingbeil-alle-infos-80020022.bild.html\" class=\"text-link\" rel=\"nofollow noopener\" target=\"_blank\">Klingbeil<\/a> nimmt seine Parteifreundin in Schutz: \u201e<a href=\"https:\/\/www.bild.de\/themen\/personen\/baerbel-bas-aktuelle-news-und-infos-a3eCB9cymNRCK7qdgfmv\" class=\"text-link\" rel=\"nofollow noopener\" target=\"_blank\">B\u00e4rbel Bas<\/a> kommt aus Duisburg\u201c und wisse, dass es Missbrauch der Sozialsysteme gibt. Er r\u00e4umt ein, dass es st\u00e4rkere Initiativen gegen Schwarzarbeit geben muss.<\/p>\n<p><img decoding=\"async\" width=\"992\" height=\"558\" alt=\"Die Zuschauer in der Arena nehmen Lars Klingbeil in den Schwitzkasten\" src=\"https:\/\/www.europesays.com\/de\/wp-content\/uploads\/2026\/06\/86120c42ea31a2420827fda22162f87b,fc00624e.jpeg\"   class=\"landscape\" loading=\"lazy\"\/><\/p>\n<p class=\"fig__caption__text\">Die Zuschauer in der Arena nehmen Lars Klingbeil in den Schwitzkasten<\/p>\n<p>Foto: Annette Riedl\/dpa<\/p>\n<p data-83f060b9=\"0-2205\">Auf die Frage, warum die Wirtschaft in der Dauerkrise stecke, f\u00fchrt Klingbeil an: Es komme viel zusammen. Die deutsche Erfolgsformel (Billig-Gas aus Russland, Exporte nach China und die USA zahlen die Sicherheit) habe sich in Luft aufgel\u00f6st. Dazu Krisen wie der Iran-Krieg. Auch eine Wirtschafts-Watschen hat Klingbeil parat: \u201eIch k\u00f6nnte jetzt fragen, warum die Automobilindustrie nicht viel fr\u00fcher auf Elektromobilit\u00e4t gesetzt hat \u2013 aber das w\u00fcrde uns nicht weiterbringen.\u201c <\/p>\n<p data-83f060b9=\"0-2205\">Ein Zuschauer aus Chemnitz fordert, die <a href=\"https:\/\/www.bild.de\/news\/ausland\/ukraine\/thema-ukraine-alle-infos-80028690.bild.html\" class=\"text-link\" rel=\"nofollow noopener\" target=\"_blank\">Ukraine<\/a> nicht l\u00e4nger zu unterst\u00fctzen. Trotz der Hitze im Studio zeigt Klingbeil jetzt Kante. \u201eDa bin ich nicht bei ihnen. Es gibt nur einen, der ist der Kriegstreiber. Ich finde, so deutlich muss man das auch benennen.\u201c<\/p>\n","protected":false},"excerpt":{"rendered":"TTS-Player \u00fcberspringen\u21b5Artikel weiterlesen Berlin \u2013 Bundesfinanzminister Lars Klingbeil (48, SPD) beantwortet in der ARD-Arena B\u00fcrgerfragen \u2013 und k\u00e4mpft&hellip;\n","protected":false},"author":2,"featured_media":1079829,"comment_status":"","ping_status":"","sticky":false,"template":"","format":"standard","meta":{"footnotes":"","_share_on_mastodon":"0"},"categories":[2],"tags":[72389,31,29,30,13,2388,32,14,15,12,184,138370,10,8,9,11],"class_list":["post-1079828","post","type-post","status-publish","format-standard","has-post-thumbnail","category-deutschland","tag-bas-baerbel","tag-cdu","tag-deutschland","tag-germany","tag-headlines","tag-klingbeil-lars","tag-merz-friedrich","tag-nachrichten","tag-news","tag-schlagzeilen","tag-spd","tag-team-first","tag-top-news","tag-top-meldungen","tag-topmeldungen","tag-topnews"],"share_on_mastodon":{"url":"https:\/\/pubeurope.com\/@de\/116716654528186376","error":""},"_links":{"self":[{"href":"https:\/\/www.europesays.com\/de\/wp-json\/wp\/v2\/posts\/1079828","targetHints":{"allow":["GET"]}}],"collection":[{"href":"https:\/\/www.europesays.com\/de\/wp-json\/wp\/v2\/posts"}],"about":[{"href":"https:\/\/www.europesays.com\/de\/wp-json\/wp\/v2\/types\/post"}],"author":[{"embeddable":true,"href":"https:\/\/www.europesays.com\/de\/wp-json\/wp\/v2\/users\/2"}],"replies":[{"embeddable":true,"href":"https:\/\/www.europesays.com\/de\/wp-json\/wp\/v2\/comments?post=1079828"}],"version-history":[{"count":0,"href":"https:\/\/www.europesays.com\/de\/wp-json\/wp\/v2\/posts\/1079828\/revisions"}],"wp:featuredmedia":[{"embeddable":true,"href":"https:\/\/www.europesays.com\/de\/wp-json\/wp\/v2\/media\/1079829"}],"wp:attachment":[{"href":"https:\/\/www.europesays.com\/de\/wp-json\/wp\/v2\/media?parent=1079828"}],"wp:term":[{"taxonomy":"category","embeddable":true,"href":"https:\/\/www.europesays.com\/de\/wp-json\/wp\/v2\/categories?post=1079828"},{"taxonomy":"post_tag","embeddable":true,"href":"https:\/\/www.europesays.com\/de\/wp-json\/wp\/v2\/tags?post=1079828"}],"curies":[{"name":"wp","href":"https:\/\/api.w.org\/{rel}","templated":true}]}}