{"id":1079830,"date":"2026-06-08T21:39:19","date_gmt":"2026-06-08T21:39:19","guid":{"rendered":"https:\/\/www.europesays.com\/de\/1079830\/"},"modified":"2026-06-08T21:39:19","modified_gmt":"2026-06-08T21:39:19","slug":"wwdc-2026-das-sind-die-neuheiten-von-apple","status":"publish","type":"post","link":"https:\/\/www.europesays.com\/de\/1079830\/","title":{"rendered":"WWDC 2026: Das sind die Neuheiten von Apple"},"content":{"rendered":"<p>\n                        Seit Jahren verspricht Apple eine bessere Siri \u2013 und liefert sie nicht. Jetzt sollen die neuen KI-Funktionen f\u00fcr iPhones, iPads und Macs endlich kommen. Wird das was?\n                    <\/p>\n<p>        8. Juni 2026, 19:35 Uhr\n    <\/p>\n<p>            <a class=\"z-text-button\" href=\"#comments\" title=\"Kommentare anzeigen\" data-ct-row=\"comments\" data-ct-column=\"false\"><\/p>\n<p>            13 Kommentare<br \/>\n        <\/a><\/p>\n<p>Zusammenfassen<\/p>\n<p>                Schlie\u00dfen<br \/>\n                Artikelzusammenfassung<\/p>\n<p>Apple pr\u00e4sentiert auf der WWDC die neue Siri AI, die als KI-Chatbot fungiert und mehr Funktionalit\u00e4ten bietet. Die Europ\u00e4ische Union blockiert vorerst die Ver\u00f6ffentlichung auf iPhones aufgrund des Digital Markets Act. Apple betont Datenschutz und Eigenst\u00e4ndigkeit in der KI-Entwicklung im Vergleich zur Konkurrenz. Neben Siri AI f\u00fchrt Apple auch KI-Updates in der Fotos-App ein und verbessert Kinderschutzfunktionen. Kleine Optimierungen in allen Betriebssystemen runden die Ank\u00fcndigungen ab, darunter ein Equalizer f\u00fcr AirPods und verbesserte Funktionen in Safari.<\/p>\n<p>                Diese Zusammenfassung wurde mithilfe von K\u00fcnstlicher Intelligenz erstellt. Vereinzelt kann es dabei zu Fehlern kommen.<\/p>\n<p class=\"summy__feedback-paragraph\">Fanden Sie die Zusammenfassung hilfreich? <\/p>\n<p>                        Gef\u00e4llt mir<\/p>\n<p>                        Gef\u00e4llt mir<\/p>\n<p>                        Gef\u00e4llt mir nicht<\/p>\n<p>                        Gef\u00e4llt mir nicht<\/p>\n<p>                        Send<\/p>\n<p>            <img decoding=\"async\" class=\"article__media-item\" src=\"https:\/\/www.europesays.com\/de\/wp-content\/uploads\/2026\/06\/1780954759_102_wide__1000x562.jpeg\" alt=\"WWDC 2026: Apples Entwicklerkonferenz WWDC findet im Hauptsitz des Konzerns im kalifornischen Cupertino statt.\"\/><\/p>\n<p>                    Apples Entwicklerkonferenz WWDC findet im Hauptsitz des Konzerns im kalifornischen Cupertino statt.<br \/>\n            \u00a9\u00a0Carlos Barria\/\u200bReuters<\/p>\n<p class=\"paragraph\">Jetzt aber wirklich: Nachdem <a class=\"rtr-entity\" href=\"https:\/\/www.zeit.de\/thema\/apple\" rel=\"nofollow noopener\" target=\"_blank\">Apple<\/a> erstmals im Jahr 2024 eine pers\u00f6nlichere Version der Sprachassistentin Siri vorgestellt hat, soll diese nun zwei Jahre sp\u00e4ter auch tats\u00e4chlich ver\u00f6ffentlicht werden. Was sie k\u00f6nnen und wie sie funktionieren soll, hat Apple am Montagabend zu Beginn seiner j\u00e4hrlichen Entwicklerkonferenz WWDC vorgestellt, in einer Pr\u00e4sentation in der Firmenzentrale im kalifornischen Cupertino und im Livestream.\n<\/p>\n<p class=\"paragraph\">Die neue Siri ist die zentrale Schaltstelle f\u00fcr mehrere Funktionen, die auf k\u00fcnstlicher Intelligenz (KI) basieren. Das Unternehmen b\u00fcndelt sie unter dem Namen \u00bbApple Intelligence\u00ab. Dass einige davon mehrfach verschoben wurden und <a href=\"https:\/\/www.reuters.com\/legal\/litigation\/apple-settles-lawsuit-over-late-siri-ai-features-250-million-2026-05-05\/\" target=\"_blank\" rel=\"nofollow noopener\">Apple deswegen sogar wegen falscher Versprechen verklagt wurde<\/a>, wird oft als ein vorl\u00e4ufiges Scheitern Apples im KI-Rennen der Techkonzerne verstanden. Entsprechend gro\u00dfer Druck liegt auf den Ank\u00fcndigungen von Montag.<\/p>\n","protected":false},"excerpt":{"rendered":"Seit Jahren verspricht Apple eine bessere Siri \u2013 und liefert sie nicht. Jetzt sollen die neuen KI-Funktionen f\u00fcr&hellip;\n","protected":false},"author":2,"featured_media":1079831,"comment_status":"","ping_status":"","sticky":false,"template":"","format":"standard","meta":{"footnotes":"","_share_on_mastodon":"0"},"categories":[5],"tags":[231,5680,11172,13,10103,5553,1256,14,15,12,4585,10,8,9,11,229421],"class_list":["post-1079830","post","type-post","status-publish","format-standard","has-post-thumbnail","category-nachrichten","tag-apple","tag-digital","tag-hardware","tag-headlines","tag-ipad","tag-iphone","tag-kuenstliche-intelligenz","tag-nachrichten","tag-news","tag-schlagzeilen","tag-software","tag-top-news","tag-top-meldungen","tag-topmeldungen","tag-topnews","tag-wwdc-2026"],"share_on_mastodon":{"url":"https:\/\/pubeurope.com\/@de\/116716658387342565","error":""},"_links":{"self":[{"href":"https:\/\/www.europesays.com\/de\/wp-json\/wp\/v2\/posts\/1079830","targetHints":{"allow":["GET"]}}],"collection":[{"href":"https:\/\/www.europesays.com\/de\/wp-json\/wp\/v2\/posts"}],"about":[{"href":"https:\/\/www.europesays.com\/de\/wp-json\/wp\/v2\/types\/post"}],"author":[{"embeddable":true,"href":"https:\/\/www.europesays.com\/de\/wp-json\/wp\/v2\/users\/2"}],"replies":[{"embeddable":true,"href":"https:\/\/www.europesays.com\/de\/wp-json\/wp\/v2\/comments?post=1079830"}],"version-history":[{"count":0,"href":"https:\/\/www.europesays.com\/de\/wp-json\/wp\/v2\/posts\/1079830\/revisions"}],"wp:featuredmedia":[{"embeddable":true,"href":"https:\/\/www.europesays.com\/de\/wp-json\/wp\/v2\/media\/1079831"}],"wp:attachment":[{"href":"https:\/\/www.europesays.com\/de\/wp-json\/wp\/v2\/media?parent=1079830"}],"wp:term":[{"taxonomy":"category","embeddable":true,"href":"https:\/\/www.europesays.com\/de\/wp-json\/wp\/v2\/categories?post=1079830"},{"taxonomy":"post_tag","embeddable":true,"href":"https:\/\/www.europesays.com\/de\/wp-json\/wp\/v2\/tags?post=1079830"}],"curies":[{"name":"wp","href":"https:\/\/api.w.org\/{rel}","templated":true}]}}