{"id":1079848,"date":"2026-06-08T21:49:30","date_gmt":"2026-06-08T21:49:30","guid":{"rendered":"https:\/\/www.europesays.com\/de\/1079848\/"},"modified":"2026-06-08T21:49:30","modified_gmt":"2026-06-08T21:49:30","slug":"flugzeugabsturz-keine-hinweise-auf-erkrankungen-der-piloten-limburgerhof","status":"publish","type":"post","link":"https:\/\/www.europesays.com\/de\/1079848\/","title":{"rendered":"Flugzeugabsturz: Keine Hinweise auf Erkrankungen der Piloten &#8211; Limburgerhof"},"content":{"rendered":"<p><b>\u201eTod durch Polytrauma\u201c \u2013 so lautet das Obduktionsergebnis der beiden Insassen des Flugzeugs, das am 16. Mai in <a class=\"rtr-entity\" data-rtr-entity=\"Limburgerhof\" data-rtr-id=\"373bcac973b190f93c398e9f43c74bd69eadc723\" data-rtr-score=\"41.401230348598766\" data-rtr-etype=\"location\" data-rtr-index=\"6\" href=\"https:\/\/www.rheinpfalz.de\/themen\/limburgerhof\" rel=\"nofollow noopener\" target=\"_blank\">Limburgerhof<\/a> abgest\u00fcrzt ist. <\/b><\/p>\n<p>Das teilen Polizei und Staatsanwaltschaft in einer gemeinsamen Pressemitteilung mit. Demnach waren mehrere Verletzungen infolge des Absturzes aus etwa 3000 Metern H\u00f6he die Todesursache der beiden Piloten. \u201eHinweise auf Erkrankungen oder \u00c4hnliches, welche zum Absturz des Flugzeuges gef\u00fchrt haben k\u00f6nnten, liegen nicht vor\u201c, informiert die Frankenthaler Oberstaatsanw\u00e4ltin Doris Brehmeier-Metz.<\/p>\n<p>Bei den Toten handelt es sich um den 66-j\u00e4hrigen Rainer Salfeld und seinen langj\u00e4hrigen Wegbegleiter<\/p>\n<p>\u201eTod durch Polytrauma\u201c \u2013 so lautet das Obduktionsergebnis der beiden Insassen des Flugzeugs, das am 16. Mai in Limburgerhof abgest\u00fcrzt ist.<br \/>\nDas teilen Polizei und Staatsanwaltschaft in einer gemeinsamen Pressemitteilung mit.<\/p>\n","protected":false},"excerpt":{"rendered":"\u201eTod durch Polytrauma\u201c \u2013 so lautet das Obduktionsergebnis der beiden Insassen des Flugzeugs, das am 16. Mai in&hellip;\n","protected":false},"author":2,"featured_media":1079849,"comment_status":"","ping_status":"","sticky":false,"template":"","format":"standard","meta":{"footnotes":"","_share_on_mastodon":"0"},"categories":[1845],"tags":[1634,3364,29,548,663,3934,30,13,50643,4060,2096,14,15,121,12,1997],"class_list":["post-1079848","post","type-post","status-publish","format-standard","has-post-thumbnail","category-mannheim","tag-baden-wuerttemberg","tag-de","tag-deutschland","tag-eu","tag-europa","tag-europe","tag-germany","tag-headlines","tag-limburgerhof","tag-lokal","tag-mannheim","tag-nachrichten","tag-news","tag-polizei","tag-schlagzeilen","tag-staatsanwaltschaft"],"share_on_mastodon":{"url":"https:\/\/pubeurope.com\/@de\/116716697652586735","error":""},"_links":{"self":[{"href":"https:\/\/www.europesays.com\/de\/wp-json\/wp\/v2\/posts\/1079848","targetHints":{"allow":["GET"]}}],"collection":[{"href":"https:\/\/www.europesays.com\/de\/wp-json\/wp\/v2\/posts"}],"about":[{"href":"https:\/\/www.europesays.com\/de\/wp-json\/wp\/v2\/types\/post"}],"author":[{"embeddable":true,"href":"https:\/\/www.europesays.com\/de\/wp-json\/wp\/v2\/users\/2"}],"replies":[{"embeddable":true,"href":"https:\/\/www.europesays.com\/de\/wp-json\/wp\/v2\/comments?post=1079848"}],"version-history":[{"count":0,"href":"https:\/\/www.europesays.com\/de\/wp-json\/wp\/v2\/posts\/1079848\/revisions"}],"wp:featuredmedia":[{"embeddable":true,"href":"https:\/\/www.europesays.com\/de\/wp-json\/wp\/v2\/media\/1079849"}],"wp:attachment":[{"href":"https:\/\/www.europesays.com\/de\/wp-json\/wp\/v2\/media?parent=1079848"}],"wp:term":[{"taxonomy":"category","embeddable":true,"href":"https:\/\/www.europesays.com\/de\/wp-json\/wp\/v2\/categories?post=1079848"},{"taxonomy":"post_tag","embeddable":true,"href":"https:\/\/www.europesays.com\/de\/wp-json\/wp\/v2\/tags?post=1079848"}],"curies":[{"name":"wp","href":"https:\/\/api.w.org\/{rel}","templated":true}]}}