{"id":1079899,"date":"2026-06-08T22:19:28","date_gmt":"2026-06-08T22:19:28","guid":{"rendered":"https:\/\/www.europesays.com\/de\/1079899\/"},"modified":"2026-06-08T22:19:28","modified_gmt":"2026-06-08T22:19:28","slug":"zisternen-projekt-in-hannover-anlieger-sollen-fuer-schaeden-zahlen","status":"publish","type":"post","link":"https:\/\/www.europesays.com\/de\/1079899\/","title":{"rendered":"Zisternen-Projekt in Hannover: Anlieger sollen f\u00fcr Sch\u00e4den zahlen"},"content":{"rendered":"<p>\n                Stand: 08.06.2026 20:27 Uhr<\/p>\n<p class=\"preface\">In Hannovers Innenstadt sollte eine Zisterne f\u00fcr Regenwasser entstehen. Bei den Bauarbeiten wurden aber teils historische H\u00e4user besch\u00e4digt. Nun sollen die Anlieger einen Teil der Reparaturkosten selbst \u00fcbernehmen.<\/p>\n<p class=\"textauthor\">von Maren Bruns<\/p>\n<p class=\"\">Die Stadt argumentiert, dass sie rechtlich an eine Pr\u00fcfung des Haftpflichtschadenausgleichs der Deutschen Gro\u00dfst\u00e4dte (HADG) gebunden ist. Dieses Gutachten habe ergeben, dass die Stadt nicht habe wissen k\u00f6nnen, dass der Boden unter den H\u00e4usern locker ist. Das erkl\u00e4rte Hannovers Wirtschafts- und Umweltdezernentin Anja Ritschel (B\u00fcndnis 90\/die Gr\u00fcne). Demnach sei das bei einem vorab erstellen Bodengutachten nicht ermittelt worden. Deshalb trage die Stadt Hannover nicht die alleinige Schuld an den Sch\u00e4den, so die Versicherung. Ein Drittel m\u00fcssten deshalb die Hauseigent\u00fcmer tragen, &#8222;nicht weil sie auch Schuld haben, sondern weil der Untergrund Teil dessen ist, was in ihrer Verantwortung liegt&#8220;, so Ritschel.<\/p>\n<p>    Eigent\u00fcmer schalten Anwalt ein<\/p>\n<p class=\"\">Nachdem Risse in den W\u00e4nden entstanden, <a href=\"https:\/\/www.ndr.de\/nachrichten\/niedersachsen\/hannover_weser-leinegebiet\/zisternen-projekt-in-hannover-bodensanierung-fuer-gebaeude-noetig,zisterne-100.html\" title=\"Zisternen-Projekt in Hannover: Bodensanierung f\u00fcr Geb\u00e4ude n\u00f6tig\" rel=\"nofollow noopener\" target=\"_blank\">stoppte die Stadt die Bauarbeiten<\/a> und f\u00fcllte Anfang des Jahres entstandene Hohlr\u00e4ume unter den H\u00e4usern. Die Anwohner teilten dem NDR mit, dass sie vor allem \u00fcber die fehlende Kommunikation ver\u00e4rgert seien. &#8222;In der Planungsphase lief das total toll&#8220;, sagt Anlieger Thomas Billerbeck. Umso \u00fcberraschter war er nun, als er einen Brief aus der Rechtsabteilung der Stadt bekam. &#8222;Da wird sich auf eine Rechtsposition zur\u00fcckgezogen. Und das passt \u00fcberhaupt nicht zum bisherigen Tenor.&#8220; Mehrere Hauseigent\u00fcmer haben nun eine Anwaltskanzlei beauftragt. Die will pr\u00fcfen, welche rechtlichen Schritte gegen die Forderung der Stadt eingeleitet werden k\u00f6nnen.<\/p>\n<p>    &#8222;Kommunikation war nicht gut&#8220;<\/p>\n<p class=\"\">Die Stadt wisse inzwischen, dass sich die Anlieger \u00fcber die fehlende Kommunikation \u00e4rgern. &#8222;Das ist uns eine deutliche Lehre&#8220;, so Anja Ritschel. Man wolle mit den Eigent\u00fcmern nun pers\u00f6nlich sprechen, um eine z\u00fcgige Schadensregulierung hinzubekommen. Die Ratsgremien der Stadt haben inzwischen ein zweites technisches Gutachten in die Wege geleitet. Darin soll aufgearbeitet werden, woher die Sch\u00e4den an den Geb\u00e4uden tats\u00e4chlich stammen. Sollte das zu einem anderen Ergebnis kommen als die Pr\u00fcfung des HAGD, k\u00f6nnte sich die Situation \u00e4ndern, so die Wirtschaftsdezernentin. Das k\u00f6nne aber noch Monate dauern.<\/p>\n<p>    Prinzenstra\u00dfe wird weiter ausgebaut<\/p>\n<p class=\"\">Wie hoch die Kosten f\u00fcr die Sch\u00e4den an den H\u00e4usern sind, ist bislang nicht bekannt. Die Stadt sch\u00e4tzt die Summe insgesamt auf einen sechs- bis siebenstelligen Betrag. Die Prinzenstra\u00dfe soll dennoch weiter zu einer an den Klimawandel angepasste Stra\u00dfe umgestaltet werden. Allerdings ohne Zisterne, die das Regenwasser auff\u00e4ngt. Daf\u00fcr mit einer Begr\u00fcnung, neuer Stra\u00dfenbeleuchtung und breiteren Fu\u00dfwegen. Ende 2027 soll sie fertig sein.<\/p>\n<p>        <img decoding=\"async\" src=\"https:\/\/www.europesays.com\/de\/wp-content\/uploads\/2026\/06\/hannover17138.webp\" alt=\"Eingang zum Schauspielhaus Hannover.\" title=\"Eingang zum Schauspielhaus Hannover. | Schauspiel Hannover, Kerstin Schomburg\" class=\"responsive\" loading=\"lazy\"\/><\/p>\n<p>Grund sind Sch\u00e4den an anliegenden H\u00e4usern. Sie sind mutma\u00dflich bei Arbeiten zum Einbau der Regenwasser-Zisterne entstanden.<\/p>\n<p>        Schlagw\u00f6rter zu diesem Artikel<\/p>\n<p>            <a href=\"https:\/\/www.ndr.de\/nachrichten\/niedersachsen\/hannover_weser-leinegebiet\/Hannover-Aktuelle-News-und-Nachrichten,hannover18518.html\" rel=\"nofollow noopener\" target=\"_blank\">Hannover<\/a><\/p>\n","protected":false},"excerpt":{"rendered":"Stand: 08.06.2026 20:27 Uhr In Hannovers Innenstadt sollte eine Zisterne f\u00fcr Regenwasser entstehen. Bei den Bauarbeiten wurden aber&hellip;\n","protected":false},"author":2,"featured_media":1079900,"comment_status":"","ping_status":"","sticky":false,"template":"","format":"standard","meta":{"footnotes":"","_share_on_mastodon":"0"},"categories":[1836],"tags":[590,2081,3364,29,3769,30,46,14,15,1411,84411,4936,117994],"class_list":["post-1079899","post","type-post","status-publish","format-standard","has-post-thumbnail","category-hannover","tag-aktuell","tag-bauarbeiten","tag-de","tag-deutschland","tag-eigentuemer","tag-germany","tag-hannover","tag-nachrichten","tag-news","tag-niedersachsen","tag-prinzenstrasse","tag-schaden","tag-zisterne"],"share_on_mastodon":{"url":"https:\/\/pubeurope.com\/@de\/116716815387358027","error":""},"_links":{"self":[{"href":"https:\/\/www.europesays.com\/de\/wp-json\/wp\/v2\/posts\/1079899","targetHints":{"allow":["GET"]}}],"collection":[{"href":"https:\/\/www.europesays.com\/de\/wp-json\/wp\/v2\/posts"}],"about":[{"href":"https:\/\/www.europesays.com\/de\/wp-json\/wp\/v2\/types\/post"}],"author":[{"embeddable":true,"href":"https:\/\/www.europesays.com\/de\/wp-json\/wp\/v2\/users\/2"}],"replies":[{"embeddable":true,"href":"https:\/\/www.europesays.com\/de\/wp-json\/wp\/v2\/comments?post=1079899"}],"version-history":[{"count":0,"href":"https:\/\/www.europesays.com\/de\/wp-json\/wp\/v2\/posts\/1079899\/revisions"}],"wp:featuredmedia":[{"embeddable":true,"href":"https:\/\/www.europesays.com\/de\/wp-json\/wp\/v2\/media\/1079900"}],"wp:attachment":[{"href":"https:\/\/www.europesays.com\/de\/wp-json\/wp\/v2\/media?parent=1079899"}],"wp:term":[{"taxonomy":"category","embeddable":true,"href":"https:\/\/www.europesays.com\/de\/wp-json\/wp\/v2\/categories?post=1079899"},{"taxonomy":"post_tag","embeddable":true,"href":"https:\/\/www.europesays.com\/de\/wp-json\/wp\/v2\/tags?post=1079899"}],"curies":[{"name":"wp","href":"https:\/\/api.w.org\/{rel}","templated":true}]}}