{"id":1079952,"date":"2026-06-08T22:47:15","date_gmt":"2026-06-08T22:47:15","guid":{"rendered":"https:\/\/www.europesays.com\/de\/1079952\/"},"modified":"2026-06-08T22:47:15","modified_gmt":"2026-06-08T22:47:15","slug":"berlin-zukunftsaengste-das-sind-anlaufstellen-fuer-junge-erwachsene","status":"publish","type":"post","link":"https:\/\/www.europesays.com\/de\/1079952\/","title":{"rendered":"Berlin | Zukunfts\u00e4ngste: Das sind Anlaufstellen f\u00fcr junge Erwachsene"},"content":{"rendered":"<p>Berlin (dpa\/tmn) &#8211; Viele junge Menschen in Deutschland empfinden Zukunfts\u00e4ngste. Neben der weltpolitischen und wirtschaftlichen Lage spielt zum Beispiel auch der zunehmende Einfluss K\u00fcnstlicher Intelligenz eine Rolle. Manche schaffen es aus eigenem Antrieb, aus der Spirale der Angst herauszukommen und f\u00fcr sich L\u00f6sungen zu finden. Andere tun sich damit schwer und ben\u00f6tigen professionelle Hilfe.<\/p>\n<p>\u00abEine m\u00f6gliche Anlaufstelle f\u00fcr Studierende sind die psychologischen Beratungsstellen an den Hochschulen\u00bb, sagt der Berliner Psychologe Ren\u00e9 Tr\u00e4der. Auch psychosoziale Beratungsstellen der Wohlfahrtsverb\u00e4nde Caritas und Diakonie bieten Hilfe.<\/p>\n<p>Weitere m\u00f6gliche Anlaufstellen sind zum Beispiel:\u00a0<\/p>\n<ul class=\"list-normal\">\n<li>Krisenchat: <a href=\"https:\/\/www.krisenchat.de\/\" target=\"_blank\" rel=\"noreferrer nofollow noopener\">www.krisenchat.de<\/a> &#8211; ein Chat-Angebot f\u00fcr junge Erwachsene unter 25<\/li>\n<li>U25 \u2013 Mailberatung: <a href=\"https:\/\/www.u25-deutschland.de\/\" target=\"_blank\" rel=\"noreferrer nofollow noopener\">www.u25-deutschland.de<\/a> &#8211; vertrauliche Mailberatung f\u00fcr unter 25-J\u00e4hrige in Krisen<\/li>\n<li>Telefonseelsorge: <a href=\"https:\/\/www.telefonseelsorge.de\/\" target=\"_blank\" rel=\"noreferrer nofollow noopener\">www.telefonseelsorge.de<\/a> &#8211; rund um die Uhr sind Fachleute auch unter den Rufnummern 0800\/111 0 111, 0800\/111 0 222 oder 116 123 kostenfrei und anonym erreichbar<\/li>\n<li>Angstambulanzen: Eine weitere Anlaufstelle k\u00f6nnen Angstambulanzen von Kliniken sein; daf\u00fcr das Wort \u00abAngstambulanz\u00bb und den eigenen Wohnort in einer Suchmaschine im Internet eingeben.<\/li>\n<\/ul>\n<p>\u00abWer von Zukunftsangst geplagt ist, sollte auch keine Scham haben, psychotherapeutische Hilfe in Anspruch zu nehmen\u00bb, sagt Tr\u00e4der. Erste Anlaufstelle f\u00fcr eine weitere Vermittlung ist in der Regel die haus\u00e4rztliche Praxis.<\/p>\n","protected":false},"excerpt":{"rendered":"Berlin (dpa\/tmn) &#8211; Viele junge Menschen in Deutschland empfinden Zukunfts\u00e4ngste. Neben der weltpolitischen und wirtschaftlichen Lage spielt zum&hellip;\n","protected":false},"author":2,"featured_media":1079953,"comment_status":"","ping_status":"","sticky":false,"template":"","format":"standard","meta":{"footnotes":"","_share_on_mastodon":"0"},"categories":[1825],"tags":[18929,1140,296,630,4941,29,30,141,1635,638,12546,624,229447],"class_list":["post-1079952","post","type-post","status-publish","format-standard","has-post-thumbnail","category-berlin","tag-angst","tag-arbeit","tag-berlin","tag-beruf","tag-cjab","tag-deutschland","tag-germany","tag-gesundheit","tag-jugend","tag-krankheiten","tag-krisen","tag-ratgeber","tag-tmn0351"],"share_on_mastodon":{"url":"https:\/\/pubeurope.com\/@de\/116716925459535161","error":""},"_links":{"self":[{"href":"https:\/\/www.europesays.com\/de\/wp-json\/wp\/v2\/posts\/1079952","targetHints":{"allow":["GET"]}}],"collection":[{"href":"https:\/\/www.europesays.com\/de\/wp-json\/wp\/v2\/posts"}],"about":[{"href":"https:\/\/www.europesays.com\/de\/wp-json\/wp\/v2\/types\/post"}],"author":[{"embeddable":true,"href":"https:\/\/www.europesays.com\/de\/wp-json\/wp\/v2\/users\/2"}],"replies":[{"embeddable":true,"href":"https:\/\/www.europesays.com\/de\/wp-json\/wp\/v2\/comments?post=1079952"}],"version-history":[{"count":0,"href":"https:\/\/www.europesays.com\/de\/wp-json\/wp\/v2\/posts\/1079952\/revisions"}],"wp:featuredmedia":[{"embeddable":true,"href":"https:\/\/www.europesays.com\/de\/wp-json\/wp\/v2\/media\/1079953"}],"wp:attachment":[{"href":"https:\/\/www.europesays.com\/de\/wp-json\/wp\/v2\/media?parent=1079952"}],"wp:term":[{"taxonomy":"category","embeddable":true,"href":"https:\/\/www.europesays.com\/de\/wp-json\/wp\/v2\/categories?post=1079952"},{"taxonomy":"post_tag","embeddable":true,"href":"https:\/\/www.europesays.com\/de\/wp-json\/wp\/v2\/tags?post=1079952"}],"curies":[{"name":"wp","href":"https:\/\/api.w.org\/{rel}","templated":true}]}}