{"id":1079995,"date":"2026-06-08T23:12:27","date_gmt":"2026-06-08T23:12:27","guid":{"rendered":"https:\/\/www.europesays.com\/de\/1079995\/"},"modified":"2026-06-08T23:12:27","modified_gmt":"2026-06-08T23:12:27","slug":"pedelec-unfall-in-ettlingen-verletzt-fussgaengerin-schwer-auf-gehweg","status":"publish","type":"post","link":"https:\/\/www.europesays.com\/de\/1079995\/","title":{"rendered":"Pedelec-Unfall in Ettlingen verletzt Fu\u00dfg\u00e4ngerin schwer auf Gehweg"},"content":{"rendered":"<p class=\"mb-6 text-xs md:text-m lg:text-l font-serif group-[.font-sans]:font-sans \">\n    Ein 70-j\u00e4hriger Pedelec-Fahrer fuhr am Freitag, 5. Juni 2026, eine 94-j\u00e4hrige Fu\u00dfg\u00e4ngerin auf einem Gehweg in Ettlingen von hinten an und verletzte sie schwer. Laut Polizeibericht nutzte der Radfahrer den Gehweg unzul\u00e4ssig.\n  <\/p>\n<p>            Unfall auf der Serwiesenstra\u00dfe in Ettlingen<\/p>\n<p class=\"mb-6 text-xs md:text-m lg:text-l font-serif group-[.font-sans]:font-sans \">\n    Nach aktuellem Ermittlungsstand war die Seniorin gegen 17.40 Uhr mit ihrem Rollator auf dem Gehweg der Serwiesenstra\u00dfe in s\u00fcdwestliche Richtung unterwegs. Im Abschnitt zwischen der Ersigstra\u00dfe und der Reutstra\u00dfe n\u00e4herte sich ihr der 70-J\u00e4hrige auf seinem Pedelec von hinten. Aus bislang ungekl\u00e4rter Ursache stie\u00df er mit der Frau zusammen, die daraufhin zu Boden st\u00fcrzte. Zudem fiel der Pedelec-Fahrer \u00fcber seinen Lenker auf die Fu\u00dfg\u00e4ngerin.\n  <\/p>\n<p>            Rettungswagen bringt 94-J\u00e4hrige ins Krankenhaus<\/p>\n<p class=\"mb-6 text-xs md:text-m lg:text-l font-serif group-[.font-sans]:font-sans \">\n    Ein alarmierter Rettungswagen brachte die 94-J\u00e4hrige mit Verdacht auf eine schwere Beckenverletzung in ein Krankenhaus. Der 70-j\u00e4hrige Fahrer blieb den Ermittlungen zufolge unverletzt. Der entstandene Sachschaden bel\u00e4uft sich auf rund 100 Euro.\n  <\/p>\n<p class=\"mb-6 text-xs md:text-m lg:text-l font-serif group-[.font-sans]:font-sans \">\n    Quelle: Polizei<a href=\"https:\/\/www.presseportal.de\/blaulicht\/pm\/110972\/6290297\" rel=\"nofollow noopener\" target=\"_blank\" class=\"underline \">pr\u00e4sidium Karlsruhe. Hinwei<\/a>s: Diese Meldung wurde unterst\u00fctzt von KI erstellt.\n  <\/p>\n<p>    Dieser Inhalt wird uns zur Verf\u00fcgung gestellt<\/p>\n<p class=\"mb-6 text-xs md:text-m lg:text-l font-serif group-[.font-sans]:font-sans \">\n    Ob Verein, Schule, Kindergarten oder eine andere tolle Initiative aus Karlsruhe und Umgebung \u2013 dieser Beitrag wurde \u00fcber unser Einsendeportal eingereicht. Hier bekommen alle eine B\u00fchne, die etwas zu erz\u00e4hlen haben.\n  <\/p>\n<p class=\"mb-6 text-xs md:text-m lg:text-l font-serif group-[.font-sans]:font-sans \">\n    Texte und Bilder stammen direkt von den Einsenderinnen und Einsendern. Unsere Redaktion pr\u00fcft, was ver\u00f6ffentlicht werden kann. Wir achten zwar auf Fehler, ver\u00e4ndern die Texte aber sonst nur in Ausnahmef\u00e4llen.\n  <\/p>\n<p class=\"mb-6 text-xs md:text-m lg:text-l font-serif group-[.font-sans]:font-sans \">\n    Auch Sie haben etwas Spannendes, Bewegendes oder einfach Sch\u00f6nes zu berichten? Dann machen Sie mit und laden Sie Ihren Beitrag unter <strong class=\"font-bold\"><a href=\"https:\/\/www.ka-news.de\/einsendeportal\" rel=\"nofollow noopener\" target=\"_blank\" class=\"underline \">www.ka-news.de\/einsendeportal<\/a><\/strong> hoch. Wir freuen uns auf Ihre Neuigkeiten!\n  <\/p>\n","protected":false},"excerpt":{"rendered":"Ein 70-j\u00e4hriger Pedelec-Fahrer fuhr am Freitag, 5. Juni 2026, eine 94-j\u00e4hrige Fu\u00dfg\u00e4ngerin auf einem Gehweg in Ettlingen von&hellip;\n","protected":false},"author":2,"featured_media":1036394,"comment_status":"","ping_status":"","sticky":false,"template":"","format":"standard","meta":{"footnotes":"","_share_on_mastodon":"0"},"categories":[1844],"tags":[1634,229455,3364,29,31190,30,8903,1256,27464,121],"class_list":["post-1079995","post","type-post","status-publish","format-standard","has-post-thumbnail","category-karlsruhe","tag-baden-wuerttemberg","tag-beckenverletzung","tag-de","tag-deutschland","tag-ettlingen","tag-germany","tag-karlsruhe","tag-kuenstliche-intelligenz","tag-pedelec","tag-polizei"],"share_on_mastodon":{"url":"https:\/\/pubeurope.com\/@de\/116717023998776526","error":""},"_links":{"self":[{"href":"https:\/\/www.europesays.com\/de\/wp-json\/wp\/v2\/posts\/1079995","targetHints":{"allow":["GET"]}}],"collection":[{"href":"https:\/\/www.europesays.com\/de\/wp-json\/wp\/v2\/posts"}],"about":[{"href":"https:\/\/www.europesays.com\/de\/wp-json\/wp\/v2\/types\/post"}],"author":[{"embeddable":true,"href":"https:\/\/www.europesays.com\/de\/wp-json\/wp\/v2\/users\/2"}],"replies":[{"embeddable":true,"href":"https:\/\/www.europesays.com\/de\/wp-json\/wp\/v2\/comments?post=1079995"}],"version-history":[{"count":0,"href":"https:\/\/www.europesays.com\/de\/wp-json\/wp\/v2\/posts\/1079995\/revisions"}],"wp:featuredmedia":[{"embeddable":true,"href":"https:\/\/www.europesays.com\/de\/wp-json\/wp\/v2\/media\/1036394"}],"wp:attachment":[{"href":"https:\/\/www.europesays.com\/de\/wp-json\/wp\/v2\/media?parent=1079995"}],"wp:term":[{"taxonomy":"category","embeddable":true,"href":"https:\/\/www.europesays.com\/de\/wp-json\/wp\/v2\/categories?post=1079995"},{"taxonomy":"post_tag","embeddable":true,"href":"https:\/\/www.europesays.com\/de\/wp-json\/wp\/v2\/tags?post=1079995"}],"curies":[{"name":"wp","href":"https:\/\/api.w.org\/{rel}","templated":true}]}}