{"id":1080004,"date":"2026-06-08T23:17:37","date_gmt":"2026-06-08T23:17:37","guid":{"rendered":"https:\/\/www.europesays.com\/de\/1080004\/"},"modified":"2026-06-08T23:17:37","modified_gmt":"2026-06-08T23:17:37","slug":"fahrraddieb-kommt-mit-gestohlenem-rad-zum-tatort-2","status":"publish","type":"post","link":"https:\/\/www.europesays.com\/de\/1080004\/","title":{"rendered":"Fahrraddieb kommt mit gestohlenem Rad zum Tatort"},"content":{"rendered":"<p id=\"absatz1\" class=\"em_text\">Bielefeld (ots) &#8211; <br \/>MK \/ Bielefeld &#8211; Oldentrup &#8211; Am Samstagnachmittag, 06.06.2026, fiel ein Fahrraddieb an einem Supermarkt an der Bunzlauer Stra\u00dfe auf. Der Bielefelder war mit einem gestohlenen Mountainbike zu dem Gesch\u00e4ft gefahren und wollte ein Pedelec stehlen.<\/p>\n<p id=\"absatz2\" class=\"em_text\">Der 39-J\u00e4hrige wurde gegen 17:15 Uhr von einem Ladendetektiv des Supermarkts gestoppt, als er ein ausgestelltes Pedelec der Marke Prophete vor dem Geb\u00e4ude stehlen wollte. An dem Zweirad befanden sich noch Zubeh\u00f6rteile und ein Verkaufsschild. Hinzugerufene Streifenbeamte erkannten bei der Kontrolle des Tatverd\u00e4chtigen, dass sein benutztes Fahrrad in Erfurt gestohlen wurde. Der 39-J\u00e4hrige gab an, das Fahrrad von einer Privatperson gekauft zu haben. Die Beamten stellten das gestohlene Rad sicher und zeigten den Mann wegen Fahrraddiebstahls an.<\/p>\n<p id=\"absatz4\" class=\"em_text\">Quelle: <a href=\"https:\/\/www.presseportal.de\/blaulicht\/pm\/12522\/6290270\" rel=\"nofollow noopener\" target=\"_blank\">https:\/\/www.presseportal.de\/blaulicht\/pm\/12522\/6290270<\/a><\/p>\n","protected":false},"excerpt":{"rendered":"Bielefeld (ots) &#8211; MK \/ Bielefeld &#8211; Oldentrup &#8211; Am Samstagnachmittag, 06.06.2026, fiel ein Fahrraddieb an einem Supermarkt&hellip;\n","protected":false},"author":2,"featured_media":215667,"comment_status":"","ping_status":"","sticky":false,"template":"","format":"standard","meta":{"footnotes":"","_share_on_mastodon":"0"},"categories":[1841],"tags":[1605,229457,3364,29,1234,30,1584,1209,176,35780,27464,121,20035,925,218],"class_list":["post-1080004","post","type-post","status-publish","format-standard","has-post-thumbnail","category-bielefeld","tag-bielefeld","tag-bunzlauer-strasse","tag-de","tag-deutschland","tag-fahrrad","tag-germany","tag-kriminalitaet","tag-nordrhein-westfalen","tag-nrw","tag-oldentrup","tag-pedelec","tag-polizei","tag-serie_polizeibericht","tag-supermarkt","tag-tatort"],"share_on_mastodon":{"url":"https:\/\/pubeurope.com\/@de\/116717043586381925","error":""},"_links":{"self":[{"href":"https:\/\/www.europesays.com\/de\/wp-json\/wp\/v2\/posts\/1080004","targetHints":{"allow":["GET"]}}],"collection":[{"href":"https:\/\/www.europesays.com\/de\/wp-json\/wp\/v2\/posts"}],"about":[{"href":"https:\/\/www.europesays.com\/de\/wp-json\/wp\/v2\/types\/post"}],"author":[{"embeddable":true,"href":"https:\/\/www.europesays.com\/de\/wp-json\/wp\/v2\/users\/2"}],"replies":[{"embeddable":true,"href":"https:\/\/www.europesays.com\/de\/wp-json\/wp\/v2\/comments?post=1080004"}],"version-history":[{"count":0,"href":"https:\/\/www.europesays.com\/de\/wp-json\/wp\/v2\/posts\/1080004\/revisions"}],"wp:featuredmedia":[{"embeddable":true,"href":"https:\/\/www.europesays.com\/de\/wp-json\/wp\/v2\/media\/215667"}],"wp:attachment":[{"href":"https:\/\/www.europesays.com\/de\/wp-json\/wp\/v2\/media?parent=1080004"}],"wp:term":[{"taxonomy":"category","embeddable":true,"href":"https:\/\/www.europesays.com\/de\/wp-json\/wp\/v2\/categories?post=1080004"},{"taxonomy":"post_tag","embeddable":true,"href":"https:\/\/www.europesays.com\/de\/wp-json\/wp\/v2\/tags?post=1080004"}],"curies":[{"name":"wp","href":"https:\/\/api.w.org\/{rel}","templated":true}]}}