{"id":1080016,"date":"2026-06-08T23:25:23","date_gmt":"2026-06-08T23:25:23","guid":{"rendered":"https:\/\/www.europesays.com\/de\/1080016\/"},"modified":"2026-06-08T23:25:23","modified_gmt":"2026-06-08T23:25:23","slug":"fussball-wm-bedenken-am-flughafen-usa-verweigern-schiedsrichter-die-einreise","status":"publish","type":"post","link":"https:\/\/www.europesays.com\/de\/1080016\/","title":{"rendered":"Fu\u00dfball-WM: Bedenken am Flughafen \u2013 USA verweigern Schiedsrichter die Einreise"},"content":{"rendered":"<p>Ein f\u00fcr die WM vorgesehener Schiedsrichter aus Somalia scheitert an der Einreise in die USA. Es habe \u201eBedenken\u201c gegeben, teilt die Grenzschutzbeh\u00f6rde mit. Dabei habe er laut Aussagen eines Beraters ein g\u00fcltiges Visum gehabt.<\/p>\n<p class=\"is-first-paragraph\" data-external=\"Article.FirstParagraph\">Die USA haben dem f\u00fcr die Fu\u00dfball-WM vorgesehenen Schiedsrichter Omar Artan aus Somalia die Einreise verweigert. Die Grenzschutzbeh\u00f6rde CBP habe entschieden, dass ein Reisender aus Somalia, \u201eein Schiedsrichter f\u00fcr die Fifa-Weltmeisterschaft, aufgrund von Bedenken im Rahmen der Sicherheits\u00fcberpr\u00fcfung nicht Einreise berechtigt war, und ihm wurde die Einreise verweigert\u201c, hie\u00df es in einer Stellungnahme. Artan wurde nicht namentlich genannt, ist aber der einzige WM-Schiedsrichter aus Somalia. <\/p>\n<p>Artan wollte den Angaben zufolge von Istanbul kommend am Samstag in Miami in die USA einreisen. Dabei sei eine weitergehende \u00dcberpr\u00fcfung f\u00fcr notwendig erachtet worden. Die Gr\u00fcnde daf\u00fcr blieben zun\u00e4chst unklar. Artan habe ein g\u00fcltiges Visum f\u00fcr die USA gehabt, sagte Ciise Aden Abshir, fr\u00fcherer Kapit\u00e4n der somalischen Nationalmannschaft und jetziger Berater des Sportministeriums. Der <a class=\"is-link c-block-items__link c-link--rich-text-renderer\" href=\"https:\/\/www.welt.de\/themen\/schiedsrichter\/\" data-internal-tracking-enabled=\"true\" data-internal-tracking=\"{&quot;action&quot;:&quot;click&quot;,&quot;label&quot;:&quot;link&quot;,&quot;name&quot;:&quot;Inline Element&quot;,&quot;data&quot;:{&quot;source&quot;:&quot;&quot;,&quot;target&quot;:&quot;https:\/\/www.welt.de\/themen\/schiedsrichter\/&quot;,&quot;trackingName&quot;:&quot;&quot;,&quot;trackingLabel&quot;:&quot;&quot;}}\" rel=\"nofollow noopener\" target=\"_blank\">Schiedsrichter<\/a> sei nach der gescheiterten Einreise nach Istanbul zur\u00fcckgeflogen. <\/p>\n<p>Jede Einreiseerlaubnis sei eine Einzelfallentscheidung und Beamte seien befugt, Reisende zu befragen, zu durchsuchen und Entscheidungen im Einklang mit den Gesetzen der USA zu treffen, hie\u00df es von der CBP.<\/p>\n<p>Die Fifa best\u00e4tigte den Vorfall in einer Stellungnahme und teilte laut \u201eThe Athletic\u201c mit: \u201eDie <a class=\"is-link c-block-items__link c-link--rich-text-renderer\" href=\"https:\/\/www.welt.de\/themen\/fifa\/\" data-internal-tracking-enabled=\"true\" data-internal-tracking=\"{&quot;action&quot;:&quot;click&quot;,&quot;label&quot;:&quot;link&quot;,&quot;name&quot;:&quot;Inline Element&quot;,&quot;data&quot;:{&quot;source&quot;:&quot;&quot;,&quot;target&quot;:&quot;https:\/\/www.welt.de\/themen\/fifa\/&quot;,&quot;trackingName&quot;:&quot;&quot;,&quot;trackingLabel&quot;:&quot;&quot;}}\" rel=\"nofollow noopener\" target=\"_blank\">Fifa<\/a> ist nicht an den Einwanderungsverfahren des Gastgeberlandes beteiligt, einschlie\u00dflich der Entscheidung \u00fcber Visaantr\u00e4ge, und wurde von den Beh\u00f6rden dar\u00fcber informiert, dass sich der Status von Herrn Artan derzeit nicht \u00e4ndern wird.\u201c<\/p>\n<p>Irakischer St\u00fcrmer stundenlang befragt<\/p>\n<p>In einem am Montag ver\u00f6ffentlichten Beitrag von Al Jazeera sprach Artan noch \u00fcber seine Vorfreude \u00fcber die WM. \u201eEs ist f\u00fcr mich eine gro\u00dfe Ehre, als erster Somali dabei zu sein\u201c, sagte er. \u201eIch hoffe, ich werde dort fantastisch sein.\u201c Artan h\u00e4tte als erster Referee seines Landes bei einer WM zum Einsatz kommen sollen. Der 34-J\u00e4hrige geh\u00f6rte zu den insgesamt 52 Schiedsrichtern, die von der Fifa f\u00fcr das Turnier nominiert wurden.<\/p>\n<p>Zuvor war bereits bekanntgeworden, dass der irakische St\u00fcrmer Aymen Hussein mehrere Stunden lang von der Grenzschutzbeh\u00f6rde befragt wurde, als er am Freitag in Chicago in die USA einreisen wollte. <\/p>\n<p>\u201eNach der Kontrolle wurde einem Reisenden die Einreise in die Vereinigten Staaten gestattet\u201c, hie\u00df es von der CBP nach Angaben von \u201eThe Athletic\u201c. \u201eDer zweite Reisende, ein Fotograf und kein Spieler der Mannschaft, wurde aufgrund von Bedenken im Rahmen der Sicherheits\u00fcberpr\u00fcfung als nicht Einreise berechtigt eingestuft und ihm wurde die Einreise verweigert.\u201c<\/p>\n<p>dpa\/AFP\/luwi<\/p>\n","protected":false},"excerpt":{"rendered":"Ein f\u00fcr die WM vorgesehener Schiedsrichter aus Somalia scheitert an der Einreise in die USA. Es habe \u201eBedenken\u201c&hellip;\n","protected":false},"author":2,"featured_media":1080017,"comment_status":"","ping_status":"","sticky":false,"template":"","format":"standard","meta":{"footnotes":"","_share_on_mastodon":"0"},"categories":[3977],"tags":[331,332,131969,38029,13,14,15,482,12,45,4017,4018,4016,64,4019,4020,98228,227052],"class_list":["post-1080016","post","type-post","status-publish","format-standard","has-post-thumbnail","category-usa","tag-aktuelle-nachrichten","tag-aktuelle-news","tag-einreisebestimmungen-ks","tag-fussball-wm-2026","tag-headlines","tag-nachrichten","tag-news","tag-schiedsrichter","tag-schlagzeilen","tag-texttospeech","tag-united-states","tag-united-states-of-america","tag-us","tag-usa","tag-vereinigte-staaten","tag-vereinigte-staaten-von-amerika","tag-visa-ks","tag-wm-2026-ad"],"share_on_mastodon":{"url":"https:\/\/pubeurope.com\/@de\/116717074925543644","error":""},"_links":{"self":[{"href":"https:\/\/www.europesays.com\/de\/wp-json\/wp\/v2\/posts\/1080016","targetHints":{"allow":["GET"]}}],"collection":[{"href":"https:\/\/www.europesays.com\/de\/wp-json\/wp\/v2\/posts"}],"about":[{"href":"https:\/\/www.europesays.com\/de\/wp-json\/wp\/v2\/types\/post"}],"author":[{"embeddable":true,"href":"https:\/\/www.europesays.com\/de\/wp-json\/wp\/v2\/users\/2"}],"replies":[{"embeddable":true,"href":"https:\/\/www.europesays.com\/de\/wp-json\/wp\/v2\/comments?post=1080016"}],"version-history":[{"count":0,"href":"https:\/\/www.europesays.com\/de\/wp-json\/wp\/v2\/posts\/1080016\/revisions"}],"wp:featuredmedia":[{"embeddable":true,"href":"https:\/\/www.europesays.com\/de\/wp-json\/wp\/v2\/media\/1080017"}],"wp:attachment":[{"href":"https:\/\/www.europesays.com\/de\/wp-json\/wp\/v2\/media?parent=1080016"}],"wp:term":[{"taxonomy":"category","embeddable":true,"href":"https:\/\/www.europesays.com\/de\/wp-json\/wp\/v2\/categories?post=1080016"},{"taxonomy":"post_tag","embeddable":true,"href":"https:\/\/www.europesays.com\/de\/wp-json\/wp\/v2\/tags?post=1080016"}],"curies":[{"name":"wp","href":"https:\/\/api.w.org\/{rel}","templated":true}]}}