{"id":108026,"date":"2025-05-13T18:52:10","date_gmt":"2025-05-13T18:52:10","guid":{"rendered":"https:\/\/www.europesays.com\/de\/108026\/"},"modified":"2025-05-13T18:52:10","modified_gmt":"2025-05-13T18:52:10","slug":"deutsch-israelische-beziehungen-steinmeier-verteidigt-treffen-mit-netanjahu-waehrend-israelbesuchs","status":"publish","type":"post","link":"https:\/\/www.europesays.com\/de\/108026\/","title":{"rendered":"Deutsch-israelische Beziehungen: Steinmeier verteidigt Treffen mit Netanjahu w\u00e4hrend Israelbesuchs"},"content":{"rendered":"<p class=\"paragraph article__item\">Bundespr\u00e4sident <a href=\"https:\/\/www.zeit.de\/thema\/frank-walter-steinmeier\" class=\"\" target=\"_blank\" rel=\"nofollow noopener\">Frank-Walter Steinmeier<\/a> ist zu einem zweit\u00e4gigen Besuch in <a class=\"rtr-entity\" href=\"https:\/\/www.zeit.de\/politik\/ausland\/2023-12\/news-israel-gaza-krieg-live\" rel=\"nofollow noopener\" target=\"_blank\">Israel<\/a> angekommen. Am Mittag landete er auf dem Flughafen Ben Gurion in <a href=\"https:\/\/www.zeit.de\/thema\/tel-aviv\" class=\"\" target=\"_blank\" rel=\"nofollow noopener\">Tel Aviv<\/a>, wo ihn Israels Pr\u00e4sident Izchak Herzog mit milit\u00e4rischen Ehren begr\u00fc\u00dfte. Herzog war am Vortag in Berlin gewesen und Steinmeier am Morgen<br \/>\nvorausgeflogen. Mit dem Doppelbesuch w\u00fcrdigen beide Staaten die Aufnahme<br \/>\n diplomatischer Beziehungen vor 60 Jahren. <\/p>\n<p class=\"paragraph article__item\">In <a href=\"https:\/\/www.zeit.de\/thema\/jerusalem\" class=\"\" target=\"_blank\" rel=\"nofollow noopener\">Jerusalem<\/a> besuchten Steinmeier und Herzog die Nationalbibliothek<br \/>\nIsraels. Sp\u00e4ter will sich der <a class=\"rtr-entity\" href=\"https:\/\/www.zeit.de\/thema\/bundespraesident\" rel=\"nofollow noopener\" target=\"_blank\">Bundespr\u00e4sident<\/a> dann mit Ministerpr\u00e4sident <a href=\"https:\/\/www.zeit.de\/thema\/benjamin-netanjahu\" class=\"\" target=\"_blank\" rel=\"nofollow noopener\">Benjamin Netanjahu<\/a> treffen.\n<\/p>\n<p class=\"paragraph article__item\">Mit Blick auf den Krieg im <a href=\"https:\/\/www.zeit.de\/thema\/gazastreifen\" class=\"\" target=\"_blank\" rel=\"nofollow noopener\">Gazastreifen<\/a> hatte Steinmeier beim Treffen mit Herzog in Berlin an <a href=\"https:\/\/www.zeit.de\/thema\/israel\" class=\"\" target=\"_blank\" rel=\"nofollow noopener\">Israel<\/a><br \/>\n appelliert, umgehend wieder Hilfslieferungen f\u00fcr die Not leidende<br \/>\nBev\u00f6lkerung zuzulassen und bei der Kriegsf\u00fchrung das humanit\u00e4re<br \/>\nV\u00f6lkerrecht einzuhalten. &#8222;Die Feinde Israels halten sich nicht an<br \/>\nRegeln, aber wir m\u00fcssen es tun&#8220;, sagte Steinmeier in seiner Tischrede<br \/>\nbei einem Staatsbankett am Abend. &#8222;Ohne die Suche nach Frieden werden<br \/>\nKrieg und Besatzung ein Leid ohne Ende.&#8220; Zugleich verwies er auf das<br \/>\nRecht Israels zur Selbstverteidigung.\n<\/p>\n<p>        Treffen mit Netanjahu l\u00f6st Kritik aus        <\/p>\n<p class=\"paragraph article__item\">Trotz lauter Kritik verteidigte Steinmeier ein Treffen mit Israels Ministerpr\u00e4sidenten <a class=\"rtr-entity\" href=\"https:\/\/www.zeit.de\/thema\/benjamin-netanjahu\" rel=\"nofollow noopener\" target=\"_blank\">Benjamin Netanjahu<\/a> in Jerusalem. Er betonte die Notwendigkeit eines engen Dialogs auch bei tiefgreifenden politischen Differenzen. &#8222;Es w\u00e4re doch das Einfachste f\u00fcr einen Politiker, schwierigen Gespr\u00e4chen aus dem Weg zu gehen&#8220;, sagte er.\n<\/p>\n<p class=\"paragraph article__item\">Das geplante Treffen mit\u00a0Netanjahu hatte in Deutschland f\u00fcr Kritik gesorgt, da gegen Netanjahu <a href=\"https:\/\/www.zeit.de\/politik\/2024-11\/internationaler-strafgerichtshof-haftbefehle-benjamin-netanjahu-kriegsverbrechen-was-jetzt-videopodcast\" class=\"\" target=\"_blank\" rel=\"nofollow noopener\">ein Haftbefehl des Internationalen Strafgerichtshofs wegen mutma\u00dflicher Kriegsverbrechen im Gazastreifen<\/a> vorliegt. Menschenrechtsorganisationen wie <a href=\"https:\/\/www.zeit.de\/thema\/amnesty-international\" class=\"\" target=\"_blank\" rel=\"nofollow noopener\">Amnesty International<\/a> hatten den Bundespr\u00e4sidenten aufgefordert, das Treffen abzusagen. Amnesty-Generalsekret\u00e4rin Julia Duchrow bezeichnete den Besuch als &#8222;unn\u00f6tige Handreichung&#8220; f\u00fcr Netanjahu und als &#8222;Affront gegen\u00fcber den Opfern&#8220; der israelischen Offensive.\n<\/p>\n<p>                            \u00a9\u00a0Lea Dohle<\/p>\n<p>\n                    Newsletter<\/p>\n<p>                    Was jetzt? \u2013 Der t\u00e4gliche Morgen\u00fcberblick<\/p>\n<p class=\"newsletter-signup__text\">Starten Sie mit unserem kurzen Nachrichten-Newsletter in den Tag. Erhalten Sie zudem freitags den US-Sonderletter &#8222;Was jetzt, America?&#8220; sowie das digitale Magazin ZEIT am Wochenende.<\/p>\n<p class=\"newsletter-signup__datapolicy\" hidden=\"\">\n            Mit Ihrer Registrierung nehmen Sie die <a href=\"https:\/\/datenschutz.zeit.de\/zon#Newsletter\" target=\"_blank\" rel=\"nofollow noopener\">Datenschutzerkl\u00e4rung<\/a> zur Kenntnis.\n        <\/p>\n<p>    Vielen Dank! Wir haben Ihnen eine E-Mail geschickt.<\/p>\n<p>Pr\u00fcfen Sie Ihr Postfach und best\u00e4tigen Sie das Newsletter-Abonnement.<\/p>\n<p class=\"paragraph article__item\">Steinmeier wies diese Kritik zur\u00fcck und bezeichnete sie als &#8222;sehr einfach&#8220;. Sein Besuch finde in einer Zeit statt, &#8222;die f\u00fcr Israel schwierig ist, die aber auch f\u00fcr die Freunde Israels Fragen aufwirft&#8220;, sagte er. Er werde in seinen Gespr\u00e4chen auch die Kriegsf\u00fchrung Israels sowie deren Folgen ansprechen. Zudem erwarte er von der israelischen Regierung Ausk\u00fcnfte \u00fcber deren mittel- und langfristige Pl\u00e4ne in den pal\u00e4stinensischen Gebieten.\n<\/p>\n<p>                        Steinmeier will Kibbuz besuchen, den Hamas angegriffen hatte        <\/p>\n<p class=\"paragraph article__item\">Am Mittwoch will der Bundespr\u00e4sident gemeinsam mit Herzog den Kibbuz Be&#8217;eri nahe der Grenze zum Gazastreifen besuchen. Die Hamas hatte den Kibbuz bei ihrem \u00dcberfall am 7. Oktober 2023 angegriffen. Von den etwa 1.300 Bewohnerinnen und Bewohnern wurden damals nach israelischen Angaben etwa 130 get\u00f6tet und 50 weitere verschleppt. <\/p>\n<p class=\"paragraph article__item\">Steinmeier hatte den Kibbuz bereits kurz nach dem Hamas-\u00dcberfall besucht und deutsche Hilfen in H\u00f6he von sieben Millionen Euro f\u00fcr den Wiederaufbau zugesagt. Am Mittwoch will er sich mit dem Besuch ein Bild vom Fortgang des Wiederaufbaus machen.\n<\/p>\n<p class=\"paragraph article__item\"><a href=\"https:\/\/www.zeit.de\/politik\/ausland\/2025-04\/krieg-gaza-israel-liveblog\" class=\"\" target=\"_blank\" rel=\"nofollow noopener\">Lesen Sie in unserem Liveblog alle aktuellen Entwicklungen zum Konflikt in Nahost<\/a>.\n<\/p>\n<p>            Israel        <\/p>\n<p>Mehr zum Thema<\/p>\n<p>                <a href=\"https:\/\/www.zeit.de\/politik\/ausland\/2025-05\/drusen-golanhoehen-israel-syrien-konflikt-bevoelkerung-sicherheit\" data-ct-label=\"Drusen in Israel: Ein Paradies in Angst\" rel=\"nofollow noopener\" target=\"_blank\"><\/p>\n<p>                        Drusen in Israel:<br \/>\n                        Ein Paradies in Angst<\/p>\n<p>                <\/a><\/p>\n<p>                <a href=\"https:\/\/www.zeit.de\/2025\/19\/beziehungen-israel-deutschland-diplomatie-60-jahre-nahostkonflikt\" data-ct-label=\"Beziehungen zwischen Israel und Deutschland: Wir sprechen unterschiedliche Sprachen\" rel=\"nofollow noopener\" target=\"_blank\"><\/p>\n<p>                        Beziehungen zwischen Israel und Deutschland:<br \/>\n                        Wir sprechen unterschiedliche Sprachen<\/p>\n<p>                <\/a><\/p>\n<p>                <a href=\"https:\/\/www.zeit.de\/politik\/ausland\/2025-05\/johann-wadephul-bundesaussenminister-antrittsbesuch-israel-gaza\" data-ct-label=\"Au\u00dfenminister in Israel: Wadephuls schwieriger Tanz\" rel=\"nofollow noopener\" target=\"_blank\"><\/p>\n<p>                        Au\u00dfenminister in Israel:<br \/>\n                        Wadephuls schwieriger Tanz<\/p>\n<p>                <\/a><\/p>\n","protected":false},"excerpt":{"rendered":"Bundespr\u00e4sident Frank-Walter Steinmeier ist zu einem zweit\u00e4gigen Besuch in Israel angekommen. Am Mittag landete er auf dem Flughafen&hellip;\n","protected":false},"author":2,"featured_media":108027,"comment_status":"","ping_status":"","sticky":false,"template":"","format":"standard","meta":{"footnotes":""},"categories":[2],"tags":[499,14489,42443,29,14488,30,1724,13,411,30730,3009,14,15,12,10,8,9,11],"class_list":{"0":"post-108026","1":"post","2":"type-post","3":"status-publish","4":"format-standard","5":"has-post-thumbnail","7":"category-deutschland","8":"tag-benjamin-netanjahu","9":"tag-bundespraesident","10":"tag-deutsch-israelische-beziehungen","11":"tag-deutschland","12":"tag-frank-walter-steinmeier","13":"tag-germany","14":"tag-gesellschaft","15":"tag-headlines","16":"tag-israel","17":"tag-jerusalem","18":"tag-jubilaeum","19":"tag-nachrichten","20":"tag-news","21":"tag-schlagzeilen","22":"tag-top-news","23":"tag-top-meldungen","24":"tag-topmeldungen","25":"tag-topnews"},"share_on_mastodon":{"url":"https:\/\/pubeurope.com\/@de\/114502037860475060","error":""},"_links":{"self":[{"href":"https:\/\/www.europesays.com\/de\/wp-json\/wp\/v2\/posts\/108026","targetHints":{"allow":["GET"]}}],"collection":[{"href":"https:\/\/www.europesays.com\/de\/wp-json\/wp\/v2\/posts"}],"about":[{"href":"https:\/\/www.europesays.com\/de\/wp-json\/wp\/v2\/types\/post"}],"author":[{"embeddable":true,"href":"https:\/\/www.europesays.com\/de\/wp-json\/wp\/v2\/users\/2"}],"replies":[{"embeddable":true,"href":"https:\/\/www.europesays.com\/de\/wp-json\/wp\/v2\/comments?post=108026"}],"version-history":[{"count":0,"href":"https:\/\/www.europesays.com\/de\/wp-json\/wp\/v2\/posts\/108026\/revisions"}],"wp:featuredmedia":[{"embeddable":true,"href":"https:\/\/www.europesays.com\/de\/wp-json\/wp\/v2\/media\/108027"}],"wp:attachment":[{"href":"https:\/\/www.europesays.com\/de\/wp-json\/wp\/v2\/media?parent=108026"}],"wp:term":[{"taxonomy":"category","embeddable":true,"href":"https:\/\/www.europesays.com\/de\/wp-json\/wp\/v2\/categories?post=108026"},{"taxonomy":"post_tag","embeddable":true,"href":"https:\/\/www.europesays.com\/de\/wp-json\/wp\/v2\/tags?post=108026"}],"curies":[{"name":"wp","href":"https:\/\/api.w.org\/{rel}","templated":true}]}}